{"id":57494,"date":"2025-11-08T08:31:05","date_gmt":"2025-11-08T11:31:05","guid":{"rendered":"https:\/\/maxradio923.com.ar\/index.php\/2025\/11\/08\/1103impactante-choque-frontal-en-el-puente-avellaneda-hay-tres-jovenes-internados-en-grave-estado\/"},"modified":"2025-11-08T08:31:05","modified_gmt":"2025-11-08T11:31:05","slug":"1103impactante-choque-frontal-en-el-puente-avellaneda-hay-tres-jovenes-internados-en-grave-estado","status":"publish","type":"post","link":"https:\/\/maxradio923.com.ar\/index.php\/2025\/11\/08\/1103impactante-choque-frontal-en-el-puente-avellaneda-hay-tres-jovenes-internados-en-grave-estado\/","title":{"rendered":"11:03Impactante choque frontal en el puente Avellaneda: hay tres j\u00f3venes internados en grave estado"},"content":{"rendered":"<p><\/p>\n<h2 class=\"article-subheadline text_align_left\">El accidente entre dos autos ocurri\u00f3 en la subida del paso sobre nivel a la altura de la calle Su\u00e1rez. Est\u00e1 cortada la circulaci\u00f3n. Las v\u00edctimas, de entre 30 y 40 a\u00f1os, fueron trasladadas al Hospital Argerich, con politraumatismos<\/h2>\n<p><\/p>\n<p class=\"paragraph\">Un violento choque frontal en el<b> puente Nicol\u00e1s Avellaneda<\/b> dej\u00f3 esta ma\u00f1ana a <b>dos hombres y una mujer <\/b>internados en grave estado en el <b>Hospital Argerich<\/b>.<\/p>\n<p><\/p>\n<p class=\"paragraph\">En el segundo veh\u00edculo, marca <b>Nissan modelo Tiida<\/b>, hab\u00eda otro hombre adulto en<b> estado inconsciente pero con signos vitales<\/b>. Fue trasladado al citado nosocomio con politraumatismos. En dicho rodado tambi\u00e9n hab\u00eda una mujer mayor de edad, tambi\u00e9n en estado inconsciente. La guardia de Bomberos realiz\u00f3 las <b>\u00faltimas maniobras a fin de liberarla <\/b>y tambi\u00e9n fue derivada al Argerich, con politraumatismos.<\/p>\n<p><\/p>\n<p class=\"paragraph\">La colisi\u00f3n se produjo en el tramo del puente que conecta la zona sur del conurbano bonaerense con la ciudad de Buenos Aires, <b>a pocos metros de la subida por Almirante Brown<\/b>, ya casi sobre el puente Nicol\u00e1s Avellaneda. <\/p>\n<p><\/p>\n<p class=\"paragraph\">Los dos autom\u00f3viles impactaron de frente en el centro de la calzada, en un sector donde la circulaci\u00f3n es de mano y contramano. Las trompas de ambos veh\u00edculos quedaron completamente destruidas, con los motores replegados por la fuerza del impacto. <\/p>\n<p><\/p>\n<p class=\"paragraph\">Uno de los autos result\u00f3 m\u00e1s da\u00f1ado que el otro, pero en ambos casos la magnitud del choque fue tal que dos de los ocupantes quedaron atrapados y fueron rescatados por Bomberos.<b> \u201cNo se entiende lo que han querido hacer, mano y contramano. Lo cierto es que chocaron, colisionaron de frente\u201d<\/b>, relat\u00f3 un testigo a los medios. <\/p>\n<p><\/p>\n<p class=\"paragraph\">Las condiciones de la calzada, h\u00fameda por la lluvia, podr\u00edan haber influido en el desenlace, aunque no se descarta la posibilidad de una falla mec\u00e1nica, una mala maniobra o una distracci\u00f3n al volante. <\/p>\n","protected":false},"excerpt":{"rendered":"<p>El accidente entre dos autos ocurri\u00f3 en la subida del paso sobre nivel a la altura de la calle Su\u00e1rez. Est\u00e1 cortada la circulaci\u00f3n. Las v\u00edctimas, de entre 30 y 40 a\u00f1os, fueron trasladadas al Hospital Argerich, con politraumatismos Un violento choque frontal en el puente Nicol\u00e1s Avellaneda dej\u00f3 esta ma\u00f1ana a dos hombres y [&hellip;]<\/p>\n","protected":false},"author":2,"featured_media":57495,"comment_status":"","ping_status":"","sticky":false,"template":"","format":"standard","meta":{"footnotes":""},"categories":[12],"tags":[],"_links":{"self":[{"href":"https:\/\/maxradio923.com.ar\/index.php\/wp-json\/wp\/v2\/posts\/57494"}],"collection":[{"href":"https:\/\/maxradio923.com.ar\/index.php\/wp-json\/wp\/v2\/posts"}],"about":[{"href":"https:\/\/maxradio923.com.ar\/index.php\/wp-json\/wp\/v2\/types\/post"}],"author":[{"embeddable":true,"href":"https:\/\/maxradio923.com.ar\/index.php\/wp-json\/wp\/v2\/users\/2"}],"replies":[{"embeddable":true,"href":"https:\/\/maxradio923.com.ar\/index.php\/wp-json\/wp\/v2\/comments?post=57494"}],"version-history":[{"count":0,"href":"https:\/\/maxradio923.com.ar\/index.php\/wp-json\/wp\/v2\/posts\/57494\/revisions"}],"wp:featuredmedia":[{"embeddable":true,"href":"https:\/\/maxradio923.com.ar\/index.php\/wp-json\/wp\/v2\/media\/57495"}],"wp:attachment":[{"href":"https:\/\/maxradio923.com.ar\/index.php\/wp-json\/wp\/v2\/media?parent=57494"}],"wp:term":[{"taxonomy":"category","embeddable":true,"href":"https:\/\/maxradio923.com.ar\/index.php\/wp-json\/wp\/v2\/categories?post=57494"},{"taxonomy":"post_tag","embeddable":true,"href":"https:\/\/maxradio923.com.ar\/index.php\/wp-json\/wp\/v2\/tags?post=57494"}],"curies":[{"name":"wp","href":"https:\/\/api.w.org\/{rel}","templated":true}]}}