{"id":57492,"date":"2025-11-08T08:24:03","date_gmt":"2025-11-08T11:24:03","guid":{"rendered":"https:\/\/maxradio923.com.ar\/index.php\/2025\/11\/08\/franco-colapinto-largara-16-la-sprint-del-gran-premio-de-brasil-hora-tv-y-todo-lo-que-hay-que-saber\/"},"modified":"2025-11-08T08:24:03","modified_gmt":"2025-11-08T11:24:03","slug":"franco-colapinto-largara-16-la-sprint-del-gran-premio-de-brasil-hora-tv-y-todo-lo-que-hay-que-saber","status":"publish","type":"post","link":"https:\/\/maxradio923.com.ar\/index.php\/2025\/11\/08\/franco-colapinto-largara-16-la-sprint-del-gran-premio-de-brasil-hora-tv-y-todo-lo-que-hay-que-saber\/","title":{"rendered":"Franco Colapinto largar\u00e1 16\u00b0 la Sprint del Gran Premio de Brasil: hora, TV y todo lo que hay que saber"},"content":{"rendered":"<p><\/p>\n<div style=\"grid-area:content-0\">\n<p class=\"paragraph\">El corredor argentino se estren\u00f3 en la s\u00e9ptima fecha con un 16\u00b0 lugar en el Gran Premio italiano de Emilia-Roma\u00f1a. Luego estuvo en M\u00f3naco (13\u00b0), Espa\u00f1a (15\u00b0), Canad\u00e1 (13\u00b0), Austria (15\u00b0), Gran Breta\u00f1a (no pudo largar), B\u00e9lgica (fue 19\u00b0 tanto en la Sprint como en la principal) y Hungr\u00eda (18\u00b0), donde padeci\u00f3 los serios problemas que tuvo el equipo en los boxes. Tras el largo parate por las vacaciones, Colapinto alcanz\u00f3 su mejor posici\u00f3n en Alpine en el trazado de los Pa\u00edses Bajos en Zandvoort (puesto 12). En el GP de Italia en Monza acab\u00f3 en el 17\u00b0 lugar y acab\u00f3 19\u00b0 en Azerbaiy\u00e1n. En la continuidad del a\u00f1o, vio la bandera de cuadro en Singapur (16\u00b0) y en Austin, Texas, fue m\u00e1s r\u00e1pido que su compa\u00f1ero de equipo Pierre Gasly en la Sprint (14\u00b0) y la carrera principal (17\u00b0). El \u00faltimo fin de semana en M\u00e9xico, lleg\u00f3 en el puesto 16.<\/p>\n<\/div>\n<p><script defer=\"\">try{!function(f,b,e,v,n,t,s) {if(f.fbq)return;n=f.fbq=function(){n.callMethod? n.callMethod.apply(n,arguments):n.queue.push(arguments)}; if(!f._fbq)f._fbq=n;n.push=n;n.loaded=!0;n.version='2.0'; n.queue=[];t=b.createElement(e);t.async=!0; t.src=v;s=b.getElementsByTagName(e)[0]; s.parentNode.insertBefore(t,s)}(window, document,'script', ' fbq('init', '336383993555320'); fbq('track', 'PageView'); fbq('track', 'ViewContent');}catch(error){console.log(\"Error al inicializar facebookPixelRawCodeScript:\",error);}<\/script><\/p>\n","protected":false},"excerpt":{"rendered":"<p>El corredor argentino se estren\u00f3 en la s\u00e9ptima fecha con un 16\u00b0 lugar en el Gran Premio italiano de Emilia-Roma\u00f1a. Luego estuvo en M\u00f3naco (13\u00b0), Espa\u00f1a (15\u00b0), Canad\u00e1 (13\u00b0), Austria (15\u00b0), Gran Breta\u00f1a (no pudo largar), B\u00e9lgica (fue 19\u00b0 tanto en la Sprint como en la principal) y Hungr\u00eda (18\u00b0), donde padeci\u00f3 los serios problemas [&hellip;]<\/p>\n","protected":false},"author":2,"featured_media":57493,"comment_status":"","ping_status":"","sticky":false,"template":"","format":"standard","meta":{"footnotes":""},"categories":[2],"tags":[],"_links":{"self":[{"href":"https:\/\/maxradio923.com.ar\/index.php\/wp-json\/wp\/v2\/posts\/57492"}],"collection":[{"href":"https:\/\/maxradio923.com.ar\/index.php\/wp-json\/wp\/v2\/posts"}],"about":[{"href":"https:\/\/maxradio923.com.ar\/index.php\/wp-json\/wp\/v2\/types\/post"}],"author":[{"embeddable":true,"href":"https:\/\/maxradio923.com.ar\/index.php\/wp-json\/wp\/v2\/users\/2"}],"replies":[{"embeddable":true,"href":"https:\/\/maxradio923.com.ar\/index.php\/wp-json\/wp\/v2\/comments?post=57492"}],"version-history":[{"count":0,"href":"https:\/\/maxradio923.com.ar\/index.php\/wp-json\/wp\/v2\/posts\/57492\/revisions"}],"wp:featuredmedia":[{"embeddable":true,"href":"https:\/\/maxradio923.com.ar\/index.php\/wp-json\/wp\/v2\/media\/57493"}],"wp:attachment":[{"href":"https:\/\/maxradio923.com.ar\/index.php\/wp-json\/wp\/v2\/media?parent=57492"}],"wp:term":[{"taxonomy":"category","embeddable":true,"href":"https:\/\/maxradio923.com.ar\/index.php\/wp-json\/wp\/v2\/categories?post=57492"},{"taxonomy":"post_tag","embeddable":true,"href":"https:\/\/maxradio923.com.ar\/index.php\/wp-json\/wp\/v2\/tags?post=57492"}],"curies":[{"name":"wp","href":"https:\/\/api.w.org\/{rel}","templated":true}]}}