{"id":57467,"date":"2025-11-08T04:04:03","date_gmt":"2025-11-08T07:04:03","guid":{"rendered":"https:\/\/maxradio923.com.ar\/index.php\/2025\/11\/08\/el-nuevo-desafio-de-colapinto-los-cambios-en-alpine-que-le-permiten-sonar-con-un-drastico-giro-en-2026-y-pelear-por-podios-en-la-formula-1\/"},"modified":"2025-11-08T04:04:03","modified_gmt":"2025-11-08T07:04:03","slug":"el-nuevo-desafio-de-colapinto-los-cambios-en-alpine-que-le-permiten-sonar-con-un-drastico-giro-en-2026-y-pelear-por-podios-en-la-formula-1","status":"publish","type":"post","link":"https:\/\/maxradio923.com.ar\/index.php\/2025\/11\/08\/el-nuevo-desafio-de-colapinto-los-cambios-en-alpine-que-le-permiten-sonar-con-un-drastico-giro-en-2026-y-pelear-por-podios-en-la-formula-1\/","title":{"rendered":"El nuevo desaf\u00edo de Colapinto: los cambios en Alpine que le permiten so\u00f1ar con un dr\u00e1stico giro en 2026 y pelear por podios en la F\u00f3rmula 1"},"content":{"rendered":"<p><\/p>\n<div>\n<div class=\"visual__image image-initial-width\"><picture><source srcset=\"https:\/\/www.infobae.com\/resizer\/v2\/BUE24CAVNRG5ZPSVXSJ5R6K2F4.jfif?auth=f51ebffa47a34e008eb205e3b49d08dcc210eafc6318674c510e477dcb5d833a&amp;smart=true&amp;width=992&amp;height=661&amp;quality=85\" media=\"(min-width: 1000px)\"\/><source srcset=\"https:\/\/www.infobae.com\/resizer\/v2\/BUE24CAVNRG5ZPSVXSJ5R6K2F4.jfif?auth=f51ebffa47a34e008eb205e3b49d08dcc210eafc6318674c510e477dcb5d833a&amp;smart=true&amp;width=768&amp;height=512&amp;quality=85\" media=\"(min-width: 768px)\"\/><source srcset=\"https:\/\/www.infobae.com\/resizer\/v2\/BUE24CAVNRG5ZPSVXSJ5R6K2F4.jfif?auth=f51ebffa47a34e008eb205e3b49d08dcc210eafc6318674c510e477dcb5d833a&amp;smart=true&amp;width=577&amp;height=385&amp;quality=85\" media=\"(min-width: 580px)\"\/><source srcset=\"https:\/\/www.infobae.com\/resizer\/v2\/BUE24CAVNRG5ZPSVXSJ5R6K2F4.jfif?auth=f51ebffa47a34e008eb205e3b49d08dcc210eafc6318674c510e477dcb5d833a&amp;smart=true&amp;width=420&amp;height=280&amp;quality=85\" media=\"(min-width: 350px)\"\/><source srcset=\"https:\/\/www.infobae.com\/resizer\/v2\/BUE24CAVNRG5ZPSVXSJ5R6K2F4.jfif?auth=f51ebffa47a34e008eb205e3b49d08dcc210eafc6318674c510e477dcb5d833a&amp;smart=true&amp;width=350&amp;height=233&amp;quality=85\" media=\"(min-width: 80px)\"\/><img alt=\"Franco Colapinto tiene motivos para\" class=\"global-image\" decoding=\"async\" fetchpriority=\"high\" height=\"408\" loading=\"eager\" src=\"https:\/\/www.infobae.com\/resizer\/v2\/BUE24CAVNRG5ZPSVXSJ5R6K2F4.jfif?auth=f51ebffa47a34e008eb205e3b49d08dcc210eafc6318674c510e477dcb5d833a&amp;smart=true&amp;width=350&amp;height=233&amp;quality=85\" width=\"612\"\/><\/picture><figcaption class=\"article-figcaption-img\">Franco Colapinto tiene motivos para ilusionarse de cara a la temporada 2026 (Foto: @AlpineF1Team)<\/figcaption><\/div>\n<p class=\"paragraph\"><b>Alpine<\/b> est\u00e1 terminando su peor temporada en la <b>F\u00f3rmula 1<\/b> desde su debut en 2021 e incluso bajo la denominaci\u00f3n de <b>Renault<\/b> la estructura francesa culmin\u00f3 \u00faltima luego de un campeonato completo. Sus pilotos, <b>Franco Colapinto<\/b> y <b>Pierre Gasly<\/b>, hacen lo que pueden con el A525, el peor auto del presente ejercicio. Sin embargo, hay motivos para que el nuevo coche en 2026 pueda llegar a entregarles resultados aceptables. <\/p>\n<p class=\"paragraph\">En el venidero campeonato los autos y neum\u00e1ticos ser\u00e1n m\u00e1s chicos, se reducir\u00e1 la carga aerodin\u00e1mica (aditamentos), los alerones delanteros ser\u00e1n m\u00f3viles por lo que tendr\u00e1n el mismo efecto que los traseros con el DRS (Drag Reduction System) que permite una mejor entrada de aire en el auto que viene detr\u00e1s y por ende m\u00e1s velocidad para poder efectuar el sobrepaso. En cuanto a los impulsores, habr\u00e1 igual erogaci\u00f3n de potencia de los motores a combusti\u00f3n y el\u00e9ctricos, y se usar\u00e1n los combustibles sint\u00e9ticos para reducir la contaminaci\u00f3n. <\/p>\n<p class=\"paragraph\">El principal cambio que tendr\u00e1 <b>Alpine<\/b> en 2026 es que dejar\u00e1 de emplear los cl\u00e1sicos motores de <b>Renault<\/b> fabricados en la planta de Viry Chatillon y <b>comenzar\u00e1 a usar los de Mercedes<\/b>. En los papeles y an\u00e1lisis previos, las plantas motrices que mejor rendir\u00edan <b>ser\u00edan los de<\/b> <b>la casa alemana<\/b> por sobre los de <b>Ferrari<\/b>, <b>Honda<\/b> \u2013que pasar\u00e1 a ser proveedor de <b>Aston Martin<\/b>\u2013<b> <\/b>y los ingresos de <b>Audi <\/b>y <b>Ford<\/b>, con <b>Red Bull <\/b>y <b>Racing Bulls<\/b>.<\/p>\n<p class=\"paragraph\">Es por eso que, al fin y al cabo, el \u00faltimo puesto en el <b>Campeonato Mundial de Constructores <\/b>no es visto como un drama en Enstone, sede del equipo <b>Alpine<\/b>. Es que, al estar en el fondo de la tabla, acceden a un 30 por ciento m\u00e1s de desarrollo en el t\u00fanel de viento, algo vital en la construcci\u00f3n de un monoplaza. El dato lo arroj\u00f3 el propio jefe de <b>Mercedes<\/b>, <b>Toto Wolff<\/b>: \u201cCuando en un campeonato est\u00e1s tan atr\u00e1s como <b>Alpine <\/b>en este momento, recibes, creo, <b>un 30% m\u00e1s de tiempo en el t\u00fanel de viento. Eso se acumula con los a\u00f1os, por lo que hay que tener cuidado<\/b>\u201d, alert\u00f3 el austriaco en di\u00e1logo con <i>Motorsport<\/i>.<\/p>\n<div class=\"visual__image\"><picture><source srcset=\"https:\/\/www.infobae.com\/resizer\/v2\/ZX2UIGQNKJCGFJBYIQEE4TGVR4.jpeg?auth=d7eec7515ba294c9cdddfa7ddcab4986d3c1dd3c4d32e4e6b06c1dfaffedb8ce&amp;smart=true&amp;width=992&amp;height=558&amp;quality=85\" media=\"(min-width: 1000px)\"\/><source srcset=\"https:\/\/www.infobae.com\/resizer\/v2\/ZX2UIGQNKJCGFJBYIQEE4TGVR4.jpeg?auth=d7eec7515ba294c9cdddfa7ddcab4986d3c1dd3c4d32e4e6b06c1dfaffedb8ce&amp;smart=true&amp;width=768&amp;height=432&amp;quality=85\" media=\"(min-width: 768px)\"\/><source srcset=\"https:\/\/www.infobae.com\/resizer\/v2\/ZX2UIGQNKJCGFJBYIQEE4TGVR4.jpeg?auth=d7eec7515ba294c9cdddfa7ddcab4986d3c1dd3c4d32e4e6b06c1dfaffedb8ce&amp;smart=true&amp;width=577&amp;height=325&amp;quality=85\" media=\"(min-width: 580px)\"\/><source srcset=\"https:\/\/www.infobae.com\/resizer\/v2\/ZX2UIGQNKJCGFJBYIQEE4TGVR4.jpeg?auth=d7eec7515ba294c9cdddfa7ddcab4986d3c1dd3c4d32e4e6b06c1dfaffedb8ce&amp;smart=true&amp;width=420&amp;height=236&amp;quality=85\" media=\"(min-width: 350px)\"\/><source srcset=\"https:\/\/www.infobae.com\/resizer\/v2\/ZX2UIGQNKJCGFJBYIQEE4TGVR4.jpeg?auth=d7eec7515ba294c9cdddfa7ddcab4986d3c1dd3c4d32e4e6b06c1dfaffedb8ce&amp;smart=true&amp;width=350&amp;height=197&amp;quality=85\" media=\"(min-width: 80px)\"\/><img alt=\"As\u00ed se ver\u00eda el nuevo\" class=\"global-image\" decoding=\"async\" fetchpriority=\"low\" height=\"2160\" loading=\"lazy\" src=\"https:\/\/www.infobae.com\/resizer\/v2\/ZX2UIGQNKJCGFJBYIQEE4TGVR4.jpeg?auth=d7eec7515ba294c9cdddfa7ddcab4986d3c1dd3c4d32e4e6b06c1dfaffedb8ce&amp;smart=true&amp;width=350&amp;height=197&amp;quality=85\" width=\"3840\"\/><\/picture><figcaption class=\"article-figcaption-img\">As\u00ed se ver\u00eda el nuevo Alpine A526, con los cambios reglamentarios del a\u00f1o pr\u00f3ximo (@ChrisPaulDesig1)<\/figcaption><\/div>\n<p class=\"paragraph\">En sinton\u00eda, <b>Gasly <\/b>analiz\u00f3 lo que viene y tambi\u00e9n plante\u00f3 su optimismo de cara al a\u00f1o pr\u00f3ximo. \u201cEl hecho de que estemos en esta situaci\u00f3n dif\u00edcil porque somos \u00faltimos en el campeonato <b>nos da m\u00e1s tiempo de t\u00fanel de viento para trabajar, desarrollar el auto del a\u00f1o que viene, <\/b>as\u00ed que en realidad estamos en una mejor posici\u00f3n que cualquier otro equipo, as\u00ed que espero que podamos aprovecharlo al m\u00e1ximo el a\u00f1o que viene&#8221;, le dijo a la cronista Guillermina Cardoso. <\/p>\n<p class=\"paragraph\">\u201cCreo que, muy temprano este a\u00f1o detuvimos el desarrollo de este auto. Todos los chicos trabajaron en el desarrollo del a\u00f1o que viene muy temprano. Sabemos que hay muchos cambios, vamos a ir a Mercedes, nuevas unidades de potencia. Creo que los procesos en la f\u00e1brica han cambiado mucho y tenemos mucha gente inteligente. Realmente, creo que si logramos trabajar todos juntos, habr\u00e1 mucho rendimiento para salir de eso, as\u00ed que <b>tengo mucho optimismo<\/b>\u201d, agreg\u00f3 el franc\u00e9s que ostenta 173 Grandes Premios y hace tres temporadas que corre en <b>Alpine<\/b>. <\/p>\n<p class=\"paragraph\">Por otro lado, cabe recordar que el futuro <b>A526<\/b> tendr\u00e1 caja y suspensi\u00f3n de <b>Mercedes<\/b> y, de tener un buen chasis, acceder\u00eda a un potencial competitivo en 2026. Para que el auto pueda responder desde la carrocer\u00eda, contrataron a <b>Kris Midgley<\/b>, el responsable de aerodin\u00e1mica, que proviene de <b>Ferrari. <\/b>Se suma la incorporaci\u00f3n de <b>Oliver Bray<\/b>, <b>ingeniero de dise\u00f1o mec\u00e1nico<\/b>, alguien que viene de trabajar durante ocho a\u00f1os en <b>McLaren<\/b>, el equipo que hoy es la referencia de la categor\u00eda y cuyos pilotos, <b>Oscar Piastri <\/b>y <b>Lando Norris<\/b>, pelean por el t\u00edtulo.<\/p>\n<p class=\"paragraph\">Se suma el trabajo focalizado del director t\u00e9cnico, <b>David S\u00e1nchez<\/b>, en el nuevo auto, que lo llev\u00f3 a ausentarse en M\u00e9xico y Brasil para quedarse en la base de <b>Enstone<\/b> con el desarrollo del <b>A526<\/b>. El ingeniero franc\u00e9s tampoco estar\u00eda en <b>Las Vegas, Qatar y Abu Dhabi. <\/b><\/p>\n<div class=\"visual__image\"><picture><source srcset=\"https:\/\/www.infobae.com\/resizer\/v2\/POGHB5XDWNH3HAR2UWQARNMUHI.jpg?auth=7f3265fe793ae51b30dfe6e5e6db5d661cefc26128224e6ba99dfb44f78218a7&amp;smart=true&amp;width=992&amp;height=558&amp;quality=85\" media=\"(min-width: 1000px)\"\/><source srcset=\"https:\/\/www.infobae.com\/resizer\/v2\/POGHB5XDWNH3HAR2UWQARNMUHI.jpg?auth=7f3265fe793ae51b30dfe6e5e6db5d661cefc26128224e6ba99dfb44f78218a7&amp;smart=true&amp;width=768&amp;height=432&amp;quality=85\" media=\"(min-width: 768px)\"\/><source srcset=\"https:\/\/www.infobae.com\/resizer\/v2\/POGHB5XDWNH3HAR2UWQARNMUHI.jpg?auth=7f3265fe793ae51b30dfe6e5e6db5d661cefc26128224e6ba99dfb44f78218a7&amp;smart=true&amp;width=577&amp;height=325&amp;quality=85\" media=\"(min-width: 580px)\"\/><source srcset=\"https:\/\/www.infobae.com\/resizer\/v2\/POGHB5XDWNH3HAR2UWQARNMUHI.jpg?auth=7f3265fe793ae51b30dfe6e5e6db5d661cefc26128224e6ba99dfb44f78218a7&amp;smart=true&amp;width=420&amp;height=236&amp;quality=85\" media=\"(min-width: 350px)\"\/><source srcset=\"https:\/\/www.infobae.com\/resizer\/v2\/POGHB5XDWNH3HAR2UWQARNMUHI.jpg?auth=7f3265fe793ae51b30dfe6e5e6db5d661cefc26128224e6ba99dfb44f78218a7&amp;smart=true&amp;width=350&amp;height=197&amp;quality=85\" media=\"(min-width: 80px)\"\/><img alt=\"El v\u00ednculo de Franco Colapinto\" class=\"global-image\" decoding=\"async\" fetchpriority=\"low\" height=\"1080\" loading=\"lazy\" src=\"https:\/\/www.infobae.com\/resizer\/v2\/POGHB5XDWNH3HAR2UWQARNMUHI.jpg?auth=7f3265fe793ae51b30dfe6e5e6db5d661cefc26128224e6ba99dfb44f78218a7&amp;smart=true&amp;width=350&amp;height=197&amp;quality=85\" width=\"1920\"\/><\/picture><figcaption class=\"article-figcaption-img\">El v\u00ednculo de Franco Colapinto y su ingeniero, Stuart Barlow, se fortaleci\u00f3 durante el a\u00f1o (Cr\u00e9dito: Gentileza Luciano Yoma \/ @LucianoYoma)<\/figcaption><\/div>\n<p class=\"paragraph\">En febrero de 2025, el asesor ejecutivo de <b>Alpine<\/b>, <b>Flavio Briatore<\/b>, hab\u00eda destacado en una entrevista con <i>La Gazzetta Dello Sport <\/i>que uno de sus principales objetivos en el corto plazo era <b>luchar por victorias en 2026 e ir en b\u00fasqueda del t\u00edtulo en 2027<\/b>, pero luego su mirada tuvo una alteraci\u00f3n sobre el proceso de mejora al que aspiran: \u201c<b>Podemos hacer podios el a\u00f1o que viene. Tenemos el potencial para estar en el top 6 e incluso en el Top 4 si todo va bien<\/b>\u201d. Esas posiciones a las que apunta el italiano corresponden a la zona de puntos que en una carrera dominical van del primero al d\u00e9cimo puesto y en una Sprint sabatina, cosechan hasta el octavo puesto, pero en menor cantidad de unidades. <\/p>\n<p class=\"paragraph\">En una entrevista reciente con el portal <i>The Race<\/i>, el dirigente italiano puso en claro que el objetivo del pr\u00f3ximo a\u00f1o es el de batallar en la zona delantera de la parrilla: \u201cQuiero que estemos entre los seis primeros. Cuando est\u00e1s sexto o s\u00e9ptimo, empiezas la carrera y ya hueles el podio\u201d. En esa misma nota defendi\u00f3 su decisi\u00f3n de cerrar el \u00e1rea de desarrollo de unidades de potencia de Renault y el salto a Mercedes alegando un error de gesti\u00f3n que naci\u00f3 hace una d\u00e9cada.<\/p>\n<p class=\"paragraph\"><b>Colapinto<\/b>, por su parte, tendr\u00e1 a favor el poder hacer por primera vez una pretemporada en la F1. Se trata de las seis jornadas con dos tandas, una a la ma\u00f1ana y otra a la tarde. Se sumar\u00e1n los tests privados que los equipos organizaron en Barcelona a fines de enero para estrenar los coches de nueva generaci\u00f3n. Adem\u00e1s, Franco trabaj\u00f3 mucho en el simulador del flamante monoposto de 2026 y su contribuci\u00f3n fue clave en el desarrollo. <\/p>\n<p class=\"paragraph\">Otro punto que puede ayudar a Franco es su experiencia luego de <b>27 Grandes Premios y 26 carreras disputadas<\/b> (no pudo largar en Silverstone este a\u00f1o). Los malos momentos en <b>Alpine<\/b> debido a la falta de competitividad del A525, fortalecieron al argentino, que durante sus carreras en 2025 logr\u00f3 reducir la diferencia con <b>Gasly<\/b>. Si el bonaerense cuenta con un mejor medio mec\u00e1nico tendr\u00e1 allanado el camino para demostrar su talento. <\/p>\n<p class=\"paragraph\">Adem\u00e1s, ser\u00e1 el segundo a\u00f1o del pilarense en un equipo al que se adapt\u00f3 durante 2025. Forj\u00f3 su relaci\u00f3n con su ingeniero, <b>Stuart Barlow<\/b>, que pas\u00f3 de algunos cruces por radio a participar de su cumplea\u00f1os y hasta planear juntos la estrategia. Ese v\u00ednculo es vital en el automovilismo ya que desde el muro de boxes, el t\u00e9cnico suele ser los \u201cojos\u201d del piloto en cuanto a tiempos, rendimientos y c\u00f3mo encarar cada tramo (o stint) de carrera. <\/p>\n<p class=\"paragraph\">La verdad se sabr\u00e1 cuando los autos salgan a pista el pr\u00f3ximo 26 de enero en<b> Barcelona<\/b>. All\u00ed se ver\u00e1n los primeros indicios del nuevo A526 y si puede tener realmente potencial de cara al venidero ejercicio. Como dijo <b>Franco Colapinto<\/b> en M\u00e9xico \u201c<b>peor no se puede estar<\/b>\u201d, en referencia al \u00faltimo puesto, que esperan dejar en 2026 y plasmar buenos resultados.<\/p>\n<\/div>\n<p><script defer=\"\">try{!function(f,b,e,v,n,t,s) {if(f.fbq)return;n=f.fbq=function(){n.callMethod? n.callMethod.apply(n,arguments):n.queue.push(arguments)}; if(!f._fbq)f._fbq=n;n.push=n;n.loaded=!0;n.version='2.0'; n.queue=[];t=b.createElement(e);t.async=!0; t.src=v;s=b.getElementsByTagName(e)[0]; s.parentNode.insertBefore(t,s)}(window, document,'script', ' fbq('init', '336383993555320'); fbq('track', 'PageView'); fbq('track', 'ViewContent');}catch(error){console.log(\"Error al inicializar facebookPixelRawCodeScript:\",error);}<\/script><\/p>\n","protected":false},"excerpt":{"rendered":"<p>Franco Colapinto tiene motivos para ilusionarse de cara a la temporada 2026 (Foto: @AlpineF1Team) Alpine est\u00e1 terminando su peor temporada en la F\u00f3rmula 1 desde su debut en 2021 e incluso bajo la denominaci\u00f3n de Renault la estructura francesa culmin\u00f3 \u00faltima luego de un campeonato completo. Sus pilotos, Franco Colapinto y Pierre Gasly, hacen lo [&hellip;]<\/p>\n","protected":false},"author":2,"featured_media":57468,"comment_status":"","ping_status":"","sticky":false,"template":"","format":"standard","meta":{"footnotes":""},"categories":[2],"tags":[],"_links":{"self":[{"href":"https:\/\/maxradio923.com.ar\/index.php\/wp-json\/wp\/v2\/posts\/57467"}],"collection":[{"href":"https:\/\/maxradio923.com.ar\/index.php\/wp-json\/wp\/v2\/posts"}],"about":[{"href":"https:\/\/maxradio923.com.ar\/index.php\/wp-json\/wp\/v2\/types\/post"}],"author":[{"embeddable":true,"href":"https:\/\/maxradio923.com.ar\/index.php\/wp-json\/wp\/v2\/users\/2"}],"replies":[{"embeddable":true,"href":"https:\/\/maxradio923.com.ar\/index.php\/wp-json\/wp\/v2\/comments?post=57467"}],"version-history":[{"count":0,"href":"https:\/\/maxradio923.com.ar\/index.php\/wp-json\/wp\/v2\/posts\/57467\/revisions"}],"wp:featuredmedia":[{"embeddable":true,"href":"https:\/\/maxradio923.com.ar\/index.php\/wp-json\/wp\/v2\/media\/57468"}],"wp:attachment":[{"href":"https:\/\/maxradio923.com.ar\/index.php\/wp-json\/wp\/v2\/media?parent=57467"}],"wp:term":[{"taxonomy":"category","embeddable":true,"href":"https:\/\/maxradio923.com.ar\/index.php\/wp-json\/wp\/v2\/categories?post=57467"},{"taxonomy":"post_tag","embeddable":true,"href":"https:\/\/maxradio923.com.ar\/index.php\/wp-json\/wp\/v2\/tags?post=57467"}],"curies":[{"name":"wp","href":"https:\/\/api.w.org\/{rel}","templated":true}]}}