{"id":57465,"date":"2025-11-08T03:55:04","date_gmt":"2025-11-08T06:55:04","guid":{"rendered":"https:\/\/maxradio923.com.ar\/index.php\/2025\/11\/08\/0533un-tour-por-san-telmo-que-recorre-las-raices-negras-de-buenos-aires-otra-forma-de-celebrar-la-afroargentinidad-y-su-historia\/"},"modified":"2025-11-08T03:55:04","modified_gmt":"2025-11-08T06:55:04","slug":"0533un-tour-por-san-telmo-que-recorre-las-raices-negras-de-buenos-aires-otra-forma-de-celebrar-la-afroargentinidad-y-su-historia","status":"publish","type":"post","link":"https:\/\/maxradio923.com.ar\/index.php\/2025\/11\/08\/0533un-tour-por-san-telmo-que-recorre-las-raices-negras-de-buenos-aires-otra-forma-de-celebrar-la-afroargentinidad-y-su-historia\/","title":{"rendered":"05:33Un tour por San Telmo que recorre las ra\u00edces negras de Buenos Aires: otra forma de celebrar la afroargentinidad y su historia"},"content":{"rendered":"<p><\/p>\n<h2 class=\"article-subheadline text_align_left\">La agencia Lunfarda Travel naci\u00f3 con un concepto que no suele ser com\u00fan entre los negocios de su clase: pensar el turismo como un modo de visibilizar a las comunidades minoritarias que conforman nuestra sociedad, como una manera de construir identidad, como motor de cambio social. Por eso, adem\u00e1s de las propuestas m\u00e1s cl\u00e1sicas, ofrece otras que narran los or\u00edgenes de estas colectividades, muchas veces tergiversados. En el D\u00eda Nacional de la Afroargentinidad, su pasado y presente en este suelo<\/h2>\n<p><\/p>\n<p class=\"paragraph\"><b>\u201cNo hay personas negras en Argentina\u201d<\/b>. La afirmaci\u00f3n, tan categ\u00f3rica como errada, trascendi\u00f3 y recorri\u00f3 el tejido social hasta ganarse \u2014\u00bfimponerse?\u2014 <b>el lugar del sentido com\u00fan<\/b>. Desde fines del siglo XIX, cuando la inmigraci\u00f3n europea empez\u00f3 a llegar al pa\u00eds en oleadas intensas, el relato que dice que \u201clos argentinos venimos de los barcos\u201d \u2014y por tanto somos hijos de la Europa blanca\u2014 se repiti\u00f3 incansablemente desde los discursos fundacionales de la naci\u00f3n hasta la actualidad y logr\u00f3 encarnarse en la cultura, en la educaci\u00f3n, en el imaginario nacional. <\/p>\n<p><\/p>\n<p class=\"paragraph\">Julia es la gu\u00eda del <b>afro tour<\/b>, una propuesta que se hunde en las ra\u00edces de la comunidad afrodescendiente en Buenos Aires, y cuenta que el recorrido concluye con una s\u00edntesis que intenta comprender \u2014ambicioso desaf\u00edo\u2014 <b>por qu\u00e9 Argentina es c\u00f3mo es<\/b>. <\/p>\n<p><\/p>\n<h2 class=\"header headline-class-h2\"><span class=\"\" style=\"display:block\">San Telmo: el barrio del tambor&lt;b&gt; &lt;\/b&gt;<\/span><\/h2>\n<p><\/p>\n<p class=\"paragraph\">\u2014Ah\u00ed traigo esto de que si las personas negras fueron dejadas a su suerte y por lo tanto quedaron m\u00e1s vulnerables durante la epidemia de la fiebre amarilla, entonces s\u00ed han muerto bastantes ah\u00ed, aunque no fue el mayor grupo de afectados (una compa\u00f1era me dijo que estuvo investigando y que murieron m\u00e1s italianos). Pero algo para m\u00ed muy clave, que siempre digo, es que <b>cuando vinieron seis millones de europeos nuestro pa\u00eds ten\u00eda un total de dos millones de habitantes<\/b>. Entonces es medio una matem\u00e1tica simple. Y despu\u00e9s, el hecho de que murieron en las guerras como carne de ca\u00f1\u00f3n tambi\u00e9n es una realidad. Pero justo ayer estaba haciendo un tour y dije: \u201cQu\u00e9 loco: cuando pensamos en las guerras de la independencia no imaginamos a personas negras luchando, pero despu\u00e9s se repite que murieron ah\u00ed porque, claro, los mandaron a la guerra\u201d. Es como una gran contradicci\u00f3n. <\/p>\n<p><\/p>\n<p class=\"paragraph\">Es mi\u00e9rcoles 5 de noviembre y <b>San Telmo late otro pulso<\/b>. No est\u00e1 atestado de turistas ni se escucha el tango en la Plaza Dorrego, no hay que esquivar el amontonamiento de la feria ni hacer filas en ning\u00fan restaurante. El tr\u00e1fico infinito que hay que superar para atravesar la ciudad parece esfumarse y dar paso a una armon\u00eda inquebrantable una vez en sus pasajes. Los faroles que acompa\u00f1an las calles de adoqu\u00edn, como anunciando el barrio postal, descansan bajo un cielo pur\u00edsimo. Las veredas se ofrecen al sol, dej\u00e1ndose entibiar en la ma\u00f1ana fresca de primavera.<\/p>\n<p><\/p>\n<p class=\"paragraph\">A contramano de lo que sucede en otros barrios, aquellos de moles de hormig\u00f3n que tapan el sol, tubos fluorescentes y oficinas que se ahogan en una vor\u00e1gine infernal de computadoras y papeles, San Telmo amanece ajeno al ritmo fren\u00e9tico de la ciudad. Se asoma a la ma\u00f1ana porte\u00f1a con una calma imperturbable. Como si ese fuera su tiempo para reponerse y prepararse para su propia vor\u00e1gine, su propio show: el fin de semana, cuando las oficinas duerman, San Telmo se encender\u00e1. <\/p>\n<p><\/p>\n<p class=\"paragraph\">Pero hoy no. Esta ma\u00f1ana de mi\u00e9rcoles el barrio parece volver a ser solo de sus vecinos. Y de quienes lo recorren en su labor cotidiana. Como Mariana, como Julia. En medio de esa tranquilidad pr\u00edstina, en el centro mismo de este punto que es paseo obligado, coraz\u00f3n del turismo propio y ajeno, en una casa antiqu\u00edsima como San Telmo, con esa belleza que ostentan las paredes que acumulan y cuidan la historia, detr\u00e1s de una vidriera con fileteado porte\u00f1o, otro sello distintivo del vecindario, se levanta <b>Lunfarda Travel<\/b>. <\/p>\n","protected":false},"excerpt":{"rendered":"<p>La agencia Lunfarda Travel naci\u00f3 con un concepto que no suele ser com\u00fan entre los negocios de su clase: pensar el turismo como un modo de visibilizar a las comunidades minoritarias que conforman nuestra sociedad, como una manera de construir identidad, como motor de cambio social. Por eso, adem\u00e1s de las propuestas m\u00e1s cl\u00e1sicas, ofrece [&hellip;]<\/p>\n","protected":false},"author":2,"featured_media":57466,"comment_status":"","ping_status":"","sticky":false,"template":"","format":"standard","meta":{"footnotes":""},"categories":[12],"tags":[],"_links":{"self":[{"href":"https:\/\/maxradio923.com.ar\/index.php\/wp-json\/wp\/v2\/posts\/57465"}],"collection":[{"href":"https:\/\/maxradio923.com.ar\/index.php\/wp-json\/wp\/v2\/posts"}],"about":[{"href":"https:\/\/maxradio923.com.ar\/index.php\/wp-json\/wp\/v2\/types\/post"}],"author":[{"embeddable":true,"href":"https:\/\/maxradio923.com.ar\/index.php\/wp-json\/wp\/v2\/users\/2"}],"replies":[{"embeddable":true,"href":"https:\/\/maxradio923.com.ar\/index.php\/wp-json\/wp\/v2\/comments?post=57465"}],"version-history":[{"count":0,"href":"https:\/\/maxradio923.com.ar\/index.php\/wp-json\/wp\/v2\/posts\/57465\/revisions"}],"wp:featuredmedia":[{"embeddable":true,"href":"https:\/\/maxradio923.com.ar\/index.php\/wp-json\/wp\/v2\/media\/57466"}],"wp:attachment":[{"href":"https:\/\/maxradio923.com.ar\/index.php\/wp-json\/wp\/v2\/media?parent=57465"}],"wp:term":[{"taxonomy":"category","embeddable":true,"href":"https:\/\/maxradio923.com.ar\/index.php\/wp-json\/wp\/v2\/categories?post=57465"},{"taxonomy":"post_tag","embeddable":true,"href":"https:\/\/maxradio923.com.ar\/index.php\/wp-json\/wp\/v2\/tags?post=57465"}],"curies":[{"name":"wp","href":"https:\/\/api.w.org\/{rel}","templated":true}]}}