{"id":57459,"date":"2025-11-08T03:23:04","date_gmt":"2025-11-08T06:23:04","guid":{"rendered":"https:\/\/maxradio923.com.ar\/index.php\/2025\/11\/08\/el-exigente-plan-de-trabajo-de-franco-colapinto-para-dar-el-golpe-en-la-temporada-2026-de-la-formula-1-tras-ser-confirmado-como-titular-en-alpine\/"},"modified":"2025-11-08T03:23:04","modified_gmt":"2025-11-08T06:23:04","slug":"el-exigente-plan-de-trabajo-de-franco-colapinto-para-dar-el-golpe-en-la-temporada-2026-de-la-formula-1-tras-ser-confirmado-como-titular-en-alpine","status":"publish","type":"post","link":"https:\/\/maxradio923.com.ar\/index.php\/2025\/11\/08\/el-exigente-plan-de-trabajo-de-franco-colapinto-para-dar-el-golpe-en-la-temporada-2026-de-la-formula-1-tras-ser-confirmado-como-titular-en-alpine\/","title":{"rendered":"El exigente plan de trabajo de Franco Colapinto para dar el golpe en la temporada 2026 de la F\u00f3rmula 1 tras ser confirmado como titular en Alpine"},"content":{"rendered":"<p><\/p>\n<h2 class=\"article-subheadline text_align_left\">El piloto argentino tendr\u00e1 una agenda cargada de pretemporada, que est\u00e1 marcada por los nuevos autos. Las fechas clave y todos los detalles<\/h2>\n<p><\/p>\n<p class=\"paragraph\">Luego de una intensa y dura temporada, <b>Franco Colapinto<\/b> regresar\u00e1 a la Argentina a fin de a\u00f1o, pero no tendr\u00e1 mucho descanso. Es que la temporada 2026 representar\u00e1 un gran desaf\u00edo para el piloto <i>albiceleste <\/i>que por primera vez afrontar\u00e1 una temporada completa de <b>F\u00f3rmula 1<\/b>. Ya confirmado como segundo piloto de <b>Alpine<\/b>, tendr\u00e1 un arduo trabajo junto con su compa\u00f1ero<b> Pierre Gasly<\/b>.<\/p>\n<p><\/p>\n<p class=\"paragraph\">Las vacaciones del corredor bonaerense se extender\u00edan hasta 1 de enero y <b>durante el primer fin de semana de 2026 estar\u00eda regresando a Enstone para trabajar con su escuder\u00eda<\/b>. Con un nuevo auto que ya deber\u00eda estar terminado o en los \u00faltimos detalles, Colapinto y Gasly probar\u00e1n las butacas y comenzar\u00e1n a tener contacto con el flamante <b>A526<\/b>. Adem\u00e1s, seguir\u00e1n con los trabajos en el simulador basado en el nuevo monoplaza. <\/p>\n<p><\/p>\n<p class=\"paragraph\">Al ser una temporada en la que se estrenar\u00e1 un reglamento y los coches presentar\u00e1n cambios dr\u00e1sticos, los equipos acordaron reservar el <b>Circuito de Catalu\u00f1a<\/b>, en <b>Montmel\u00f3<\/b>, para hacer cuatro d\u00edas de ensayos. Habr\u00e1 un auto de cada escuder\u00eda y se romper\u00e1 el hielo con los monopostos de nueva generaci\u00f3n. Cabe aclarar que estas pruebas no son organizadas por la <b>Federaci\u00f3n Internacional del Autom\u00f3vil (FIA)<\/b> y <b>Formula One Management (FOM)<\/b>, la empresa que maneja los destinos comerciales de la F1. <\/p>\n<p><\/p>\n<p class=\"paragraph\">Los nuevos autos y neum\u00e1ticos ser\u00e1n m\u00e1s chicos, los alerones delanteros ser\u00e1n m\u00f3viles (como el trasero para el DRS), se reducir\u00e1n los aditamentos aerodin\u00e1micos, el motor el\u00e9ctrico erogar\u00e1 la misma potencia que el de combusti\u00f3n y se usar\u00e1n combustibles sint\u00e9ticos para bajar la contaminaci\u00f3n. <\/p>\n<p><\/p>\n<p class=\"paragraph\">Alpine ser\u00e1 uno de los equipos que estrenar\u00e1 motor ya que dejar\u00e1 atr\u00e1s los cl\u00e1sicos de<b> Renault <\/b>fabricados en la planta de Viry Chatillon y los reemplazar\u00e1 por los<b> Mercedes<\/b>, que tambi\u00e9n les proveer\u00e1 de la suspensi\u00f3n y todo el sistema de transmisi\u00f3n, un tema que le gener\u00f3 muchos dolores de cabeza al equipo franc\u00e9s en 2025. <\/p>\n<p><\/p>\n<p class=\"paragraph\">Esos ensayos se realizar\u00e1n <b>bajo un estricto hermetismo<\/b>, ya que las escuder\u00edas han optado por excluir completamente a la prensa, la televisi\u00f3n y los fot\u00f3grafos de las jornadas de pruebas, restringiendo la informaci\u00f3n p\u00fablica a las clasificaciones diarias y a las declaraciones oficiales incluidas en los comunicados de prensa que ellos mismos difundan.<\/p>\n","protected":false},"excerpt":{"rendered":"<p>El piloto argentino tendr\u00e1 una agenda cargada de pretemporada, que est\u00e1 marcada por los nuevos autos. Las fechas clave y todos los detalles Luego de una intensa y dura temporada, Franco Colapinto regresar\u00e1 a la Argentina a fin de a\u00f1o, pero no tendr\u00e1 mucho descanso. Es que la temporada 2026 representar\u00e1 un gran desaf\u00edo para [&hellip;]<\/p>\n","protected":false},"author":2,"featured_media":57460,"comment_status":"","ping_status":"","sticky":false,"template":"","format":"standard","meta":{"footnotes":""},"categories":[12],"tags":[],"_links":{"self":[{"href":"https:\/\/maxradio923.com.ar\/index.php\/wp-json\/wp\/v2\/posts\/57459"}],"collection":[{"href":"https:\/\/maxradio923.com.ar\/index.php\/wp-json\/wp\/v2\/posts"}],"about":[{"href":"https:\/\/maxradio923.com.ar\/index.php\/wp-json\/wp\/v2\/types\/post"}],"author":[{"embeddable":true,"href":"https:\/\/maxradio923.com.ar\/index.php\/wp-json\/wp\/v2\/users\/2"}],"replies":[{"embeddable":true,"href":"https:\/\/maxradio923.com.ar\/index.php\/wp-json\/wp\/v2\/comments?post=57459"}],"version-history":[{"count":0,"href":"https:\/\/maxradio923.com.ar\/index.php\/wp-json\/wp\/v2\/posts\/57459\/revisions"}],"wp:featuredmedia":[{"embeddable":true,"href":"https:\/\/maxradio923.com.ar\/index.php\/wp-json\/wp\/v2\/media\/57460"}],"wp:attachment":[{"href":"https:\/\/maxradio923.com.ar\/index.php\/wp-json\/wp\/v2\/media?parent=57459"}],"wp:term":[{"taxonomy":"category","embeddable":true,"href":"https:\/\/maxradio923.com.ar\/index.php\/wp-json\/wp\/v2\/categories?post=57459"},{"taxonomy":"post_tag","embeddable":true,"href":"https:\/\/maxradio923.com.ar\/index.php\/wp-json\/wp\/v2\/tags?post=57459"}],"curies":[{"name":"wp","href":"https:\/\/api.w.org\/{rel}","templated":true}]}}