{"id":57457,"date":"2025-11-08T03:07:16","date_gmt":"2025-11-08T06:07:16","guid":{"rendered":"https:\/\/maxradio923.com.ar\/index.php\/2025\/11\/08\/rodrigo-vila-y-sus-anecdotas-del-rodaje-de-the-letter-con-harvey-keitel-en-argentina-pasion-por-el-asado-y-el-dulce-de-leche\/"},"modified":"2025-11-08T03:07:16","modified_gmt":"2025-11-08T06:07:16","slug":"rodrigo-vila-y-sus-anecdotas-del-rodaje-de-the-letter-con-harvey-keitel-en-argentina-pasion-por-el-asado-y-el-dulce-de-leche","status":"publish","type":"post","link":"https:\/\/maxradio923.com.ar\/index.php\/2025\/11\/08\/rodrigo-vila-y-sus-anecdotas-del-rodaje-de-the-letter-con-harvey-keitel-en-argentina-pasion-por-el-asado-y-el-dulce-de-leche\/","title":{"rendered":"Rodrigo Vila y sus an\u00e9cdotas del rodaje de The Letter con Harvey Keitel en Argentina: pasi\u00f3n por el asado y el dulce de leche"},"content":{"rendered":"<p><\/p>\n<h2 class=\"article-subheadline text_align_left\">El lazo personal entre el director y la estrella internacional fue clave para que la pel\u00edcula se filmara en Argentina. Se estrena este s\u00e1bado 8 de noviembre en el Festival Internacional de Cine de Mar del Plata<\/h2>\n<p><\/p>\n<p class=\"paragraph\">La pel\u00edcula<b> \u201cThe Letter\u201d<\/b>, producida \u00edntegramente por un equipo argentino y protagonizada por <b>Harvey Keitel<\/b>, tendr\u00e1 su <b>estreno mundial<\/b> en el <b>40\u00b0 Festival Internacional de Cine de Mar del Plata<\/b>. El filme, dirigido por <b>Rodrigo H. Vila<\/b>, compite en la categor\u00eda <b>\u201cMejor largometraje argentino\u201d. <\/b>La funci\u00f3n de estreno es hoy a las 19 y 10 y ma\u00f1ana domingo 9 de noviembre a las 16.10. <\/p>\n<p><\/p>\n<p class=\"paragraph\">Vila no oculta el entusiasmo ni el afecto con el que habla de su v\u00ednculo con la estrella de Hollywood: <b>\u201cYo trabaj\u00e9 con Harvey hace unos a\u00f1os, filmamos ac\u00e1 en Buenos Aires, y ah\u00ed se gest\u00f3 una relaci\u00f3n muy linda. Termin\u00f3 siendo una amistad que trajo a Harvey de regreso a la Argentina a filmar \u201d<\/b><i><b>The Letter<\/b><\/i><b>\u201d<\/b>. <\/p>\n<p><\/p>\n<p class=\"paragraph\">El director habla de sus actores y su equipo como una familia unida por la pasi\u00f3n y el oficio: <b>\u201cFue un rodaje tan, tan lindo. La gente la pas\u00f3 tan bien. Yo quer\u00eda algo con cierta melancol\u00eda, pero sobre todo con alegr\u00eda, con la nostalgia de las cartas, de las relaciones humanas sin m\u00e1quinas en el medio\u201d<\/b>.<\/p>\n<p><\/p>\n<p class=\"paragraph\">El rodaje se realiz\u00f3 en <b>Buenos Aires<\/b> y <b>New York<\/b> durante 2024, con la participaci\u00f3n de <b>Fran\u00e7ois Arnaud<\/b>, <b>Carola Reyna<\/b> y <b>Fern\u00e1n Mir\u00e1s<\/b>. La producci\u00f3n estuvo a cargo de <b>Cinema 7 Films<\/b>, <b>Non Stop Studios<\/b> y <b>Screen Capital<\/b>. <\/p>\n<p><\/p>\n<p class=\"paragraph\">La historia sigue a <b>Finn<\/b><i> <\/i>(Harvey Keitel), un veterano de guerra que, marcado por la soledad, decide escribir una \u00faltima carta a su hija, de quien est\u00e1 distanciado. Para ello, contrata a <b>Julia<\/b> <b>(Britt Robertson)<\/b>, una escritora en crisis creativa que acepta el trabajo por necesidad econ\u00f3mica. El v\u00ednculo entre ambos evoluciona de un encargo profesional a una amistad inesperada, transformando el destino de la mujer. <\/p>\n<p><\/p>\n<p class=\"paragraph\"><b>\u2014\u00bfC\u00f3mo surge el proyecto y la propuesta a Harvey Keitel? <\/b><\/p>\n","protected":false},"excerpt":{"rendered":"<p>El lazo personal entre el director y la estrella internacional fue clave para que la pel\u00edcula se filmara en Argentina. Se estrena este s\u00e1bado 8 de noviembre en el Festival Internacional de Cine de Mar del Plata La pel\u00edcula \u201cThe Letter\u201d, producida \u00edntegramente por un equipo argentino y protagonizada por Harvey Keitel, tendr\u00e1 su estreno [&hellip;]<\/p>\n","protected":false},"author":2,"featured_media":57458,"comment_status":"","ping_status":"","sticky":false,"template":"","format":"standard","meta":{"footnotes":""},"categories":[12],"tags":[],"_links":{"self":[{"href":"https:\/\/maxradio923.com.ar\/index.php\/wp-json\/wp\/v2\/posts\/57457"}],"collection":[{"href":"https:\/\/maxradio923.com.ar\/index.php\/wp-json\/wp\/v2\/posts"}],"about":[{"href":"https:\/\/maxradio923.com.ar\/index.php\/wp-json\/wp\/v2\/types\/post"}],"author":[{"embeddable":true,"href":"https:\/\/maxradio923.com.ar\/index.php\/wp-json\/wp\/v2\/users\/2"}],"replies":[{"embeddable":true,"href":"https:\/\/maxradio923.com.ar\/index.php\/wp-json\/wp\/v2\/comments?post=57457"}],"version-history":[{"count":0,"href":"https:\/\/maxradio923.com.ar\/index.php\/wp-json\/wp\/v2\/posts\/57457\/revisions"}],"wp:featuredmedia":[{"embeddable":true,"href":"https:\/\/maxradio923.com.ar\/index.php\/wp-json\/wp\/v2\/media\/57458"}],"wp:attachment":[{"href":"https:\/\/maxradio923.com.ar\/index.php\/wp-json\/wp\/v2\/media?parent=57457"}],"wp:term":[{"taxonomy":"category","embeddable":true,"href":"https:\/\/maxradio923.com.ar\/index.php\/wp-json\/wp\/v2\/categories?post=57457"},{"taxonomy":"post_tag","embeddable":true,"href":"https:\/\/maxradio923.com.ar\/index.php\/wp-json\/wp\/v2\/tags?post=57457"}],"curies":[{"name":"wp","href":"https:\/\/api.w.org\/{rel}","templated":true}]}}