{"id":57453,"date":"2025-11-08T02:51:04","date_gmt":"2025-11-08T05:51:04","guid":{"rendered":"https:\/\/maxradio923.com.ar\/index.php\/2025\/11\/08\/populismos-a-izquierda-y-derecha-que-resultados-economicos-tuvieron-segun-un-estudio-academico\/"},"modified":"2025-11-08T02:51:04","modified_gmt":"2025-11-08T05:51:04","slug":"populismos-a-izquierda-y-derecha-que-resultados-economicos-tuvieron-segun-un-estudio-academico","status":"publish","type":"post","link":"https:\/\/maxradio923.com.ar\/index.php\/2025\/11\/08\/populismos-a-izquierda-y-derecha-que-resultados-economicos-tuvieron-segun-un-estudio-academico\/","title":{"rendered":"Populismos a izquierda y derecha: qu\u00e9 resultados econ\u00f3micos tuvieron, seg\u00fan un estudio acad\u00e9mico"},"content":{"rendered":"<p><\/p>\n<h2 class=\"article-subheadline text_align_left\">Una investigaci\u00f3n evalu\u00f3 las experiencias de 60 pa\u00edses a lo largo de m\u00e1s 120 a\u00f1os y midi\u00f3 sus efectos econ\u00f3micos e institucionales<\/h2>\n<p><\/p>\n<p class=\"paragraph\">La marea populista de izquierda en Am\u00e9rica Latina a partir de la primera d\u00e9cada de este siglo, la primera presidencia de <b>Donald Trump<\/b> en EEUU a fines de la segunda y la oleada de populismos de derecha en Europa en los \u00faltimos a\u00f1os llevaron a un estudio internacional sobre la historia y los efectos econ\u00f3micos e institucionales de los reg\u00edmenes populistas a lo largo de m\u00e1s de 120 a\u00f1os. <\/p>\n<p><\/p>\n<p class=\"paragraph\">El anti-elitismo de los populismos de izquierda, m\u00e1s frecuentes en Am\u00e9rica Latina, se enmarca b\u00e1sicamente en t\u00e9rminos econ\u00f3micos: el ataque a elites capitalistas \u201csaqueadoras\u201d del pa\u00eds y del \u201cpueblo\u201d en el marco de la globalizaci\u00f3n y con el respaldo de bancos, fondos de inversi\u00f3n y entes multilaterales como el FMI. Su receta b\u00e1sica es intervenci\u00f3n estatal y nacionalismo econ\u00f3mico con un discurso polarizador centrado en cuestiones financieras y econ\u00f3micas y otro cultural \u201cinclusivo\u201d y \u201cmulticultural\u201d. <\/p>\n<p><\/p>\n<p class=\"paragraph\">Los populismos de derecha, m\u00e1s caracter\u00edsticos de Europa, pero no extra\u00f1os a Am\u00e9rica Latina, suelen plantear su discurso en t\u00e9rminos de rechazo a inmigrantes, extranjeros y minor\u00edas religiosas contrarias a la \u201ccultura\u201d y la \u201cidentidad nacional\u201d. Al igual que los populistas de izquierda, los de derecha tambi\u00e9n se declaran anti-elitistas: dicen defender al \u201chombre com\u00fan\u201d y quieren recuperar \u201cvalores tradicionales\u201d. Tambi\u00e9n son cr\u00edticos de la globalizaci\u00f3n, pero en el \u00e1mbito econ\u00f3mico promueven -en general- baja regulaci\u00f3n, bajos impuestos e intervenci\u00f3n estatal limitada. <\/p>\n<p><\/p>\n<p class=\"paragraph\">\u201cBasados en estas definiciones <b>Vladimir Putin, Ronald Reagan y Barack Obama<\/b>, por ejemplo, no pueden ser clasificados como populistas, pero <b>Jair Bolsonaro, Silvio Berlusconi y Donald Trump<\/b> claramente s\u00ed\u201d, dicen los autores, cuyo estudio, por el per\u00edodo que abarca, no incluye al gobierno de <b>Javier Milei<\/b>, aunque la definici\u00f3n en que se basan se le aplica al discurso con el que el hoy presidente lleg\u00f3 al gobierno y mantuvo en su etapa inicial, pero atenu\u00f3 tras su reciente triunfo en las elecciones legislativas. Otro estudio, de 2025, sobre la tendencia de los populismos de izquierda a cambiar las reglas y alargar sus mandatos, cita un libro acad\u00e9mico que incluye expresamente a los gobiernos de Milei en la Argentina y de<b> Nayib Bukele<\/b> en El Salvador como \u201cpopulismos de derecha\u201d.<\/p>\n<p><img decoding=\"async\" src=\"https:\/\/www.infobae.com\/\/resizer\/v2\/CYPCH3KLBVAHJLPMYRUTXZKC6I.jpg?auth=01e6a7db3fad5f22ba3bbc85abd75b57f717b8a0ee49a450401c00bc93edd810\" alt=\"infografia\" class=\"responsive\"><\/p>\n<p class=\"paragraph\">El estudio de los investigadores alemanes afirma que los reg\u00edmenes populistas se basan en un falso \u201csentido com\u00fan\u201d de nacionalismo y proteccionismo y t\u00edpicamente socavan las instituciones democr\u00e1ticas. El foco no es estudiar las causas del relativo \u00e9xito electoral del populismo (por qu\u00e9 los votan) sino sus efectos econ\u00f3micos e institucionales. <\/p>\n<p><\/p>\n<p class=\"paragraph\">Es una cuesti\u00f3n importante, pues -seg\u00fan surge del estudio- <b>en t\u00e9rminos de peso pol\u00edtico el populismo est\u00e1 en un pico hist\u00f3rico, los gobiernos populistas tienden a durar m\u00e1s que los no populistas y los pa\u00edses que han tenido liderazgos populistas tienden a recaer en ellos, pese a sus malos resultados. <\/b><\/p>\n","protected":false},"excerpt":{"rendered":"<p>Una investigaci\u00f3n evalu\u00f3 las experiencias de 60 pa\u00edses a lo largo de m\u00e1s 120 a\u00f1os y midi\u00f3 sus efectos econ\u00f3micos e institucionales La marea populista de izquierda en Am\u00e9rica Latina a partir de la primera d\u00e9cada de este siglo, la primera presidencia de Donald Trump en EEUU a fines de la segunda y la oleada [&hellip;]<\/p>\n","protected":false},"author":2,"featured_media":57454,"comment_status":"","ping_status":"","sticky":false,"template":"","format":"standard","meta":{"footnotes":""},"categories":[12],"tags":[],"_links":{"self":[{"href":"https:\/\/maxradio923.com.ar\/index.php\/wp-json\/wp\/v2\/posts\/57453"}],"collection":[{"href":"https:\/\/maxradio923.com.ar\/index.php\/wp-json\/wp\/v2\/posts"}],"about":[{"href":"https:\/\/maxradio923.com.ar\/index.php\/wp-json\/wp\/v2\/types\/post"}],"author":[{"embeddable":true,"href":"https:\/\/maxradio923.com.ar\/index.php\/wp-json\/wp\/v2\/users\/2"}],"replies":[{"embeddable":true,"href":"https:\/\/maxradio923.com.ar\/index.php\/wp-json\/wp\/v2\/comments?post=57453"}],"version-history":[{"count":0,"href":"https:\/\/maxradio923.com.ar\/index.php\/wp-json\/wp\/v2\/posts\/57453\/revisions"}],"wp:featuredmedia":[{"embeddable":true,"href":"https:\/\/maxradio923.com.ar\/index.php\/wp-json\/wp\/v2\/media\/57454"}],"wp:attachment":[{"href":"https:\/\/maxradio923.com.ar\/index.php\/wp-json\/wp\/v2\/media?parent=57453"}],"wp:term":[{"taxonomy":"category","embeddable":true,"href":"https:\/\/maxradio923.com.ar\/index.php\/wp-json\/wp\/v2\/categories?post=57453"},{"taxonomy":"post_tag","embeddable":true,"href":"https:\/\/maxradio923.com.ar\/index.php\/wp-json\/wp\/v2\/tags?post=57453"}],"curies":[{"name":"wp","href":"https:\/\/api.w.org\/{rel}","templated":true}]}}