{"id":57449,"date":"2025-11-08T02:35:13","date_gmt":"2025-11-08T05:35:13","guid":{"rendered":"https:\/\/maxradio923.com.ar\/index.php\/2025\/11\/08\/no-pedimos-privilegios-pedimos-igualdad-el-mensaje-de-martin-cabrales-a-dias-de-la-conferencia-de-la-uia\/"},"modified":"2025-11-08T02:35:13","modified_gmt":"2025-11-08T05:35:13","slug":"no-pedimos-privilegios-pedimos-igualdad-el-mensaje-de-martin-cabrales-a-dias-de-la-conferencia-de-la-uia","status":"publish","type":"post","link":"https:\/\/maxradio923.com.ar\/index.php\/2025\/11\/08\/no-pedimos-privilegios-pedimos-igualdad-el-mensaje-de-martin-cabrales-a-dias-de-la-conferencia-de-la-uia\/","title":{"rendered":"\u201cNo pedimos privilegios, pedimos igualdad\u201d: el mensaje de Mart\u00edn Cabrales, a d\u00edas de la conferencia de la UIA"},"content":{"rendered":"<p><\/p>\n<h2 class=\"article-subheadline text_align_left\">El industrial del caf\u00e9 preside la 31\u00b0 Conferencia Industrial. De qu\u00e9 se hablar\u00e1 en el evento y cu\u00e1les son las principales preocupaciones del sector de cara al 2026<\/h2>\n<p><\/p>\n<p class=\"paragraph\">Con el foco en la necesidad de reducir costos para ser m\u00e1s competitivos, en un mundo agresivo en t\u00e9rminos comerciales y un modelo econ\u00f3mico que ha quitado infinidad de barreras a la importaci\u00f3n y cuyo ajuste afect\u00f3 fuertemente el consumo interno en el \u00faltimo a\u00f1o y medio, los industriales se reunir\u00e1n el pr\u00f3ximo jueves, como todos los a\u00f1os, en la<b> Conferencia Anual de la UIA<\/b> para debatir el futuro del sector. <\/p>\n<p><\/p>\n<p class=\"paragraph\"><b>\u2014\u00bfCu\u00e1l es el eje de debate de esta 31\u00b0 Conferencia Industrial?<\/b><\/p>\n<p><\/p>\n<h2 class=\"header headline-class-h2\"><span class=\"\" style=\"display:block\">La industria y el \u201ccosto argentino\u201d<\/span><\/h2>\n<p><\/p>\n<p class=\"paragraph\">\u2014El futuro se produce hoy, como llamamos a la conferencia. Es decir, el papel de la industria en el futuro argentino, la importancia que tiene la industria como generadora de trabajo calificado, como soluci\u00f3n a los problemas que vive la Argentina. Los industriales nos vemos como parte integral de esa soluci\u00f3n. Los que invertimos, los que arriesgamos. <\/p>\n<p><\/p>\n<p class=\"paragraph\"><b>\u2014\u00bfQu\u00e9 mensajes enviaron el Papa y el rey de Espa\u00f1a?<\/b><\/p>\n<p><\/p>\n<p class=\"paragraph\">\u2014La carta del Papa habla mucho sobre el trabajo y la integridad del ser humano, mientras que la del Rey es un saludo a la industria y a la producci\u00f3n argentina, deseando \u00e9xito en un proceso de integraci\u00f3n, una Argentina integrada al mundo.<\/p>\n<p><\/p>\n<p class=\"paragraph\"><b>\u2014\u00bfC\u00f3mo est\u00e1 la industria hoy? \u00bfCu\u00e1l va a ser el mensaje de los empresarios en esta conferencia?<\/b><\/p>\n","protected":false},"excerpt":{"rendered":"<p>El industrial del caf\u00e9 preside la 31\u00b0 Conferencia Industrial. De qu\u00e9 se hablar\u00e1 en el evento y cu\u00e1les son las principales preocupaciones del sector de cara al 2026 Con el foco en la necesidad de reducir costos para ser m\u00e1s competitivos, en un mundo agresivo en t\u00e9rminos comerciales y un modelo econ\u00f3mico que ha quitado [&hellip;]<\/p>\n","protected":false},"author":2,"featured_media":57450,"comment_status":"","ping_status":"","sticky":false,"template":"","format":"standard","meta":{"footnotes":""},"categories":[12],"tags":[],"_links":{"self":[{"href":"https:\/\/maxradio923.com.ar\/index.php\/wp-json\/wp\/v2\/posts\/57449"}],"collection":[{"href":"https:\/\/maxradio923.com.ar\/index.php\/wp-json\/wp\/v2\/posts"}],"about":[{"href":"https:\/\/maxradio923.com.ar\/index.php\/wp-json\/wp\/v2\/types\/post"}],"author":[{"embeddable":true,"href":"https:\/\/maxradio923.com.ar\/index.php\/wp-json\/wp\/v2\/users\/2"}],"replies":[{"embeddable":true,"href":"https:\/\/maxradio923.com.ar\/index.php\/wp-json\/wp\/v2\/comments?post=57449"}],"version-history":[{"count":0,"href":"https:\/\/maxradio923.com.ar\/index.php\/wp-json\/wp\/v2\/posts\/57449\/revisions"}],"wp:featuredmedia":[{"embeddable":true,"href":"https:\/\/maxradio923.com.ar\/index.php\/wp-json\/wp\/v2\/media\/57450"}],"wp:attachment":[{"href":"https:\/\/maxradio923.com.ar\/index.php\/wp-json\/wp\/v2\/media?parent=57449"}],"wp:term":[{"taxonomy":"category","embeddable":true,"href":"https:\/\/maxradio923.com.ar\/index.php\/wp-json\/wp\/v2\/categories?post=57449"},{"taxonomy":"post_tag","embeddable":true,"href":"https:\/\/maxradio923.com.ar\/index.php\/wp-json\/wp\/v2\/tags?post=57449"}],"curies":[{"name":"wp","href":"https:\/\/api.w.org\/{rel}","templated":true}]}}