{"id":57444,"date":"2025-11-08T01:29:05","date_gmt":"2025-11-08T04:29:05","guid":{"rendered":"https:\/\/maxradio923.com.ar\/index.php\/2025\/11\/08\/0352reforma-tributaria-los-cambios-en-iva-ganancias-e-ingresos-brutos-y-el-desafio-de-los-gobernadores-excluidos-por-milei\/"},"modified":"2025-11-08T01:29:05","modified_gmt":"2025-11-08T04:29:05","slug":"0352reforma-tributaria-los-cambios-en-iva-ganancias-e-ingresos-brutos-y-el-desafio-de-los-gobernadores-excluidos-por-milei","status":"publish","type":"post","link":"https:\/\/maxradio923.com.ar\/index.php\/2025\/11\/08\/0352reforma-tributaria-los-cambios-en-iva-ganancias-e-ingresos-brutos-y-el-desafio-de-los-gobernadores-excluidos-por-milei\/","title":{"rendered":"03:52Reforma tributaria: los cambios en IVA, Ganancias e Ingresos Brutos y el desaf\u00edo de los gobernadores excluidos por Milei"},"content":{"rendered":"<p><\/p>\n<h2 class=\"article-subheadline text_align_left\">Nuevas reglas fiscales y el impacto en los ingresos de las provincias configuran un escenario de alta incertidumbre. C\u00f3mo afectar\u00e1n al bolsillo y qu\u00e9 obst\u00e1culos surgen con la ausencia de varios mandatarios en la mesa de negociaci\u00f3n<\/h2>\n<p><\/p>\n<p class=\"paragraph\">El Gobierno defini\u00f3 que las reformas de \u201csegundo orden\u201d como aquello que estaba en juego en las elecciones legislativas. Y ahora, con la victoria y la nueva composici\u00f3n del Congreso a partir del 10 de diciembre, crece el compromiso de enviar una nueva propuesta para el sistema tributario. <\/p>\n<p><\/p>\n<p class=\"paragraph\">Para el CEO de Lisicki, Litvin &amp; Abelovich, <b>C\u00e9sar Litvin<\/b>, la reforma tributaria s\u00f3lo ser\u00e1 viable si el IVA dividido se contempla junto con IIBB y las Tasa de Seguridad e Higiene (TASH) que cobran los municipios sin una contraprestaci\u00f3n en la mayor\u00eda de los casos. <\/p>\n<p><\/p>\n<p class=\"paragraph\">Respecto a un IVA dividido, donde la Naci\u00f3n se quede con una tasa de <b>9,5%<\/b> y que cada provincia aplique una al\u00edcuota propia, <b>Sebasti\u00e1n Dom\u00ednguez<\/b>, CEO de SDC Asesores Tributarios, la gran ganadora ser\u00eda la provincia de Buenos Aires. <\/p>\n<p><\/p>\n<p class=\"paragraph\">Dom\u00ednguez dijo a<b> Infobae<\/b>: \u201cHoy por hoy las provincias reciben un porcentaje autom\u00e1tico de IVA en la coparticipaci\u00f3n, independientemente del valor agregado que se genera en su jurisdicci\u00f3n\u201d. Por este motivo, los gobernadores, sobre todo de las provincias m\u00e1s peque\u00f1as, no van a tener incentivos para cambiar el esquema.<\/p>\n<p><\/p>\n<p class=\"paragraph\">Como en otras oportunidades, Caputo prometi\u00f3 una baja en el Impuesto a las Ganancias. \u201cParte es lo que viene es una reforma tributaria, que va a favorecer a todos. Cuando digo a todos es a Naci\u00f3n, provincias, empresarios, a la gente. Vamos a un esquema de simplificaci\u00f3n de impuestos, de menores impuestos, de baja de impuestos. Habr\u00e1 baja del Impuesto a las Ganancias a los individuos\u201d, afirm\u00f3. <\/p>\n<p><\/p>\n<p class=\"paragraph\">La \u00fanica v\u00eda posible mediante la cual se podr\u00eda bajar el impuesto a las Ganancias, seg\u00fan explicaron los especialistas, es a trav\u00e9s del aumento de las deducciones personales y familiares. <\/p>\n","protected":false},"excerpt":{"rendered":"<p>Nuevas reglas fiscales y el impacto en los ingresos de las provincias configuran un escenario de alta incertidumbre. C\u00f3mo afectar\u00e1n al bolsillo y qu\u00e9 obst\u00e1culos surgen con la ausencia de varios mandatarios en la mesa de negociaci\u00f3n El Gobierno defini\u00f3 que las reformas de \u201csegundo orden\u201d como aquello que estaba en juego en las elecciones [&hellip;]<\/p>\n","protected":false},"author":2,"featured_media":55815,"comment_status":"","ping_status":"","sticky":false,"template":"","format":"standard","meta":{"footnotes":""},"categories":[12],"tags":[],"_links":{"self":[{"href":"https:\/\/maxradio923.com.ar\/index.php\/wp-json\/wp\/v2\/posts\/57444"}],"collection":[{"href":"https:\/\/maxradio923.com.ar\/index.php\/wp-json\/wp\/v2\/posts"}],"about":[{"href":"https:\/\/maxradio923.com.ar\/index.php\/wp-json\/wp\/v2\/types\/post"}],"author":[{"embeddable":true,"href":"https:\/\/maxradio923.com.ar\/index.php\/wp-json\/wp\/v2\/users\/2"}],"replies":[{"embeddable":true,"href":"https:\/\/maxradio923.com.ar\/index.php\/wp-json\/wp\/v2\/comments?post=57444"}],"version-history":[{"count":0,"href":"https:\/\/maxradio923.com.ar\/index.php\/wp-json\/wp\/v2\/posts\/57444\/revisions"}],"wp:featuredmedia":[{"embeddable":true,"href":"https:\/\/maxradio923.com.ar\/index.php\/wp-json\/wp\/v2\/media\/55815"}],"wp:attachment":[{"href":"https:\/\/maxradio923.com.ar\/index.php\/wp-json\/wp\/v2\/media?parent=57444"}],"wp:term":[{"taxonomy":"category","embeddable":true,"href":"https:\/\/maxradio923.com.ar\/index.php\/wp-json\/wp\/v2\/categories?post=57444"},{"taxonomy":"post_tag","embeddable":true,"href":"https:\/\/maxradio923.com.ar\/index.php\/wp-json\/wp\/v2\/tags?post=57444"}],"curies":[{"name":"wp","href":"https:\/\/api.w.org\/{rel}","templated":true}]}}