{"id":57442,"date":"2025-11-08T01:13:05","date_gmt":"2025-11-08T04:13:05","guid":{"rendered":"https:\/\/maxradio923.com.ar\/index.php\/2025\/11\/08\/reforma-laboral-que-reclaman-comercios-y-pymes-para-aumentar-la-competitividad\/"},"modified":"2025-11-08T01:13:05","modified_gmt":"2025-11-08T04:13:05","slug":"reforma-laboral-que-reclaman-comercios-y-pymes-para-aumentar-la-competitividad","status":"publish","type":"post","link":"https:\/\/maxradio923.com.ar\/index.php\/2025\/11\/08\/reforma-laboral-que-reclaman-comercios-y-pymes-para-aumentar-la-competitividad\/","title":{"rendered":"Reforma laboral: qu\u00e9 reclaman comercios y pymes para aumentar la competitividad"},"content":{"rendered":"<p><\/p>\n<h2 class=\"article-subheadline text_align_left\">Entidades como la C\u00e1mara Argentina de Comercio, CAME e Industriales Pymes Argentinos presentan propuestas enfocadas en reducir costos, actualizar normativas y dar previsibilidad <\/h2>\n<p><\/p>\n<p class=\"paragraph\">Mientras se discute en el Consejo de Mayo una reforma laboral, tanto los sectores vinculados al comercio como las peque\u00f1as y medianas empresas (pyme) aportan propuestas con el objetivo de mejorar su competitividad. El debate se centra en la actualizaci\u00f3n normativas, la reducci\u00f3n de cargas y costos no salariales y modificaciones en el proceso judicial por desvinculaciones.<\/p>\n<p><\/p>\n<p class=\"paragraph\">Como diagn\u00f3stico, <b>Esteban Mancuso<\/b>, coordinador de asuntos laborales de la C\u00e1mara Argentina de Comercio (CAC), dijo a <b>Infobae<\/b>: \u201cHoy en d\u00eda no estamos siendo competitivos a nivel regional. Apuntamos a que la reforma favorezca un mercado laboral m\u00e1s digno y, al mismo tiempo, una competencia comercial m\u00e1s justa\u201d.<\/p>\n<p><\/p>\n<p class=\"paragraph\">Mancuso subray\u00f3 el peso de los costos laborales no salariales: \u201cMientras un comerciante no registra a sus empleados, aquel que s\u00ed lo hace afronta un costo total de $150 por cada $100 que paga en sueldos\u201d.<\/p>\n<p><\/p>\n<p class=\"paragraph\">Tambi\u00e9n remarc\u00f3 la importancia de un repunte de la actividad econ\u00f3mica: \u201cSi no hay consumo, las empresas no se van a expandir e incluso, no van a necesitar a los empleados que ya tienen\u201d.<\/p>\n<p><\/p>\n<p class=\"paragraph\">En la CAC advierten que existen problemas desde la registraci\u00f3n inicial hasta la finalizaci\u00f3n de la relaci\u00f3n laboral. Uno de los inconvenientes es la doble imposici\u00f3n.<b> <\/b><\/p>\n<p><\/p>\n<p class=\"paragraph\">Mancuso<b> <\/b>explic\u00f3: \u201cEn ciertos municipios o localidades se exige doble registraci\u00f3n. Aunque el trabajador est\u00e9 correctamente dado de alta, no figura en el registro de empleados de la jurisdicci\u00f3n. Por eso, el sector empleador propuso incorporar una leyenda que deje constancia de que ese tr\u00e1mite equivale al alta correspondiente\u201d.<\/p>\n","protected":false},"excerpt":{"rendered":"<p>Entidades como la C\u00e1mara Argentina de Comercio, CAME e Industriales Pymes Argentinos presentan propuestas enfocadas en reducir costos, actualizar normativas y dar previsibilidad Mientras se discute en el Consejo de Mayo una reforma laboral, tanto los sectores vinculados al comercio como las peque\u00f1as y medianas empresas (pyme) aportan propuestas con el objetivo de mejorar su [&hellip;]<\/p>\n","protected":false},"author":2,"featured_media":57443,"comment_status":"","ping_status":"","sticky":false,"template":"","format":"standard","meta":{"footnotes":""},"categories":[12],"tags":[],"_links":{"self":[{"href":"https:\/\/maxradio923.com.ar\/index.php\/wp-json\/wp\/v2\/posts\/57442"}],"collection":[{"href":"https:\/\/maxradio923.com.ar\/index.php\/wp-json\/wp\/v2\/posts"}],"about":[{"href":"https:\/\/maxradio923.com.ar\/index.php\/wp-json\/wp\/v2\/types\/post"}],"author":[{"embeddable":true,"href":"https:\/\/maxradio923.com.ar\/index.php\/wp-json\/wp\/v2\/users\/2"}],"replies":[{"embeddable":true,"href":"https:\/\/maxradio923.com.ar\/index.php\/wp-json\/wp\/v2\/comments?post=57442"}],"version-history":[{"count":0,"href":"https:\/\/maxradio923.com.ar\/index.php\/wp-json\/wp\/v2\/posts\/57442\/revisions"}],"wp:featuredmedia":[{"embeddable":true,"href":"https:\/\/maxradio923.com.ar\/index.php\/wp-json\/wp\/v2\/media\/57443"}],"wp:attachment":[{"href":"https:\/\/maxradio923.com.ar\/index.php\/wp-json\/wp\/v2\/media?parent=57442"}],"wp:term":[{"taxonomy":"category","embeddable":true,"href":"https:\/\/maxradio923.com.ar\/index.php\/wp-json\/wp\/v2\/categories?post=57442"},{"taxonomy":"post_tag","embeddable":true,"href":"https:\/\/maxradio923.com.ar\/index.php\/wp-json\/wp\/v2\/tags?post=57442"}],"curies":[{"name":"wp","href":"https:\/\/api.w.org\/{rel}","templated":true}]}}