{"id":57436,"date":"2025-11-07T23:51:04","date_gmt":"2025-11-08T02:51:04","guid":{"rendered":"https:\/\/maxradio923.com.ar\/index.php\/2025\/11\/07\/marcela-tinayre-hablo-sobre-los-rumores-de-distanciamiento-con-juana-viale-sabes-a-cuantos-cumpleanos-no-han-venido-mis-hijos\/"},"modified":"2025-11-07T23:51:04","modified_gmt":"2025-11-08T02:51:04","slug":"marcela-tinayre-hablo-sobre-los-rumores-de-distanciamiento-con-juana-viale-sabes-a-cuantos-cumpleanos-no-han-venido-mis-hijos","status":"publish","type":"post","link":"https:\/\/maxradio923.com.ar\/index.php\/2025\/11\/07\/marcela-tinayre-hablo-sobre-los-rumores-de-distanciamiento-con-juana-viale-sabes-a-cuantos-cumpleanos-no-han-venido-mis-hijos\/","title":{"rendered":"Marcela Tinayre habl\u00f3 sobre los rumores de distanciamiento con Juana Viale: \u201c\u00bfSab\u00e9s a cu\u00e1ntos cumplea\u00f1os no han venido mis hijos?\u201d"},"content":{"rendered":"<p><\/p>\n<h2 class=\"article-subheadline text_align_left\">La conductora fue tajante a la hora de referirse a la relaci\u00f3n que tiene con la actriz y dej\u00f3 en claro que no hay ning\u00fan problema entre ellas<\/h2>\n<p><\/p>\n<p class=\"paragraph\"><b>Marcela Tinayre<\/b> sali\u00f3 al cruce de los rumores sobre un supuesto conflicto y distanciamiento con su hija <b>Juana Viale<\/b>, eligiendo el programa <i>LAM <\/i>(Am\u00e9rica TV) para dar su versi\u00f3n y aclarar c\u00f3mo es la verdadera din\u00e1mica familiar. Frente a las reiteradas especulaciones medi\u00e1ticas sobre internas, peleas y agendas cruzadas, la conductora se mostr\u00f3 decidida a exponer su mirada, subrayando los matices que pueden surgir en cualquier v\u00ednculo, sin esquivar la influencia de la exposici\u00f3n p\u00fablica sobre la interpretaci\u00f3n de sus gestos y decisiones cotidianas.<\/p>\n<p><\/p>\n<p class=\"paragraph\">El cronista mencion\u00f3 que Lussich y Pallares contaron que Tinayre y Juana estaban distanciadas. Ella aclar\u00f3: \u201cPero yo lo habl\u00e9 con Pallares\u201d. Cuando le pidieron contar qu\u00e9 hab\u00eda pasado, describi\u00f3 el origen de los rumores: \u201cNo, no, lo habl\u00e9 en una fiesta, que estas huevadas diciendo. Y despu\u00e9s alguien dijo que escuch\u00e9 que Juana que yo le hab\u00eda hecho un reproche de&#8230;\u201d. <\/p>\n<p><\/p>\n<p class=\"paragraph\">M\u00e1s tarde, el cronista precis\u00f3 el tema de la \u201cmaternidad de Juana\u201d. Tinayre fue enf\u00e1tica: \u201c<b>Ustedes saben lo que es Juana como mam\u00e1, es mejor que cualquier mam\u00e1 que labura, que tiene tres trabajos, que va, viene. Juana estuvo viajando. Yo la reemplazo cuando se va de viaje, porque estoy con mis nietos, todo. Termino agotada, chicos. Nada me perturba m\u00e1s que estar alejada o peleada con un hijo en la vida<\/b>\u201d.<\/p>\n<p><\/p>\n<p class=\"paragraph\">El cronista mencion\u00f3 la versi\u00f3n acerca de un distanciamiento de dos meses. Tinayre lo neg\u00f3 rotundamente: \u201cJam\u00e1s dos meses, jam\u00e1s dos meses. Si me han visto, la semana pasada estaba con todos mis nietos llev\u00e1ndoselos a Juana\u201d. Y a\u00f1adi\u00f3 una perspectiva sobre la repetici\u00f3n de rumores familiares en otras figuras: \u201c<b>\u00bfViste que hubo como una moda? Susana se pele\u00f3 con la nieta, Marcela con Juana, eh, Tinelli, fuera de los temas econ\u00f3micos, es un padrazo, debe estar pas\u00e1ndola como la mona. Por eso, hubo como una moda de familiares conocidos peleados con los hijos<\/b>\u201d.<\/p>\n<p><\/p>\n<p class=\"paragraph\">Cuando le preguntaron si esta informaci\u00f3n era malintencionada, respondi\u00f3: \u201c\u00bfMalintencionada? \u00bfCu\u00e1l era la intenci\u00f3n?\u201d. El cronista supuso que tal vez algunos buscaban que los medios hablaran de eso. Tinayre lo descart\u00f3: \u201c<b>No, no somos ese estilo nosotros<\/b>\u201d. El periodista insisti\u00f3 entonces si hubo alg\u00fan hecho concreto: \u201cO sea, no pas\u00f3 nada entre ustedes para que esto quede claro, entonces\u201d. Tinayre fue categ\u00f3rica: \u201c<b>No hubo ning\u00fan tipo de discusi\u00f3n ni de pelea<\/b>\u201d.<\/p>\n<p><\/p>\n<p class=\"paragraph\">El cronista consult\u00f3 si los colegas, como Rodrigo Lussich, hab\u00edan manejado informaci\u00f3n incorrecta. Tinayre sostuvo: <b>\u201cYo creo que s\u00ed, que tuvieron una informaci\u00f3n o tuvieron una informaci\u00f3n de alguna discusi\u00f3n recontra vieja, pero nadie se separ\u00f3 dos meses<\/b>\u201d. Luego, neg\u00f3 categ\u00f3ricamente la versi\u00f3n de que Mirtha Legrand dejar\u00eda la televisi\u00f3n el a\u00f1o pr\u00f3ximo: \u201cMentira, mentira. Tambi\u00e9n se lo dije a Pallares, que tambi\u00e9n lo dijo. Digo: \u2018\u00bfDe d\u00f3nde sacaste eso? No te llamaron\u2019. No est\u00e1s chequeando la informaci\u00f3n. No, no, alguien lo est\u00e1 chequeando. Hay muchos profesionales que me llaman y me consultan. A m\u00ed no me llam\u00f3 absolutamente nadie, punto uno\u201d.<\/p>\n","protected":false},"excerpt":{"rendered":"<p>La conductora fue tajante a la hora de referirse a la relaci\u00f3n que tiene con la actriz y dej\u00f3 en claro que no hay ning\u00fan problema entre ellas Marcela Tinayre sali\u00f3 al cruce de los rumores sobre un supuesto conflicto y distanciamiento con su hija Juana Viale, eligiendo el programa LAM (Am\u00e9rica TV) para dar [&hellip;]<\/p>\n","protected":false},"author":2,"featured_media":57437,"comment_status":"","ping_status":"","sticky":false,"template":"","format":"standard","meta":{"footnotes":""},"categories":[12],"tags":[],"_links":{"self":[{"href":"https:\/\/maxradio923.com.ar\/index.php\/wp-json\/wp\/v2\/posts\/57436"}],"collection":[{"href":"https:\/\/maxradio923.com.ar\/index.php\/wp-json\/wp\/v2\/posts"}],"about":[{"href":"https:\/\/maxradio923.com.ar\/index.php\/wp-json\/wp\/v2\/types\/post"}],"author":[{"embeddable":true,"href":"https:\/\/maxradio923.com.ar\/index.php\/wp-json\/wp\/v2\/users\/2"}],"replies":[{"embeddable":true,"href":"https:\/\/maxradio923.com.ar\/index.php\/wp-json\/wp\/v2\/comments?post=57436"}],"version-history":[{"count":0,"href":"https:\/\/maxradio923.com.ar\/index.php\/wp-json\/wp\/v2\/posts\/57436\/revisions"}],"wp:featuredmedia":[{"embeddable":true,"href":"https:\/\/maxradio923.com.ar\/index.php\/wp-json\/wp\/v2\/media\/57437"}],"wp:attachment":[{"href":"https:\/\/maxradio923.com.ar\/index.php\/wp-json\/wp\/v2\/media?parent=57436"}],"wp:term":[{"taxonomy":"category","embeddable":true,"href":"https:\/\/maxradio923.com.ar\/index.php\/wp-json\/wp\/v2\/categories?post=57436"},{"taxonomy":"post_tag","embeddable":true,"href":"https:\/\/maxradio923.com.ar\/index.php\/wp-json\/wp\/v2\/tags?post=57436"}],"curies":[{"name":"wp","href":"https:\/\/api.w.org\/{rel}","templated":true}]}}