{"id":57434,"date":"2025-11-07T23:03:04","date_gmt":"2025-11-08T02:03:04","guid":{"rendered":"https:\/\/maxradio923.com.ar\/index.php\/2025\/11\/07\/palito-ortega-cancelo-dos-shows-y-su-hija-julieta-aclaro-el-motivo-todavia-esta-muy-dolorido-por-el-herpes-zoster\/"},"modified":"2025-11-07T23:03:04","modified_gmt":"2025-11-08T02:03:04","slug":"palito-ortega-cancelo-dos-shows-y-su-hija-julieta-aclaro-el-motivo-todavia-esta-muy-dolorido-por-el-herpes-zoster","status":"publish","type":"post","link":"https:\/\/maxradio923.com.ar\/index.php\/2025\/11\/07\/palito-ortega-cancelo-dos-shows-y-su-hija-julieta-aclaro-el-motivo-todavia-esta-muy-dolorido-por-el-herpes-zoster\/","title":{"rendered":"Palito Ortega cancel\u00f3 dos shows y su hija Julieta aclar\u00f3 el motivo: \u201cTodav\u00eda est\u00e1 muy dolorido por el herpes zoster\u201d"},"content":{"rendered":"<p><\/p>\n<h2 class=\"article-subheadline text_align_left\">El popular cantante suspendi\u00f3 conciertos en Entre R\u00edos y Tandil. En octubre, hab\u00eda cancelado varias presentaciones. La palabra de la actriz a Teleshow ante la preocupaci\u00f3n que gener\u00f3<\/h2>\n<p><\/p>\n<p class=\"paragraph\">El estado de <b>salud de Ram\u00f3n Palito Ortega<\/b> ha generado nuevamente inquietud entre sus seguidores, tras la reciente suspensi\u00f3n de sus presentaciones, una situaci\u00f3n que fue confirmada por su hija, la actriz <b>Julieta Ortega<\/b>, en di\u00e1logo con <i>Teleshow<\/i>. La artista explic\u00f3 que, aunque se hab\u00edan anunciado nuevas fechas para el regreso de su padre a los escenarios, la recuperaci\u00f3n a\u00fan no le permite retomar la actividad art\u00edstica.<\/p>\n<p><\/p>\n<p class=\"paragraph\"><b>La cancelaci\u00f3n del show de <\/b><b>Palito Ortega<\/b><b> en Paran\u00e1<\/b> por <b>causas de fuerza mayor del artista,<\/b> activ\u00f3 un operativo especial para la <b>devoluci\u00f3n de entradas<\/b>. El espect\u00e1culo, programado para el 9 de noviembre, no se realizar\u00e1 porque el reconocido m\u00fasico, dijeron desde Paracima Producciones, <b>\u201cno se encuentra en condiciones de brindar el show\u201d<\/b>. <\/p>\n<p><\/p>\n<p class=\"paragraph\">La productora responsable del evento en el <b>Centro de Convenciones de Paran\u00e1 <\/b>comunic\u00f3 que la decisi\u00f3n responde exclusivamente a cuestiones de salud del artista. <b>En su mensaje, lamentaron la situaci\u00f3n y subrayaron que la prioridad fue siempre el bienestar de Palito Ortega, a quien manifestaron sus deseos de pronta recuperaci\u00f3n.<\/b> Esta no es la primera vez que el show en Paran\u00e1 se cancela, lo que ha incrementado la inquietud entre quienes esperaban la presentaci\u00f3n.<\/p>\n<p><\/p>\n<p class=\"paragraph\"><b>En la cuenta oficial de Ortega<\/b> tambi\u00e9n se anunci\u00f3 la suspensi\u00f3n de la presentaci\u00f3n en el estadio Uni\u00f3n y Progreso de <b>Tandil<\/b>, aunque s\u00f3lo se\u00f1alan \u201cmotivos de fuerza mayor\u201d, sin difundir detalles espec\u00edficos ni comunicar posibles nuevas fechas.<\/p>\n<p><\/p>\n<p class=\"paragraph\">En cuanto al procedimiento para la <b>devoluci\u00f3n de entradas<\/b>, la organizaci\u00f3n estableci\u00f3 diferentes mecanismos seg\u00fan el m\u00e9todo de pago utilizado. Para quienes adquirieron sus tickets con tarjeta de cr\u00e9dito, el reintegro se proces\u00f3 de manera autom\u00e1tica y se reflejar\u00e1 en el pr\u00f3ximo resumen de la tarjeta. En el caso de compras realizadas con tarjeta de d\u00e9bito o a trav\u00e9s de Mercado Pago, el reembolso total se acreditar\u00e1 autom\u00e1ticamente en un plazo de hasta 15 d\u00edas.<\/p>\n<p><\/p>\n<p class=\"paragraph\">Quienes abonaron en efectivo en los puntos de venta f\u00edsicos, como <i><b>The Music Store<\/b><\/i><i> <\/i>o<i> <\/i><i><b>Flamingo Bar<\/b><\/i><i>, <\/i>deber\u00e1n acercarse al mismo local con su DNI para gestionar la devoluci\u00f3n. La productora aclar\u00f3 que estos comercios no est\u00e1n directamente vinculados a la organizaci\u00f3n del evento, por lo que cualquier consulta debe dirigirse a la producci\u00f3n.<\/p>\n","protected":false},"excerpt":{"rendered":"<p>El popular cantante suspendi\u00f3 conciertos en Entre R\u00edos y Tandil. En octubre, hab\u00eda cancelado varias presentaciones. La palabra de la actriz a Teleshow ante la preocupaci\u00f3n que gener\u00f3 El estado de salud de Ram\u00f3n Palito Ortega ha generado nuevamente inquietud entre sus seguidores, tras la reciente suspensi\u00f3n de sus presentaciones, una situaci\u00f3n que fue confirmada [&hellip;]<\/p>\n","protected":false},"author":2,"featured_media":57435,"comment_status":"","ping_status":"","sticky":false,"template":"","format":"standard","meta":{"footnotes":""},"categories":[12],"tags":[],"_links":{"self":[{"href":"https:\/\/maxradio923.com.ar\/index.php\/wp-json\/wp\/v2\/posts\/57434"}],"collection":[{"href":"https:\/\/maxradio923.com.ar\/index.php\/wp-json\/wp\/v2\/posts"}],"about":[{"href":"https:\/\/maxradio923.com.ar\/index.php\/wp-json\/wp\/v2\/types\/post"}],"author":[{"embeddable":true,"href":"https:\/\/maxradio923.com.ar\/index.php\/wp-json\/wp\/v2\/users\/2"}],"replies":[{"embeddable":true,"href":"https:\/\/maxradio923.com.ar\/index.php\/wp-json\/wp\/v2\/comments?post=57434"}],"version-history":[{"count":0,"href":"https:\/\/maxradio923.com.ar\/index.php\/wp-json\/wp\/v2\/posts\/57434\/revisions"}],"wp:featuredmedia":[{"embeddable":true,"href":"https:\/\/maxradio923.com.ar\/index.php\/wp-json\/wp\/v2\/media\/57435"}],"wp:attachment":[{"href":"https:\/\/maxradio923.com.ar\/index.php\/wp-json\/wp\/v2\/media?parent=57434"}],"wp:term":[{"taxonomy":"category","embeddable":true,"href":"https:\/\/maxradio923.com.ar\/index.php\/wp-json\/wp\/v2\/categories?post=57434"},{"taxonomy":"post_tag","embeddable":true,"href":"https:\/\/maxradio923.com.ar\/index.php\/wp-json\/wp\/v2\/tags?post=57434"}],"curies":[{"name":"wp","href":"https:\/\/api.w.org\/{rel}","templated":true}]}}