{"id":57432,"date":"2025-11-07T22:47:03","date_gmt":"2025-11-08T01:47:03","guid":{"rendered":"https:\/\/maxradio923.com.ar\/index.php\/2025\/11\/07\/de-las-lagrimas-de-nicki-nicole-a-fito-paez-la-reaccion-de-los-argentinos-a-sus-nominaciones-en-los-grammy-2026\/"},"modified":"2025-11-07T22:47:03","modified_gmt":"2025-11-08T01:47:03","slug":"de-las-lagrimas-de-nicki-nicole-a-fito-paez-la-reaccion-de-los-argentinos-a-sus-nominaciones-en-los-grammy-2026","status":"publish","type":"post","link":"https:\/\/maxradio923.com.ar\/index.php\/2025\/11\/07\/de-las-lagrimas-de-nicki-nicole-a-fito-paez-la-reaccion-de-los-argentinos-a-sus-nominaciones-en-los-grammy-2026\/","title":{"rendered":"De las l\u00e1grimas de Nicki Nicole a Fito Pa\u00e9z: la reacci\u00f3n de los argentinos a sus nominaciones en los Grammy 2026"},"content":{"rendered":"<p><\/p>\n<h2 class=\"article-subheadline text_align_left\">Los dos rosarinos, m\u00e1s Trueno y Paco y Ca7riel recibieron el honor de ser ternados en la edici\u00f3n n\u00famero 68 de los premios mundiales de la Recording Academy<\/h2>\n<p><\/p>\n<p class=\"paragraph\">El mediod\u00eda del viernes se conocieron las nominaciones para la edici\u00f3n mundial n\u00famero 68 de los <b>Premios Grammy 2026<\/b>, que se entregar\u00e1n el 1 de febrero en Crypto.com Arena de Los \u00c1ngeles. En una jornada celebrada por la m\u00fasica argentina, varios artistas nacionales fueron destacados por la Recording Academy , entre ellos <b>Nicki Nicole<\/b>, <b>Trueno<\/b>, <b>Fito P\u00e1ez<\/b>, <b>Paco Amoroso<\/b> y <b>Ca7riel<\/b>, quienes celebraron y compartieron sus reacciones en redes sociales.<\/p>\n<p><\/p>\n<p class=\"paragraph\">Trueno, por su parte, reaccion\u00f3 de manera sint\u00e9tica pero contundente: ante la publicaci\u00f3n de los nominados eligi\u00f3 dos emojis \u2013 una llama y manos en posici\u00f3n de rezo \u2013 y despu\u00e9s, al compartir el video de la categor\u00eda en sus historias, escribi\u00f3: \u201c\u00bfDesde el barrio de la Boca?\u201d, haciendo referencia a su origen y el orgullo barrial.<\/p>\n<p><\/p>\n<p class=\"paragraph\">Paco Amoroso y Catriel celebraron juntos otra primera nominaci\u00f3n. Los artistas compartieron en sus historias una imagen en la que aparecen vestidos con trajes oscuros de corte sastre y poses firmes, uno luciendo el cabello corto y platinado, el otro con el cabello casta\u00f1o y detalles rojizos. Enmarcados en un gr\u00e1fico oficial, la leyenda \u201cFIRST-TIME GRAMMY NOMINEE\u201d y sus nombres en letras destacadas acompa\u00f1an el logo de los premios Grammy, todo en una paleta de tonos rosados y etiquetas alusivas a la distinci\u00f3n.<\/p>\n<p><\/p>\n<p class=\"paragraph\">Las nominaciones de estos artistas marcan un hito para la presencia argentina en los <b>Grammy<\/b> y reflejan el alcance, la diversidad y la fuerza de la m\u00fasica nacional en la actualidad. Las diferentes maneras de celebrar \u2014desde las l\u00e1grimas hasta los s\u00edmbolos y los mensajes en redes\u2014 muestran el impacto personal y colectivo de este reconocimiento internacional.<\/p>\n<p><\/p>\n<p class=\"paragraph\">Los argentinos se tendr\u00e1n que enfrentar a pesos pesados en la industria y tendr\u00e1n la posibilidad de hacer historia llevando la estatuilla a sus hogares. <\/p>\n<p><\/p>\n<p class=\"paragraph\"><b>Mejor \u00c1lbum de M\u00fasica Urbana<\/b><\/p>\n","protected":false},"excerpt":{"rendered":"<p>Los dos rosarinos, m\u00e1s Trueno y Paco y Ca7riel recibieron el honor de ser ternados en la edici\u00f3n n\u00famero 68 de los premios mundiales de la Recording Academy El mediod\u00eda del viernes se conocieron las nominaciones para la edici\u00f3n mundial n\u00famero 68 de los Premios Grammy 2026, que se entregar\u00e1n el 1 de febrero en [&hellip;]<\/p>\n","protected":false},"author":2,"featured_media":57433,"comment_status":"","ping_status":"","sticky":false,"template":"","format":"standard","meta":{"footnotes":""},"categories":[12],"tags":[],"_links":{"self":[{"href":"https:\/\/maxradio923.com.ar\/index.php\/wp-json\/wp\/v2\/posts\/57432"}],"collection":[{"href":"https:\/\/maxradio923.com.ar\/index.php\/wp-json\/wp\/v2\/posts"}],"about":[{"href":"https:\/\/maxradio923.com.ar\/index.php\/wp-json\/wp\/v2\/types\/post"}],"author":[{"embeddable":true,"href":"https:\/\/maxradio923.com.ar\/index.php\/wp-json\/wp\/v2\/users\/2"}],"replies":[{"embeddable":true,"href":"https:\/\/maxradio923.com.ar\/index.php\/wp-json\/wp\/v2\/comments?post=57432"}],"version-history":[{"count":0,"href":"https:\/\/maxradio923.com.ar\/index.php\/wp-json\/wp\/v2\/posts\/57432\/revisions"}],"wp:featuredmedia":[{"embeddable":true,"href":"https:\/\/maxradio923.com.ar\/index.php\/wp-json\/wp\/v2\/media\/57433"}],"wp:attachment":[{"href":"https:\/\/maxradio923.com.ar\/index.php\/wp-json\/wp\/v2\/media?parent=57432"}],"wp:term":[{"taxonomy":"category","embeddable":true,"href":"https:\/\/maxradio923.com.ar\/index.php\/wp-json\/wp\/v2\/categories?post=57432"},{"taxonomy":"post_tag","embeddable":true,"href":"https:\/\/maxradio923.com.ar\/index.php\/wp-json\/wp\/v2\/tags?post=57432"}],"curies":[{"name":"wp","href":"https:\/\/api.w.org\/{rel}","templated":true}]}}