{"id":57426,"date":"2025-11-07T21:59:03","date_gmt":"2025-11-08T00:59:03","guid":{"rendered":"https:\/\/maxradio923.com.ar\/index.php\/2025\/11\/07\/el-hijo-de-arturo-illia-lanzo-un-libro-sobre-la-vida-del-ex-presidente-cumplio-todo-lo-que-prometio\/"},"modified":"2025-11-07T21:59:03","modified_gmt":"2025-11-08T00:59:03","slug":"el-hijo-de-arturo-illia-lanzo-un-libro-sobre-la-vida-del-ex-presidente-cumplio-todo-lo-que-prometio","status":"publish","type":"post","link":"https:\/\/maxradio923.com.ar\/index.php\/2025\/11\/07\/el-hijo-de-arturo-illia-lanzo-un-libro-sobre-la-vida-del-ex-presidente-cumplio-todo-lo-que-prometio\/","title":{"rendered":"El hijo de Arturo Illia lanz\u00f3 un libro sobre la vida del ex presidente: \u201cCumpli\u00f3 todo lo que prometi\u00f3\u201d"},"content":{"rendered":"<p><\/p>\n<h2 class=\"article-subheadline text_align_left\">Leandro Illia present\u00f3 \u201cArturo Illia, mi padre\u201d, su libro en el que narra c\u00f3mo fue la vida y el mandato del ex mandatario. \u201cQuiero que la gente lo sepa, para eso escrib\u00ed el libro: de pol\u00edtica supo hacer muchas cosas, menos improvisar\u201d, asegur\u00f3 en Infobae en Vivo<\/h2>\n<p><\/p>\n<p class=\"paragraph\">La figura de <b>Arturo Illia<\/b> vuelve al centro del debate p\u00fablico a trav\u00e9s de la voz de su hijo, <b>Leandro Illia<\/b>, quien acaba de publicar el libro <b>\u201cArturo Illia, mi padre\u201d<\/b> con una premisa contundente: <b>\u201cCumpli\u00f3 todo lo que prometi\u00f3\u201d.<\/b> El autor asegur\u00f3 que la gesti\u00f3n de su progenitor se caracteriz\u00f3 por una coherencia entre palabra y acci\u00f3n, una fidelidad al compromiso electoral que, sostiene, marc\u00f3 una diferencia radical con otras administraciones. <b>\u201cQuiero que la gente lo sepa, para eso escrib\u00ed el libro: de pol\u00edtica supo hacer muchas cosas, menos improvisar. Despu\u00e9s vivimos de improvisaci\u00f3n en improvisaci\u00f3n\u201d<\/b>, sentenci\u00f3.<\/p>\n<p><\/p>\n<p class=\"paragraph\">Al rememorar el clima pol\u00edtico, Leandro expuso con franqueza los frentes de conflicto que acompa\u00f1aron el mandato. \u201c<b>Los principales enemigos de mi pap\u00e1 eran el peronismo, los grandes intereses, la CGT<\/b>. Los intereses petroleros, farmacol\u00f3gicos, laboratorios. Lo digo en el libro\u201d, enfatiz\u00f3, en di\u00e1logo con <b>Infobae en Vivo<\/b>.<\/p>\n<p><\/p>\n<p class=\"paragraph\">La experiencia personal se entrelaza con el relato pol\u00edtico. El hijo del ex presidente record\u00f3 la intensidad con la que vivi\u00f3 el proceso hist\u00f3rico: \u201c<b>Yo ten\u00eda 18, 19 y 20 a\u00f1os. Fui testigo de casi todo durante el golpe de Estado. Viv\u00ed intensamente la pol\u00edtica desde el a\u00f1o 62<\/b>. Muchas veces, detr\u00e1s de una puerta entreabierta, escuchaba reuniones de econom\u00eda, de educaci\u00f3n con la destacad\u00edsima <b>Luz Vieira M\u00e9ndez<\/b>, quien lider\u00f3 la alfabetizaci\u00f3n y la reforma educativa\u201d. Sobre esta etapa, subray\u00f3: \u201cTampoco fue una improvisaci\u00f3n, fue una idea planificada\u201d.<\/p>\n<p><\/p>\n<p class=\"paragraph\">La planificaci\u00f3n, detall\u00f3, era un principio rector para Arturo. \u201cLa gente confunde la planificaci\u00f3n con la estatizaci\u00f3n y no es lo mismo.<b> La planificaci\u00f3n es crear las medidas conducentes en el corto, mediano y largo plazo para que los agentes sociales sepan a qu\u00e9 atenerse<\/b>. Hoy no se sabe a qu\u00e9 se tiene uno. Se fue cumpliendo, casi al pie de la letra, el <b>Plan Nacional de Desarrollo<\/b> que hizo mi padre a trav\u00e9s del <b>CONADE<\/b>, una instituci\u00f3n con proyecci\u00f3n internacional.\u201d<\/p>\n<p><\/p>\n<p class=\"paragraph\">El libro retrata asimismo las tensiones y obst\u00e1culos que enfrent\u00f3 la gesti\u00f3n de su padre. \u201cEl peronismo lo proscribe el militarismo en Argentina, pero mi viejo levanta la proscripci\u00f3n. <b>\u00c9l cre\u00f3 el salario m\u00ednimo, vital y m\u00f3vil, que no se dice. Ni los radicales lo dicen. Lo digo yo, ac\u00e1 est\u00e1 (se\u00f1al\u00f3 el libro)<\/b>\u201d, explic\u00f3.<\/p>\n<p><\/p>\n<p class=\"paragraph\">Leandro destac\u00f3, en ese sentido, las presiones y el boicot de los grandes grupos afectados por las pol\u00edticas de transparencia y control estatal. \u201cEsto no gust\u00f3 a grandes laboratorios, nacionales e internacionales. <b>Participaron del golpe a trav\u00e9s de la publicidad, ellos la financiaron.<\/b> Tambi\u00e9n participaron las grandes empresas del sector energ\u00e9tico, sobre todo petroleras. Mi padre pensaba como <b>Yrigoyen<\/b>, que el petr\u00f3leo deb\u00eda estar en manos del Estado Nacional, pero permitiendo la participaci\u00f3n privada sin contratos leoninos como los que impuls\u00f3 <b>Frondizi<\/b>.\u201d<\/p>\n","protected":false},"excerpt":{"rendered":"<p>Leandro Illia present\u00f3 \u201cArturo Illia, mi padre\u201d, su libro en el que narra c\u00f3mo fue la vida y el mandato del ex mandatario. \u201cQuiero que la gente lo sepa, para eso escrib\u00ed el libro: de pol\u00edtica supo hacer muchas cosas, menos improvisar\u201d, asegur\u00f3 en Infobae en Vivo La figura de Arturo Illia vuelve al centro [&hellip;]<\/p>\n","protected":false},"author":2,"featured_media":57427,"comment_status":"","ping_status":"","sticky":false,"template":"","format":"standard","meta":{"footnotes":""},"categories":[12],"tags":[],"_links":{"self":[{"href":"https:\/\/maxradio923.com.ar\/index.php\/wp-json\/wp\/v2\/posts\/57426"}],"collection":[{"href":"https:\/\/maxradio923.com.ar\/index.php\/wp-json\/wp\/v2\/posts"}],"about":[{"href":"https:\/\/maxradio923.com.ar\/index.php\/wp-json\/wp\/v2\/types\/post"}],"author":[{"embeddable":true,"href":"https:\/\/maxradio923.com.ar\/index.php\/wp-json\/wp\/v2\/users\/2"}],"replies":[{"embeddable":true,"href":"https:\/\/maxradio923.com.ar\/index.php\/wp-json\/wp\/v2\/comments?post=57426"}],"version-history":[{"count":0,"href":"https:\/\/maxradio923.com.ar\/index.php\/wp-json\/wp\/v2\/posts\/57426\/revisions"}],"wp:featuredmedia":[{"embeddable":true,"href":"https:\/\/maxradio923.com.ar\/index.php\/wp-json\/wp\/v2\/media\/57427"}],"wp:attachment":[{"href":"https:\/\/maxradio923.com.ar\/index.php\/wp-json\/wp\/v2\/media?parent=57426"}],"wp:term":[{"taxonomy":"category","embeddable":true,"href":"https:\/\/maxradio923.com.ar\/index.php\/wp-json\/wp\/v2\/categories?post=57426"},{"taxonomy":"post_tag","embeddable":true,"href":"https:\/\/maxradio923.com.ar\/index.php\/wp-json\/wp\/v2\/tags?post=57426"}],"curies":[{"name":"wp","href":"https:\/\/api.w.org\/{rel}","templated":true}]}}