{"id":57424,"date":"2025-11-07T21:41:02","date_gmt":"2025-11-08T00:41:02","guid":{"rendered":"https:\/\/maxradio923.com.ar\/index.php\/2025\/11\/07\/sofia-jujuy-jimenez-conto-como-paso-del-casting-fallido-para-en-el-barro-a-su-primer-protagonico-que-nada-te-frene\/"},"modified":"2025-11-07T21:41:02","modified_gmt":"2025-11-08T00:41:02","slug":"sofia-jujuy-jimenez-conto-como-paso-del-casting-fallido-para-en-el-barro-a-su-primer-protagonico-que-nada-te-frene","status":"publish","type":"post","link":"https:\/\/maxradio923.com.ar\/index.php\/2025\/11\/07\/sofia-jujuy-jimenez-conto-como-paso-del-casting-fallido-para-en-el-barro-a-su-primer-protagonico-que-nada-te-frene\/","title":{"rendered":"Sof\u00eda Jujuy Jim\u00e9nez cont\u00f3 c\u00f3mo pas\u00f3 del casting fallido para En el barro a su primer protag\u00f3nico: \u201dQue nada te frene\u201d"},"content":{"rendered":"<p><\/p>\n<h2 class=\"article-subheadline text_align_left\">La viralizaci\u00f3n de su audici\u00f3n impuls\u00f3 a la modelo, actriz y conductora a explorar una faceta art\u00edstica distinta y a inspirar a otros. Ahora se la podr\u00e1 ver actuar en un formato novedoso<\/h2>\n<p><\/p>\n<p class=\"paragraph\">Sof\u00eda \u201cJujuy\u201d Jim\u00e9nez se convirti\u00f3 en el centro de la conversaci\u00f3n digital tras compartir en sus redes sociales el video de su <b>casting fallido<\/b> para la serie <b>En el barro<\/b>. Lejos de dejarse afectar por las cr\u00edticas y burlas que surgieron a ra\u00edz de esa publicaci\u00f3n, la actriz, conductora y modelo argentina transform\u00f3 la experiencia en un impulso para su desarrollo profesional, lo que la llev\u00f3 a conseguir su primer <b>protag\u00f3nico<\/b> como actriz en una serie vertical producida por <b>Reelshort Latinoam\u00e9rica<\/b>.<\/p>\n<p><\/p>\n<p class=\"paragraph\">Frente a la avalancha de comentarios, la actitud de Sof\u00eda fue determinante. En sus declaraciones, subray\u00f3 la importancia de mantener el foco en los propios objetivos y de no dejarse arrastrar por el hate. <b>\u201cLo importante es tener en claro qu\u00e9 es lo que quer\u00e9s y ser fiel a eso. Yo ten\u00eda dos opciones: sentirme mal, bloquearme y no avanzar o tomarme las cosas con humor y seguir mi camino\u201d<\/b>, reflexion\u00f3. Jim\u00e9nez admiti\u00f3 que suele re\u00edrse de s\u00ed misma y que esa capacidad de autocr\u00edtica y humor la ayuda a sanar y avanzar. Incluso reconoci\u00f3 que el \u201cbeboteo\u201d que muchos se\u00f1alaron en su casting es parte de su personalidad, y que la actuaci\u00f3n, a diferencia de su faceta como conductora o modelo, la expone de una manera m\u00e1s vulnerable.<\/p>\n<p><\/p>\n<p class=\"paragraph\">El desenlace de esta experiencia fue la obtenci\u00f3n de su primer papel protag\u00f3nico en una serie vertical para <b>Reelshort Latinoam\u00e9rica<\/b>, un formato novedoso en <b>Argentina<\/b>. En esta producci\u00f3n, Sof\u00eda interpreta a <b>Micaela<\/b>, una villana en un culebr\u00f3n que, seg\u00fan sus palabras, termin\u00f3 por conquistarla a medida que avanzaban los ensayos. La actriz confes\u00f3 que al principio dudaba sobre asumir el rol de \u201cmala\u201d, pero pronto se sinti\u00f3 c\u00f3moda y entusiasmada con el desaf\u00edo. <b>La serie, grabada en formato vertical, representa una innovaci\u00f3n en la industria audiovisual local y marca un hito en la carrera de Jim\u00e9nez,<\/b> quien celebr\u00f3 la oportunidad de mostrar una faceta art\u00edstica menos conocida para el p\u00fablico.<\/p>\n<p><\/p>\n<p class=\"paragraph\">En su balance final, <b>Sof\u00eda Jujuy Jim\u00e9nez<\/b> comparti\u00f3 una reflexi\u00f3n dirigida a quienes atraviesan situaciones similares de exposici\u00f3n y cr\u00edtica: \u201cQue nada ni nadie te frene. Ocupate de ser la due\u00f1a y protagonista de tu vida. Te juro que es una mucha m\u00e1s hermosa de esa manera. Y si no, mirame\u201d.<\/p>\n","protected":false},"excerpt":{"rendered":"<p>La viralizaci\u00f3n de su audici\u00f3n impuls\u00f3 a la modelo, actriz y conductora a explorar una faceta art\u00edstica distinta y a inspirar a otros. Ahora se la podr\u00e1 ver actuar en un formato novedoso Sof\u00eda \u201cJujuy\u201d Jim\u00e9nez se convirti\u00f3 en el centro de la conversaci\u00f3n digital tras compartir en sus redes sociales el video de su [&hellip;]<\/p>\n","protected":false},"author":2,"featured_media":57425,"comment_status":"","ping_status":"","sticky":false,"template":"","format":"standard","meta":{"footnotes":""},"categories":[12],"tags":[],"_links":{"self":[{"href":"https:\/\/maxradio923.com.ar\/index.php\/wp-json\/wp\/v2\/posts\/57424"}],"collection":[{"href":"https:\/\/maxradio923.com.ar\/index.php\/wp-json\/wp\/v2\/posts"}],"about":[{"href":"https:\/\/maxradio923.com.ar\/index.php\/wp-json\/wp\/v2\/types\/post"}],"author":[{"embeddable":true,"href":"https:\/\/maxradio923.com.ar\/index.php\/wp-json\/wp\/v2\/users\/2"}],"replies":[{"embeddable":true,"href":"https:\/\/maxradio923.com.ar\/index.php\/wp-json\/wp\/v2\/comments?post=57424"}],"version-history":[{"count":0,"href":"https:\/\/maxradio923.com.ar\/index.php\/wp-json\/wp\/v2\/posts\/57424\/revisions"}],"wp:featuredmedia":[{"embeddable":true,"href":"https:\/\/maxradio923.com.ar\/index.php\/wp-json\/wp\/v2\/media\/57425"}],"wp:attachment":[{"href":"https:\/\/maxradio923.com.ar\/index.php\/wp-json\/wp\/v2\/media?parent=57424"}],"wp:term":[{"taxonomy":"category","embeddable":true,"href":"https:\/\/maxradio923.com.ar\/index.php\/wp-json\/wp\/v2\/categories?post=57424"},{"taxonomy":"post_tag","embeddable":true,"href":"https:\/\/maxradio923.com.ar\/index.php\/wp-json\/wp\/v2\/tags?post=57424"}],"curies":[{"name":"wp","href":"https:\/\/api.w.org\/{rel}","templated":true}]}}