{"id":57422,"date":"2025-11-07T21:25:03","date_gmt":"2025-11-08T00:25:03","guid":{"rendered":"https:\/\/maxradio923.com.ar\/index.php\/2025\/11\/07\/el-gran-maestre-de-la-masoneria-argentina-revelo-que-alfonsin-y-peron-pertenecian-a-esa-logia\/"},"modified":"2025-11-07T21:25:03","modified_gmt":"2025-11-08T00:25:03","slug":"el-gran-maestre-de-la-masoneria-argentina-revelo-que-alfonsin-y-peron-pertenecian-a-esa-logia","status":"publish","type":"post","link":"https:\/\/maxradio923.com.ar\/index.php\/2025\/11\/07\/el-gran-maestre-de-la-masoneria-argentina-revelo-que-alfonsin-y-peron-pertenecian-a-esa-logia\/","title":{"rendered":"El Gran Maestre de la Masoner\u00eda argentina revel\u00f3 que Alfons\u00edn y Per\u00f3n pertenec\u00edan a esa logia"},"content":{"rendered":"<p><\/p>\n<h2 class=\"article-subheadline text_align_left\">Pablo L\u00e1zaro mostr\u00f3 documentos in\u00e9ditos que ser\u00e1n exhibidos durante La Noche de los Museos<\/h2>\n<p><\/p>\n<p class=\"paragraph\">La <b>Gran Logia de Argentina de Libres y Aceptados Masones<\/b> revel\u00f3 documentos in\u00e9ditos que confirman que los ex presidentes <b>Ra\u00fal Alfons\u00edn y Juan Domingo Per\u00f3n<\/b> <b>pertenec\u00edan a la masoner\u00eda.<\/b> As\u00ed lo revel\u00f3 en<b> Infobae en vivo<\/b> <b>Pablo L\u00e1zaro<\/b>, Gran Maestre de la Gran Logia de Argentina de Libres y Aceptados Masones.<\/p>\n<p><\/p>\n<p class=\"paragraph\">Al ser consultado por el hist\u00f3rico car\u00e1cter secreto de la instituci\u00f3n, el Gran Maestre se\u00f1al\u00f3 que la masoner\u00eda argentina modific\u00f3 sus pr\u00e1cticas a lo largo del tiempo y record\u00f3 que, durante per\u00edodos de persecuci\u00f3n, la organizaci\u00f3n actu\u00f3 en secreto. \u201c<b>Hoy no es secreta sino discreta <\/b>porque no hacemos propaganda de los actos que hacemos\u201d, subray\u00f3. <\/p>\n<p><\/p>\n<p class=\"paragraph\">En relaci\u00f3n a su estructura interna, L\u00e1zaro explic\u00f3 que las \u201ctenidas\u201d son reuniones de hermanos masones y que tambi\u00e9n existen encuentros abiertos denominados \u201ctenidas blancas\u201d.<\/p>\n<p><\/p>\n<p class=\"paragraph\">L\u00e1zaro tambi\u00e9n adelant\u00f3 parte del material in\u00e9dito sobre la relaci\u00f3n entre la masoner\u00eda y personalidades destacadas de la historia argentina que ser\u00e1 parte de la exposici\u00f3n de <b>La Noche de los Museos<\/b>. En concreto, mostr\u00f3 la<b> solicitud de ingreso<\/b> de <b>Ra\u00fal Alfons\u00edn<\/b>, presidente de Argentina entre 1983 y 1989, y cartas que demuestran que la gran logia de Chile agradeci\u00f3 su visita. \u201cSon documentos que nunca se hab\u00edan mostrado. <b>Ten\u00edamos peque\u00f1os fragmentos y se cre\u00f3 una especie de Wikipedia donde todas las logias fueron aportando datos<\/b>\u201d, afirm\u00f3 L\u00e1zaro.<\/p>\n<p><\/p>\n<p class=\"paragraph\">Por otro lado, tambi\u00e9n <b>confirm\u00f3 el v\u00ednculo de Per\u00f3n<\/b> con la masoner\u00eda a trav\u00e9s de un documento fechado el 27 de abril de 1958 que le otorgaba el m\u00e1ximo grado de la masoner\u00eda escocista, el grado 33. \u201c<b>La gran logia de Italia decidi\u00f3 darle el m\u00e1ximo grado. \u00c9l se inicia en la gran logia Alpina de Suiza<\/b>\u201d, explic\u00f3 en referencia al proceso de reconocimiento internacional dentro del \u00e1mbito mas\u00f3nico.<\/p>\n<p><\/p>\n<p class=\"paragraph\">M\u00e1s all\u00e1 de estas revelaciones, el Gran Maestre repas\u00f3 la historia de los m\u00e1ximos referentes hist\u00f3ricos que pertenecieron a alguna logia mas\u00f3nica, como <b>Jos\u00e9 de San Mart\u00edn, Domingo Faustino Sarmiento, Manuel Belgrano y Bartolom\u00e9 Mitre<\/b>. \u201cCasi toda la Primera Junta, salvo Azcu\u00e9naga, eran masones\u201d, detall\u00f3 L\u00e1zaro, quien puntualiz\u00f3 la relevancia hist\u00f3rica de la masoner\u00eda en el desarrollo institucional del pa\u00eds.<\/p>\n","protected":false},"excerpt":{"rendered":"<p>Pablo L\u00e1zaro mostr\u00f3 documentos in\u00e9ditos que ser\u00e1n exhibidos durante La Noche de los Museos La Gran Logia de Argentina de Libres y Aceptados Masones revel\u00f3 documentos in\u00e9ditos que confirman que los ex presidentes Ra\u00fal Alfons\u00edn y Juan Domingo Per\u00f3n pertenec\u00edan a la masoner\u00eda. As\u00ed lo revel\u00f3 en Infobae en vivo Pablo L\u00e1zaro, Gran Maestre de [&hellip;]<\/p>\n","protected":false},"author":2,"featured_media":57423,"comment_status":"","ping_status":"","sticky":false,"template":"","format":"standard","meta":{"footnotes":""},"categories":[12],"tags":[],"_links":{"self":[{"href":"https:\/\/maxradio923.com.ar\/index.php\/wp-json\/wp\/v2\/posts\/57422"}],"collection":[{"href":"https:\/\/maxradio923.com.ar\/index.php\/wp-json\/wp\/v2\/posts"}],"about":[{"href":"https:\/\/maxradio923.com.ar\/index.php\/wp-json\/wp\/v2\/types\/post"}],"author":[{"embeddable":true,"href":"https:\/\/maxradio923.com.ar\/index.php\/wp-json\/wp\/v2\/users\/2"}],"replies":[{"embeddable":true,"href":"https:\/\/maxradio923.com.ar\/index.php\/wp-json\/wp\/v2\/comments?post=57422"}],"version-history":[{"count":0,"href":"https:\/\/maxradio923.com.ar\/index.php\/wp-json\/wp\/v2\/posts\/57422\/revisions"}],"wp:featuredmedia":[{"embeddable":true,"href":"https:\/\/maxradio923.com.ar\/index.php\/wp-json\/wp\/v2\/media\/57423"}],"wp:attachment":[{"href":"https:\/\/maxradio923.com.ar\/index.php\/wp-json\/wp\/v2\/media?parent=57422"}],"wp:term":[{"taxonomy":"category","embeddable":true,"href":"https:\/\/maxradio923.com.ar\/index.php\/wp-json\/wp\/v2\/categories?post=57422"},{"taxonomy":"post_tag","embeddable":true,"href":"https:\/\/maxradio923.com.ar\/index.php\/wp-json\/wp\/v2\/tags?post=57422"}],"curies":[{"name":"wp","href":"https:\/\/api.w.org\/{rel}","templated":true}]}}