{"id":57420,"date":"2025-11-07T21:11:01","date_gmt":"2025-11-08T00:11:01","guid":{"rendered":"https:\/\/maxradio923.com.ar\/index.php\/2025\/11\/07\/gustavo-costas-fue-nominado-como-mejor-entrenador-del-mundo-las-otras-19-figuras-con-las-que-competira\/"},"modified":"2025-11-07T21:11:01","modified_gmt":"2025-11-08T00:11:01","slug":"gustavo-costas-fue-nominado-como-mejor-entrenador-del-mundo-las-otras-19-figuras-con-las-que-competira","status":"publish","type":"post","link":"https:\/\/maxradio923.com.ar\/index.php\/2025\/11\/07\/gustavo-costas-fue-nominado-como-mejor-entrenador-del-mundo-las-otras-19-figuras-con-las-que-competira\/","title":{"rendered":"Gustavo Costas fue nominado como mejor entrenador del mundo: las otras 19 figuras con las que competir\u00e1"},"content":{"rendered":"<p><\/p>\n<div>\n<div class=\"visual__image image-initial-width\"><picture><source srcset=\"https:\/\/www.infobae.com\/resizer\/v2\/RD73IMKVCECOMNLDVHZMAEDHJI.jpg?auth=4926c742664a86d0e86574137a5f3e95795c7b5184bdc71d7cecf71650e452fe&amp;smart=true&amp;width=992&amp;height=693&amp;quality=85\" media=\"(min-width: 1000px)\"\/><source srcset=\"https:\/\/www.infobae.com\/resizer\/v2\/RD73IMKVCECOMNLDVHZMAEDHJI.jpg?auth=4926c742664a86d0e86574137a5f3e95795c7b5184bdc71d7cecf71650e452fe&amp;smart=true&amp;width=768&amp;height=537&amp;quality=85\" media=\"(min-width: 768px)\"\/><source srcset=\"https:\/\/www.infobae.com\/resizer\/v2\/RD73IMKVCECOMNLDVHZMAEDHJI.jpg?auth=4926c742664a86d0e86574137a5f3e95795c7b5184bdc71d7cecf71650e452fe&amp;smart=true&amp;width=577&amp;height=403&amp;quality=85\" media=\"(min-width: 580px)\"\/><source srcset=\"https:\/\/www.infobae.com\/resizer\/v2\/RD73IMKVCECOMNLDVHZMAEDHJI.jpg?auth=4926c742664a86d0e86574137a5f3e95795c7b5184bdc71d7cecf71650e452fe&amp;smart=true&amp;width=420&amp;height=293&amp;quality=85\" media=\"(min-width: 350px)\"\/><source srcset=\"https:\/\/www.infobae.com\/resizer\/v2\/RD73IMKVCECOMNLDVHZMAEDHJI.jpg?auth=4926c742664a86d0e86574137a5f3e95795c7b5184bdc71d7cecf71650e452fe&amp;smart=true&amp;width=350&amp;height=245&amp;quality=85\" media=\"(min-width: 80px)\"\/><img alt=\"Gustavo Costas gan\u00f3 la Copa\" class=\"global-image\" decoding=\"async\" fetchpriority=\"high\" height=\"1549\" loading=\"eager\" src=\"https:\/\/www.infobae.com\/resizer\/v2\/RD73IMKVCECOMNLDVHZMAEDHJI.jpg?auth=4926c742664a86d0e86574137a5f3e95795c7b5184bdc71d7cecf71650e452fe&amp;smart=true&amp;width=350&amp;height=245&amp;quality=85\" width=\"2217\"\/><\/picture><figcaption class=\"article-figcaption-img\">Gustavo Costas gan\u00f3 la Copa Sudamericana con Racing (Cr\u00e9dito: Reuters\/Cesar Olmedo)<\/figcaption><\/div>\n<p class=\"paragraph\">La Federaci\u00f3n Internacional de Historia y Estad\u00edstica de F\u00fatbol (<b>IFFHS<\/b>, por sus siglas en ingl\u00e9s) confirm\u00f3 en las \u00faltimas horas sus nominados a <b>mejor entrenador <\/b>de club del mundo en la rama masculina con la presencia destacada de <b>Gustavo Costas<\/b> entre los <b>20 candidatos <\/b>que buscar\u00e1n el m\u00e1ximo premio del a\u00f1o. El director t\u00e9cnico de <b>Racing <\/b>se suma a <b>Diego Simeone<\/b> como los representantes argentinos que buscar\u00e1n el galard\u00f3n.<\/p>\n<p class=\"paragraph\">El \u00faltimo semifinalista de la <b>Copa Libertadores<\/b> y campe\u00f3n de la <b>Sudamericana 2024<\/b> competir\u00e1 con los colegas que dijeron o dir\u00e1n presente en las finales continentales de Europa y Sudam\u00e9rica. Por un lado, <b>Luis Enrique<\/b>, ganador de la Champions League con el Par\u00eds Saint-Germain, y <b>Simone Inzaghi<\/b>, finalista de la <i>Orejona<\/i> con el Inter y actual DT de Al Hilal, se suman a las presencias de <b>Abel Ferreira<\/b> y <b>Filipe Lu\u00eds<\/b>, quienes pelean el t\u00edtulo del <b>Brasileirao <\/b>entre <b>Palmeiras <\/b>y <b>Flamengo <\/b>y dirimir\u00e1n la <b>Copa Libertadores<\/b> en Per\u00fa.<\/p>\n<p class=\"paragraph\">El <i><b>Cholo<\/b><\/i><b> Simeone<\/b> vuelve a estar convocado a la compulsa de este a\u00f1o, luego de haberse llevado el primer lugar en 2016 y ser elegido el mejor t\u00e9cnico de la d\u00e9cada pasada en 2021 por la misma entidad. El conductor del <b>Atl\u00e9tico de Madrid<\/b> cumplir\u00e1 <b>14 a\u00f1os en el cargo <\/b>en diciembre pr\u00f3ximo y ya suma 753 partidos en el <i>Colchonero<\/i> con 445 victorias, 163 empates y 145 derrotas con un total de <b>8 t\u00edtulos<\/b>: 2 Ligas en 2013-14 y 2020-21; 1 Copa del Rey en 2012-13; 1 Supercopa de Espa\u00f1a en 2014; 2 Europa League en 2011-12 y 2017-18 y 2 Supercopas de Europa en 2012 y 2018.<\/p>\n<p class=\"paragraph\">Con todo eso dicho, <b>Gustavo Costas<\/b> no la tendr\u00e1 f\u00e1cil para quedarse con esa estatuilla, ya que estos candidatos se suman a <b>Hansi Flick<\/b>, due\u00f1o de la \u00faltima Liga de Espa\u00f1a con <b>Barcelona<\/b>, y <b>Enzo Maresca<\/b>, quien levant\u00f3 el <b>Mundial de Clubes<\/b> con <b>Chelsea<\/b>, entre otros candidatos. De igual manera, el hombre de<b> 62 a\u00f1os<\/b> obtuvo un enorme reconocimiento y es el \u00fanico del f\u00fatbol argentino presente en esa lista.<\/p>\n<div class=\"visual__image\"><picture><source srcset=\"https:\/\/www.infobae.com\/resizer\/v2\/Z5XN5INKIFE5RMECNXXZZP64HE.JPG?auth=34ff060350ec6ead0b9c7e6b7024d9c26fa69f5e6597f9aa5da656272bb49d5f&amp;smart=true&amp;width=992&amp;height=709&amp;quality=85\" media=\"(min-width: 1000px)\"\/><source srcset=\"https:\/\/www.infobae.com\/resizer\/v2\/Z5XN5INKIFE5RMECNXXZZP64HE.JPG?auth=34ff060350ec6ead0b9c7e6b7024d9c26fa69f5e6597f9aa5da656272bb49d5f&amp;smart=true&amp;width=768&amp;height=549&amp;quality=85\" media=\"(min-width: 768px)\"\/><source srcset=\"https:\/\/www.infobae.com\/resizer\/v2\/Z5XN5INKIFE5RMECNXXZZP64HE.JPG?auth=34ff060350ec6ead0b9c7e6b7024d9c26fa69f5e6597f9aa5da656272bb49d5f&amp;smart=true&amp;width=577&amp;height=412&amp;quality=85\" media=\"(min-width: 580px)\"\/><source srcset=\"https:\/\/www.infobae.com\/resizer\/v2\/Z5XN5INKIFE5RMECNXXZZP64HE.JPG?auth=34ff060350ec6ead0b9c7e6b7024d9c26fa69f5e6597f9aa5da656272bb49d5f&amp;smart=true&amp;width=420&amp;height=300&amp;quality=85\" media=\"(min-width: 350px)\"\/><source srcset=\"https:\/\/www.infobae.com\/resizer\/v2\/Z5XN5INKIFE5RMECNXXZZP64HE.JPG?auth=34ff060350ec6ead0b9c7e6b7024d9c26fa69f5e6597f9aa5da656272bb49d5f&amp;smart=true&amp;width=350&amp;height=250&amp;quality=85\" media=\"(min-width: 80px)\"\/><img alt=\"Simeone acompa\u00f1a a Costas como\" class=\"global-image\" decoding=\"async\" fetchpriority=\"low\" height=\"1973\" loading=\"lazy\" src=\"https:\/\/www.infobae.com\/resizer\/v2\/Z5XN5INKIFE5RMECNXXZZP64HE.JPG?auth=34ff060350ec6ead0b9c7e6b7024d9c26fa69f5e6597f9aa5da656272bb49d5f&amp;smart=true&amp;width=350&amp;height=250&amp;quality=85\" width=\"2760\"\/><\/picture><figcaption class=\"article-figcaption-img\">Simeone acompa\u00f1a a Costas como los \u00fanicos representantes argentinos entre los nominados (Cr\u00e9dito: Reuters\/Violeta Santos Moura)<\/figcaption><\/div>\n<p class=\"paragraph\">El director t\u00e9cnico racinguista lleg\u00f3 en enero de 2024 y pas\u00f3 varias tormentas hasta formar un equipo combativo y aguerrido que se llev\u00f3 la \u00faltima <b>Copa Sudamericana<\/b> ante <b>Cruzeiro <\/b>en Asunci\u00f3n. El ex l\u00edder de Barcelona de Ecuador y la selecci\u00f3n de Bolivia, entre otros trabajos, encamin\u00f3 a ese plantel hasta la consagraci\u00f3n y, con vistas a 2025, se rearm\u00f3 sin <b>Juanfer Quintero<\/b> y la baja en mitad de competencia de <b>Maximiliano Salas<\/b> (se fue a River Plate).<\/p>\n<p class=\"paragraph\">Fue puntero c\u00f3modo del <i>Grupo E<\/i> en la <b>Copa Libertadores<\/b>, imponi\u00e9ndose a equipos como <b>Fortaleza<\/b>, <b>Atl\u00e9tico Bucaramanga<\/b> y <b>Colo Colo<\/b>. Ya en los duelos de eliminaci\u00f3n directa, <b>Pe\u00f1arol <\/b>y <b>V\u00e9lez <\/b>fueron sus v\u00edctimas en octavos y cuartos hasta que <b>Flamengo <\/b>lo sac\u00f3 de competencia en semifinales. Ya en el \u00e1mbito local, fue eliminado en octavos del Apertura contra <b>Platense <\/b>(campe\u00f3n) y, actualmente, <b>pelea el ingreso a los <\/b><i><b>playoff<\/b><\/i><b> del Clausura<\/b>.<\/p>\n<p class=\"paragraph\">Estas votaciones son tradicionales en la <b>IFFHS <\/b>desde 1987 y todas las clasificaciones se determinan para el a\u00f1o (de enero a diciembre), no para la temporada. El encargado de elegir un ganador ser\u00e1 un jurado internacional compuesto por periodistas deportivos y expertos en f\u00fatbol miembros de la entidad provenientes de 120 pa\u00edses de todos los continentes del mundo. El resultado de la votaci\u00f3n se publicar\u00e1 despu\u00e9s del 10 de diciembre.<\/p>\n<ul data-icon=\"\u2b24\" class=\"list\">\n<li data-icon=\"\u2b24\"><span><b>Gustavo Costas (Argentina)<\/b> \u2013 Racing Club<\/span><\/li>\n<li data-icon=\"\u2b24\"><span><b>Abel Ferreira (Portugal)<\/b> \u2013 Palmeiras<\/span><\/li>\n<li data-icon=\"\u2b24\"><span><b>Filipe Lu\u00eds (Brasil)<\/b> \u2013 Flamengo<\/span><\/li>\n<li data-icon=\"\u2b24\"><span><b>Tiago Nunes (Brasil)<\/b> \u2013 Universidad Cat\u00f3lica (Chile) \/ LDU Quito<\/span><\/li>\n<li data-icon=\"\u2b24\"><span><b>Antonio Conte (Italia)<\/b> \u2013 Napoli<\/span><\/li>\n<li data-icon=\"\u2b24\"><span><b>Diego Simeone (Argentina)<\/b> \u2013 Atl\u00e9tico de Madrid<\/span><\/li>\n<li data-icon=\"\u2b24\"><span><b>Enzo Maresca (Italia)<\/b> \u2013 Chelsea<\/span><\/li>\n<li data-icon=\"\u2b24\"><span><b>Hansi Flick (Alemania)<\/b> \u2013 Barcelona<\/span><\/li>\n<li data-icon=\"\u2b24\"><span><b>Luis Enrique (Espa\u00f1a)<\/b> \u2013 Paris Saint-Germain<\/span><\/li>\n<li data-icon=\"\u2b24\"><span><b>Mikel Arteta (Espa\u00f1a)<\/b> \u2013 Arsenal<\/span><\/li>\n<li data-icon=\"\u2b24\"><span><b>Simone Inzaghi (Italia)<\/b> \u2013 Inter \/ Al Hilal<\/span><\/li>\n<li data-icon=\"\u2b24\"><span><b>Unai Emery (Espa\u00f1a)<\/b> \u2013 Aston Villa<\/span><\/li>\n<li data-icon=\"\u2b24\"><span><b>Vincent Kompany (B\u00e9lgica)<\/b> \u2013 Bayern M\u00fanich<\/span><\/li>\n<li data-icon=\"\u2b24\"><span><b>Xabi Alonso (Espa\u00f1a)<\/b> \u2013 Bayer Leverkusen \/ Real Madrid<\/span><\/li>\n<li data-icon=\"\u2b24\"><span><b>Vicente S\u00e1nchez (Uruguay)<\/b> \u2013 Cruz Azul<\/span><\/li>\n<li data-icon=\"\u2b24\"><span><b>Jesper S\u00f8rensen (Dinamarca)<\/b> \u2013 Vancouver Whitecaps<\/span><\/li>\n<li data-icon=\"\u2b24\"><span><b>Matthias Jaissle (Alemania)<\/b> \u2013 Al-Ahli Saudi<\/span><\/li>\n<li data-icon=\"\u2b24\"><span><b>Shigetoshi Hasebe (Jap\u00f3n)<\/b> \u2013 Kawasaki Frontale<\/span><\/li>\n<li data-icon=\"\u2b24\"><span><b>Krunoslav Jur\u010di\u0107 (Croacia)<\/b> \u2013 Pyramids<\/span><\/li>\n<li data-icon=\"\u2b24\"><span><b>Miguel Cardoso (Portugal)<\/b> \u2013 Mamelodi Sundowns<\/span><\/li>\n<\/ul>\n<\/div>\n<p><script defer=\"\">try{!function(f,b,e,v,n,t,s) {if(f.fbq)return;n=f.fbq=function(){n.callMethod? n.callMethod.apply(n,arguments):n.queue.push(arguments)}; if(!f._fbq)f._fbq=n;n.push=n;n.loaded=!0;n.version='2.0'; n.queue=[];t=b.createElement(e);t.async=!0; t.src=v;s=b.getElementsByTagName(e)[0]; s.parentNode.insertBefore(t,s)}(window, document,'script', ' fbq('init', '336383993555320'); fbq('track', 'PageView'); fbq('track', 'ViewContent');}catch(error){console.log(\"Error al inicializar facebookPixelRawCodeScript:\",error);}<\/script><\/p>\n","protected":false},"excerpt":{"rendered":"<p>Gustavo Costas gan\u00f3 la Copa Sudamericana con Racing (Cr\u00e9dito: Reuters\/Cesar Olmedo) La Federaci\u00f3n Internacional de Historia y Estad\u00edstica de F\u00fatbol (IFFHS, por sus siglas en ingl\u00e9s) confirm\u00f3 en las \u00faltimas horas sus nominados a mejor entrenador de club del mundo en la rama masculina con la presencia destacada de Gustavo Costas entre los 20 candidatos [&hellip;]<\/p>\n","protected":false},"author":2,"featured_media":57421,"comment_status":"","ping_status":"","sticky":false,"template":"","format":"standard","meta":{"footnotes":""},"categories":[2],"tags":[],"_links":{"self":[{"href":"https:\/\/maxradio923.com.ar\/index.php\/wp-json\/wp\/v2\/posts\/57420"}],"collection":[{"href":"https:\/\/maxradio923.com.ar\/index.php\/wp-json\/wp\/v2\/posts"}],"about":[{"href":"https:\/\/maxradio923.com.ar\/index.php\/wp-json\/wp\/v2\/types\/post"}],"author":[{"embeddable":true,"href":"https:\/\/maxradio923.com.ar\/index.php\/wp-json\/wp\/v2\/users\/2"}],"replies":[{"embeddable":true,"href":"https:\/\/maxradio923.com.ar\/index.php\/wp-json\/wp\/v2\/comments?post=57420"}],"version-history":[{"count":0,"href":"https:\/\/maxradio923.com.ar\/index.php\/wp-json\/wp\/v2\/posts\/57420\/revisions"}],"wp:featuredmedia":[{"embeddable":true,"href":"https:\/\/maxradio923.com.ar\/index.php\/wp-json\/wp\/v2\/media\/57421"}],"wp:attachment":[{"href":"https:\/\/maxradio923.com.ar\/index.php\/wp-json\/wp\/v2\/media?parent=57420"}],"wp:term":[{"taxonomy":"category","embeddable":true,"href":"https:\/\/maxradio923.com.ar\/index.php\/wp-json\/wp\/v2\/categories?post=57420"},{"taxonomy":"post_tag","embeddable":true,"href":"https:\/\/maxradio923.com.ar\/index.php\/wp-json\/wp\/v2\/tags?post=57420"}],"curies":[{"name":"wp","href":"https:\/\/api.w.org\/{rel}","templated":true}]}}