{"id":57419,"date":"2025-11-07T21:09:02","date_gmt":"2025-11-08T00:09:02","guid":{"rendered":"https:\/\/maxradio923.com.ar\/index.php\/2025\/11\/07\/maxi-lopez-se-sincero-acerca-de-su-relacion-con-wanda-nara-me-es-dificil-verla-como-una-amistad\/"},"modified":"2025-11-07T21:09:02","modified_gmt":"2025-11-08T00:09:02","slug":"maxi-lopez-se-sincero-acerca-de-su-relacion-con-wanda-nara-me-es-dificil-verla-como-una-amistad","status":"publish","type":"post","link":"https:\/\/maxradio923.com.ar\/index.php\/2025\/11\/07\/maxi-lopez-se-sincero-acerca-de-su-relacion-con-wanda-nara-me-es-dificil-verla-como-una-amistad\/","title":{"rendered":"Maxi L\u00f3pez se sincer\u00f3 acerca de su relaci\u00f3n con Wanda Nara: \u201cMe es dif\u00edcil verla como una amistad\u201d"},"content":{"rendered":"<p><\/p>\n<h2 class=\"article-subheadline text_align_left\">El exdelantero de River Plate estuvo como invitado en Ser\u00eda Incre\u00edble y cont\u00f3 realmente como se lleva con la madre de sus tres hijos<\/h2>\n<p><\/p>\n<p class=\"paragraph\"><b>Maxi L\u00f3pez<\/b><b>, <\/b>desde que lleg\u00f3 al pa\u00eds para ser parte de <i>MasterChef Celebrity<\/i> (Telefe), comenz\u00f3 a mostrar una nueva faceta de su vida, muy confiado ante las c\u00e1maras, haciendo challenges de TikTok y saliendo de fiesta con sus compa\u00f1eros de reality. En este contexto, Maxi estuvo como invitado a <i>Ser\u00eda Incre\u00edble <\/i>(Olga) para hablar de su participaci\u00f3n en el programa y su relaci\u00f3n con <b>Wanda Nara<\/b>, con quien durante a\u00f1os estuvo en guerra.<\/p>\n<p><\/p>\n<p class=\"paragraph\">Sobre el presente, describi\u00f3: \u201c<b>Estamos bien. Es un partido dif\u00edcil, pero estamos saliendo, estamos viendo la luz, de a poquito vamos teniendo buena relaci\u00f3n y bueno&#8230; Nos llevamos bien. Este momento est\u00e1 bueno para nosotros y para los peques tambi\u00e9n. Entonces, aprovechamos, qu\u00e9 s\u00e9 yo. A m\u00ed tener esta relaci\u00f3n con ella me encanta, porque anoche me dice el m\u00e1s grande: Che, pap\u00e1, quiero ir a dormir con vos, \u00bfvamos a casa? Bueno, lo agarro. El otro d\u00eda, anteanoche, me llam\u00f3 el chiquito: Vamos a comer algo y despu\u00e9s&#8230; Toda esa din\u00e1mica<\/b>\u201d.<\/p>\n<p><\/p>\n<p class=\"paragraph\">En el intercambio, Nati Jota y el panel recordaron \u00e9pocas m\u00e1s turbulentas: antes, los d\u00edas de visitas y la custodia de los hijos sol\u00edan ser motivo de pol\u00e9mica, rumores y denuncias medi\u00e1ticas. L\u00f3pez coincidi\u00f3: \u201cLiteral, diciendo: Se los rob\u00f3\u201d. Hoy, describe una realidad distinta: \u201cA m\u00ed esta din\u00e1mica me gusta y poder disfrutar de ellos. S\u00ed\u201d.<\/p>\n<p><\/p>\n<p class=\"paragraph\">La entrevista se intern\u00f3 en la experiencia de sus hijos al crecer bajo la mirada p\u00fablica y la evoluci\u00f3n en el di\u00e1logo familiar. \u201cEllos hoy que est\u00e1n m\u00e1s grandes, \u00bfhacen alg\u00fan reclamo? Ya que se puede hablar, incluso tambi\u00e9n los ven m\u00e1s humanos a ustedes, ellos son m\u00e1s grandes, \u00bfustedes les pueden decir: S\u00ed, la verdad, perd\u00f3n, no nos manejamos bien? \u00bfEllos tienen ese recuerdo de: Che, ac\u00e1 la verdad estuvieron mal, viejos, nos rompieron las bolas.?\u201d, pregunt\u00f3 Nati Jota. L\u00f3pez respondi\u00f3: \u201c<b>Nosotros siempre estuvimos, m\u00e1s all\u00e1 de la distancia, y hubo momentos donde no nos pod\u00edamos ver, vamos a ponerlo as\u00ed, nunca perdimos\u2026 Yo me quedaba tranquilo, porque cuando los ve\u00eda despu\u00e9s de mucho tiempo, es como que el tiempo no se perd\u00eda. Entonces, eso a m\u00ed me dejaba tranquilo. Dentro de toda la situaci\u00f3n, yo me quedaba tranquilo y digo: Bueno, no perdimos eso con los chicos y eso est\u00e1 bueno<\/b>\u201d.<\/p>\n<p><\/p>\n<p class=\"paragraph\">El exfutbolista explic\u00f3 c\u00f3mo adaptaron la forma de comunicarse a medida que sus hijos crec\u00edan: \u201c<b>Siempre habl\u00e9 con ellos. Claro, muchas veces no hablaba porque me parec\u00eda que eran chicos y hab\u00eda cosas que no les ten\u00eda que decir. Pero despu\u00e9s, cuando fueron creciendo, ya los pibes hoy te encaran, pap\u00e1, pero esto, pero lo otro, pero m\u00e1s charlando las cosas. Y yo explic\u00e1ndole, gracias a Dios, no hay&#8230; \u00bfC\u00f3mo se dice? No hay cola. No me recriminan, no me pasan factura. Yo trat\u00e9 siempre, cuando pude, a veces era dif\u00edcil, de morderme la lengua y no hablar y no decir nada de la madre, porque siempre va a ser la madre y es algo que me llev\u00f3 un tiempo entenderlo tambi\u00e9n. Pero bueno<\/b>\u201d.<\/p>\n<p><\/p>\n<p class=\"paragraph\">L\u00f3pez defini\u00f3 estos cambios y aprendizajes como parte de los conflictos habituales en cualquier proceso de separaci\u00f3n, y subray\u00f3 el compromiso de ambos por buscar una convivencia m\u00e1s arm\u00f3nica para s\u00ed mismos y, sobre todo, para sus hijos.<\/p>\n","protected":false},"excerpt":{"rendered":"<p>El exdelantero de River Plate estuvo como invitado en Ser\u00eda Incre\u00edble y cont\u00f3 realmente como se lleva con la madre de sus tres hijos Maxi L\u00f3pez, desde que lleg\u00f3 al pa\u00eds para ser parte de MasterChef Celebrity (Telefe), comenz\u00f3 a mostrar una nueva faceta de su vida, muy confiado ante las c\u00e1maras, haciendo challenges de [&hellip;]<\/p>\n","protected":false},"author":2,"featured_media":55130,"comment_status":"","ping_status":"","sticky":false,"template":"","format":"standard","meta":{"footnotes":""},"categories":[12],"tags":[],"_links":{"self":[{"href":"https:\/\/maxradio923.com.ar\/index.php\/wp-json\/wp\/v2\/posts\/57419"}],"collection":[{"href":"https:\/\/maxradio923.com.ar\/index.php\/wp-json\/wp\/v2\/posts"}],"about":[{"href":"https:\/\/maxradio923.com.ar\/index.php\/wp-json\/wp\/v2\/types\/post"}],"author":[{"embeddable":true,"href":"https:\/\/maxradio923.com.ar\/index.php\/wp-json\/wp\/v2\/users\/2"}],"replies":[{"embeddable":true,"href":"https:\/\/maxradio923.com.ar\/index.php\/wp-json\/wp\/v2\/comments?post=57419"}],"version-history":[{"count":0,"href":"https:\/\/maxradio923.com.ar\/index.php\/wp-json\/wp\/v2\/posts\/57419\/revisions"}],"wp:featuredmedia":[{"embeddable":true,"href":"https:\/\/maxradio923.com.ar\/index.php\/wp-json\/wp\/v2\/media\/55130"}],"wp:attachment":[{"href":"https:\/\/maxradio923.com.ar\/index.php\/wp-json\/wp\/v2\/media?parent=57419"}],"wp:term":[{"taxonomy":"category","embeddable":true,"href":"https:\/\/maxradio923.com.ar\/index.php\/wp-json\/wp\/v2\/categories?post=57419"},{"taxonomy":"post_tag","embeddable":true,"href":"https:\/\/maxradio923.com.ar\/index.php\/wp-json\/wp\/v2\/tags?post=57419"}],"curies":[{"name":"wp","href":"https:\/\/api.w.org\/{rel}","templated":true}]}}