{"id":57417,"date":"2025-11-07T20:53:03","date_gmt":"2025-11-07T23:53:03","guid":{"rendered":"https:\/\/maxradio923.com.ar\/index.php\/2025\/11\/07\/se-llevo-a-cabo-en-comodoro-rivadavia-la-tercera-reunion-anual-de-presidentes-de-las-camaras-federales-de-apelaciones\/"},"modified":"2025-11-07T20:53:03","modified_gmt":"2025-11-07T23:53:03","slug":"se-llevo-a-cabo-en-comodoro-rivadavia-la-tercera-reunion-anual-de-presidentes-de-las-camaras-federales-de-apelaciones","status":"publish","type":"post","link":"https:\/\/maxradio923.com.ar\/index.php\/2025\/11\/07\/se-llevo-a-cabo-en-comodoro-rivadavia-la-tercera-reunion-anual-de-presidentes-de-las-camaras-federales-de-apelaciones\/","title":{"rendered":"Se llev\u00f3 a cabo en Comodoro Rivadavia la Tercera Reuni\u00f3n Anual de Presidentes de las C\u00e1maras Federales de Apelaciones"},"content":{"rendered":"<p><\/p>\n<h2 class=\"article-subheadline text_align_left\">En el c\u00f3nclave presidido por el Dr. Javier M. Leal de Ibarra, los magistrados expresaron su preocupaci\u00f3n por los desaf\u00edos que enfrenta el nuevo sistema procesal penal federal, logr\u00e1ndose importantes avances y consensos sobre relevantes aspectos<\/h2>\n<p><\/p>\n<p class=\"paragraph\">La ciudad de <b>Comodoro Rivadavia<\/b> fue, entre el 6 y 7 de noviembre, el punto de encuentro para la <b>Tercera Reuni\u00f3n Anual de Presidentes de las C\u00e1maras Federales de Apelaciones con competencia penal de todo el pa\u00eds<\/b>, un c\u00f3nclave estrat\u00e9gico en pleno proceso de transformaci\u00f3n del sistema judicial argentino. El encuentro, presidido por el Dr. <b>Javier M. Leal de Ibarra<\/b> y con la presencia de quince magistrados de las distintas c\u00e1maras federales, se constituy\u00f3 en un espacio de debate ineludible frente a los desaf\u00edos crecientes que presenta la implementaci\u00f3n del nuevo sistema procesal penal federal. Durante las jornadas se lograron consensos clave y se expusieron inquietudes estructurales con respecto al futuro de la justicia penal federal.<\/p>\n<p><\/p>\n<p class=\"paragraph\">Un avance considerado imprescindible por la mayor\u00eda fue la solicitud al <b>Consejo de la Magistratura<\/b> para que, con la mayor premura, se desarrolle y ponga en pr\u00e1ctica un sistema oficial de inteligencia artificial que permita la desgrabaci\u00f3n automatizada de audiencias, elemento crucial para el conocimiento y difusi\u00f3n de la jurisprudencia. Asimismo, los magistrados plantearon la importancia de que el <b>Ministerio P\u00fablico Fiscal<\/b> publicite peri\u00f3dicamente las estad\u00edsticas sobre casos desechados en atenci\u00f3n inicial, en la l\u00ednea de gobierno abierto y transparencia institucional.<\/p>\n<p><\/p>\n<p class=\"paragraph\">La comisi\u00f3n tambi\u00e9n propuso la creaci\u00f3n formal de una comisi\u00f3n de seguimiento del sistema acusatorio, conforme lo establecen las leyes de implementaci\u00f3n, y evalu\u00f3 la proyecci\u00f3n de ajustes legislativos puntuales en el <b>C\u00f3digo Procesal Penal Federal<\/b>. Estas reformas buscan canalizar la experiencia pr\u00e1ctica de los jueces y operadores del sistema, integrando en la normativa las lecciones aprendidas en los primeros a\u00f1os de vigencia del nuevo esquema procesal.<\/p>\n<p><\/p>\n<p class=\"paragraph\">No obstante los avances, la principal preocupaci\u00f3n manifestada un\u00e1nimemente fue la situaci\u00f3n presupuestaria proyectada para el Poder Judicial. El an\u00e1lisis del <b>proyecto de Ley de Presupuesto Nacional 2026 presentado por el Consejo de la Magistratura \u2013 Poder Judicial de la Naci\u00f3n ante el Congreso<\/b> arroj\u00f3 inquietud: contempla una reducci\u00f3n del 8% en el cr\u00e9dito general y una ca\u00edda del 74% en el \u00e1rea de Bienes de Uso, lo que, seg\u00fan los jueces presentes, afectar\u00eda gravemente la operatividad de los tribunales y, en definitiva, la independencia judicial. Los magistrados subrayaron que la suficiencia presupuestaria y la autarqu\u00eda financiera son condiciones indispensables de la independencia, pilar fundamental del Estado de derecho y garant\u00eda \u00faltima de los derechos esenciales de la ciudadan\u00eda.<\/p>\n<p><\/p>\n<p class=\"paragraph\">Los presidentes de c\u00e1maras alertaron que de no reverse esas previsiones presupuestarias, la justicia se ver\u00e1 impactada por infraestructuras inadecuadas, deterioro salarial y mayores obst\u00e1culos para el acceso a la justicia. Plantearon que la modernizaci\u00f3n, la continuidad de obras, el mantenimiento edilicio y la actualizaci\u00f3n tecnol\u00f3gica requieren recursos que garanticen un servicio eficiente y moderno.<\/p>\n<p><\/p>\n<p class=\"paragraph\">Por unanimidad, los presentes reafirmaron su compromiso con la defensa de la independencia del Poder Judicial y exhortaron p\u00fablicamente a que el presupuesto asignado por el Estado contemple las necesidades reales del sector. Consideraron esencial proteger el equilibrio republicano y garantizar que la Constituci\u00f3n Nacional y el derecho de acceso a la justicia permanezcan vigentes frente a coyunturas econ\u00f3micas adversas. El encuentro de Comodoro Rivadavia se consolid\u00f3 as\u00ed como un espacio de coordinaci\u00f3n, defensa institucional y reflexi\u00f3n sobre el futuro de los tribunales federales, en un momento clave para el destino de la justicia penal argentina.<\/p>\n","protected":false},"excerpt":{"rendered":"<p>En el c\u00f3nclave presidido por el Dr. Javier M. Leal de Ibarra, los magistrados expresaron su preocupaci\u00f3n por los desaf\u00edos que enfrenta el nuevo sistema procesal penal federal, logr\u00e1ndose importantes avances y consensos sobre relevantes aspectos La ciudad de Comodoro Rivadavia fue, entre el 6 y 7 de noviembre, el punto de encuentro para la [&hellip;]<\/p>\n","protected":false},"author":2,"featured_media":57418,"comment_status":"","ping_status":"","sticky":false,"template":"","format":"standard","meta":{"footnotes":""},"categories":[12],"tags":[],"_links":{"self":[{"href":"https:\/\/maxradio923.com.ar\/index.php\/wp-json\/wp\/v2\/posts\/57417"}],"collection":[{"href":"https:\/\/maxradio923.com.ar\/index.php\/wp-json\/wp\/v2\/posts"}],"about":[{"href":"https:\/\/maxradio923.com.ar\/index.php\/wp-json\/wp\/v2\/types\/post"}],"author":[{"embeddable":true,"href":"https:\/\/maxradio923.com.ar\/index.php\/wp-json\/wp\/v2\/users\/2"}],"replies":[{"embeddable":true,"href":"https:\/\/maxradio923.com.ar\/index.php\/wp-json\/wp\/v2\/comments?post=57417"}],"version-history":[{"count":0,"href":"https:\/\/maxradio923.com.ar\/index.php\/wp-json\/wp\/v2\/posts\/57417\/revisions"}],"wp:featuredmedia":[{"embeddable":true,"href":"https:\/\/maxradio923.com.ar\/index.php\/wp-json\/wp\/v2\/media\/57418"}],"wp:attachment":[{"href":"https:\/\/maxradio923.com.ar\/index.php\/wp-json\/wp\/v2\/media?parent=57417"}],"wp:term":[{"taxonomy":"category","embeddable":true,"href":"https:\/\/maxradio923.com.ar\/index.php\/wp-json\/wp\/v2\/categories?post=57417"},{"taxonomy":"post_tag","embeddable":true,"href":"https:\/\/maxradio923.com.ar\/index.php\/wp-json\/wp\/v2\/tags?post=57417"}],"curies":[{"name":"wp","href":"https:\/\/api.w.org\/{rel}","templated":true}]}}