{"id":57415,"date":"2025-11-07T20:49:02","date_gmt":"2025-11-07T23:49:02","guid":{"rendered":"https:\/\/maxradio923.com.ar\/index.php\/2025\/11\/07\/la-sorprendente-decision-del-dt-de-aston-villa-con-el-dibu-martinez-que-abre-la-puerta-a-un-posible-conflicto\/"},"modified":"2025-11-07T20:49:02","modified_gmt":"2025-11-07T23:49:02","slug":"la-sorprendente-decision-del-dt-de-aston-villa-con-el-dibu-martinez-que-abre-la-puerta-a-un-posible-conflicto","status":"publish","type":"post","link":"https:\/\/maxradio923.com.ar\/index.php\/2025\/11\/07\/la-sorprendente-decision-del-dt-de-aston-villa-con-el-dibu-martinez-que-abre-la-puerta-a-un-posible-conflicto\/","title":{"rendered":"La sorprendente decisi\u00f3n del DT de Aston Villa con el Dibu Mart\u00ednez que abre la puerta a un posible conflicto"},"content":{"rendered":"<p><\/p>\n<div>\n<div class=\"visual__image image-initial-width\"><picture><source srcset=\"https:\/\/www.infobae.com\/resizer\/v2\/SADRMR2JWFG4BDJKAEWFHSBE6U.JPG?auth=27edb004eef6cacb56e21c242c562d86b2b157c3dca466e43532b7ec9b40b55e&amp;smart=true&amp;width=992&amp;height=558&amp;quality=85\" media=\"(min-width: 1000px)\"\/><source srcset=\"https:\/\/www.infobae.com\/resizer\/v2\/SADRMR2JWFG4BDJKAEWFHSBE6U.JPG?auth=27edb004eef6cacb56e21c242c562d86b2b157c3dca466e43532b7ec9b40b55e&amp;smart=true&amp;width=768&amp;height=432&amp;quality=85\" media=\"(min-width: 768px)\"\/><source srcset=\"https:\/\/www.infobae.com\/resizer\/v2\/SADRMR2JWFG4BDJKAEWFHSBE6U.JPG?auth=27edb004eef6cacb56e21c242c562d86b2b157c3dca466e43532b7ec9b40b55e&amp;smart=true&amp;width=577&amp;height=325&amp;quality=85\" media=\"(min-width: 580px)\"\/><source srcset=\"https:\/\/www.infobae.com\/resizer\/v2\/SADRMR2JWFG4BDJKAEWFHSBE6U.JPG?auth=27edb004eef6cacb56e21c242c562d86b2b157c3dca466e43532b7ec9b40b55e&amp;smart=true&amp;width=420&amp;height=236&amp;quality=85\" media=\"(min-width: 350px)\"\/><source srcset=\"https:\/\/www.infobae.com\/resizer\/v2\/SADRMR2JWFG4BDJKAEWFHSBE6U.JPG?auth=27edb004eef6cacb56e21c242c562d86b2b157c3dca466e43532b7ec9b40b55e&amp;smart=true&amp;width=350&amp;height=197&amp;quality=85\" media=\"(min-width: 80px)\"\/><img alt=\"Dibu Mart\u00ednez perdi\u00f3 la subcapitan\u00eda\" class=\"global-image\" decoding=\"async\" fetchpriority=\"high\" height=\"1541\" loading=\"eager\" src=\"https:\/\/www.infobae.com\/resizer\/v2\/SADRMR2JWFG4BDJKAEWFHSBE6U.JPG?auth=27edb004eef6cacb56e21c242c562d86b2b157c3dca466e43532b7ec9b40b55e&amp;smart=true&amp;width=350&amp;height=197&amp;quality=85\" width=\"2740\"\/><\/picture><figcaption class=\"article-figcaption-img\">Dibu Mart\u00ednez perdi\u00f3 la subcapitan\u00eda del Aston Villa (Reuters\/Peter Cziborra)<\/figcaption><\/div>\n<p class=\"paragraph\">La decisi\u00f3n de <b>Unai Emery<\/b> de retirarle el rol de segundo capit\u00e1n a <b>Emiliano <\/b><i><b>Dibu<\/b><\/i><b> Mart\u00ednez<\/b> en el <b>Aston Villa<\/b> ha generado un nuevo foco de atenci\u00f3n en el club ingl\u00e9s, especialmente tras la reciente victoria por 2-0 frente al <b>Maccabi Tel Aviv<\/b> en la <b>UEFA Europa League<\/b>. En ese encuentro, la ausencia de <b>John McGinn<\/b>, capit\u00e1n habitual, no deriv\u00f3 en que el arquero argentino portara la cinta, como era costumbre, sino que el defensor <b>Ezri Konsa<\/b> asumi\u00f3 ese rol, lo que sorprendi\u00f3 los hinchas.<\/p>\n<p class=\"paragraph\">La relaci\u00f3n entre <i><b>Dibu<\/b><\/i> <b>Mart\u00ednez<\/b> y el entrenador espa\u00f1ol se ha visto afectada por los acontecimientos del \u00faltimo mercado de pases. La determinaci\u00f3n de Emery podr\u00eda estar directamente vinculada con la actitud del arquero durante la ventana de transferencias y abri\u00f3 la puerta a un posible foco de conflicto. <\/p>\n<p class=\"paragraph\">En la \u00faltima jornada de la temporada anterior, el argentino abandon\u00f3 el campo visiblemente emocionado y realiz\u00f3<b> gestos de despedida hacia los hinchas<\/b>, lo que aliment\u00f3 las especulaciones sobre su futuro. Durante el verano europeo, el arquero campe\u00f3n del mundo busc\u00f3 activamente una transferencia al <b>Manchester United<\/b>, pero las negociaciones no prosperaron y finalmente permaneci\u00f3 en el club de Birmingham.<\/p>\n<p class=\"paragraph\">En la conferencia de prensa posterior al partido ante el Maccabi Tel Aviv, <b>Emery<\/b> fue consultado sobre el cambio en la capitan\u00eda y explic\u00f3: <b>\u201cNormalmente, tenemos otro capit\u00e1n, Emi Mart\u00ednez, como segundo capit\u00e1n. Pero ahora, despu\u00e9s de hablar con \u00e9l, prefiero retirarle ese rol. Konsa es el siguiente\u201d<\/b>.<\/p>\n<div class=\"visual__image\"><picture><source srcset=\"https:\/\/www.infobae.com\/resizer\/v2\/OM3ICCOWYJHJHLVWRYLAPZH6BI.JPG?auth=847620646230a446f527ccda9e4194adf77b34bec39d537b5aac74f240257fe6&amp;smart=true&amp;width=992&amp;height=702&amp;quality=85\" media=\"(min-width: 1000px)\"\/><source srcset=\"https:\/\/www.infobae.com\/resizer\/v2\/OM3ICCOWYJHJHLVWRYLAPZH6BI.JPG?auth=847620646230a446f527ccda9e4194adf77b34bec39d537b5aac74f240257fe6&amp;smart=true&amp;width=768&amp;height=544&amp;quality=85\" media=\"(min-width: 768px)\"\/><source srcset=\"https:\/\/www.infobae.com\/resizer\/v2\/OM3ICCOWYJHJHLVWRYLAPZH6BI.JPG?auth=847620646230a446f527ccda9e4194adf77b34bec39d537b5aac74f240257fe6&amp;smart=true&amp;width=577&amp;height=409&amp;quality=85\" media=\"(min-width: 580px)\"\/><source srcset=\"https:\/\/www.infobae.com\/resizer\/v2\/OM3ICCOWYJHJHLVWRYLAPZH6BI.JPG?auth=847620646230a446f527ccda9e4194adf77b34bec39d537b5aac74f240257fe6&amp;smart=true&amp;width=420&amp;height=297&amp;quality=85\" media=\"(min-width: 350px)\"\/><source srcset=\"https:\/\/www.infobae.com\/resizer\/v2\/OM3ICCOWYJHJHLVWRYLAPZH6BI.JPG?auth=847620646230a446f527ccda9e4194adf77b34bec39d537b5aac74f240257fe6&amp;smart=true&amp;width=350&amp;height=248&amp;quality=85\" media=\"(min-width: 80px)\"\/><img alt=\"Unai Emery le quit\u00f3 la\" class=\"global-image\" decoding=\"async\" fetchpriority=\"low\" height=\"3364\" loading=\"lazy\" src=\"https:\/\/www.infobae.com\/resizer\/v2\/OM3ICCOWYJHJHLVWRYLAPZH6BI.JPG?auth=847620646230a446f527ccda9e4194adf77b34bec39d537b5aac74f240257fe6&amp;smart=true&amp;width=350&amp;height=248&amp;quality=85\" width=\"4751\"\/><\/picture><figcaption class=\"article-figcaption-img\">Unai Emery le quit\u00f3 la subcapitan\u00eda al Dibu Mart\u00ednez (Reuters\/Andrew Couldridge)<\/figcaption><\/div>\n<p class=\"paragraph\">Adem\u00e1s, Emery detall\u00f3 que otros futbolistas tambi\u00e9n han sido considerados para la capitan\u00eda en ausencia de McGinn. <b>\u201cTyrone Mings, junto con Ollie Watkins tambi\u00e9n. Normalmente lo gestionamos as\u00ed\u201d<\/b>, a\u00f1adi\u00f3, dejando en claro que el arquero argentino ha quedado relegado en la jerarqu\u00eda de liderazgo del equipo.<\/p>\n<p class=\"paragraph\">El impacto de estas decisiones se suma a la relevancia que <i><b>Dibu<\/b><\/i> <b>Mart\u00ednez<\/b> ha tenido en el <b>Aston Villa<\/b> desde su llegada. El arquero marplatense, consagrado como uno de los mejores de la <b>Premier League<\/b> y reconocido como el mejor del mundo en su puesto, <b>se hab\u00eda consolidado como l\u00edder tanto dentro como fuera del campo<\/b>, gan\u00e1ndose el aprecio de los aficionados y el respeto de sus compa\u00f1eros. Su papel como sub-capit\u00e1n era un reflejo de esa influencia, especialmente en partidos de alta exigencia en el f\u00fatbol ingl\u00e9s y europeo. La resoluci\u00f3n de <b>Emery<\/b> marca un cambio significativo en la din\u00e1mica interna del club y deja en evidencia<b> la tensi\u00f3n existente<\/b> entre el entrenador y el arquero argentino, cuya situaci\u00f3n personal y profesional atraviesa un momento de incertidumbre.<\/p>\n<p class=\"paragraph\">A pesar de esto, la actuaci\u00f3n del <i><b>Dibu<\/b><\/i> result\u00f3 determinante para que el <b>Aston Villa <\/b>se imponga ante el conjunto israel\u00ed, ya que se erigi\u00f3 como la figura del encuentro al contener dos ocasiones de manera impresionante.<\/p>\n<p class=\"paragraph\">El equipo dirigido por <b>Unai Emery<\/b> enfrent\u00f3 m\u00e1s dificultades de las previstas ante el conjunto israel\u00ed, que durante la primera mitad gener\u00f3 una de las situaciones m\u00e1s peligrosas del partido. Una jugada colectiva iniciada por <b>Heitor<\/b> culmin\u00f3 con <b>Dor Peretz<\/b> en posici\u00f3n de abrir el marcador cuando el reloj de <b>Weinberger<\/b> superaba los treinta minutos. En ese momento, el ex arquero del Arsenal demostr\u00f3 sus reflejos y evit\u00f3 la ca\u00edda de su valla, lo que no solo preserv\u00f3 el empate parcial sino que tambi\u00e9n impuls\u00f3 la reacci\u00f3n de sus compa\u00f1eros. <\/p>\n<div class=\"visual__image\"><picture><source srcset=\"https:\/\/www.infobae.com\/resizer\/v2\/N5XS5ZKKPVAKNC4J64PYVJNSKU.JPG?auth=dba29a0460d941104a0dc0ad541fd12f1835d59aa6b788ba2169a7fa17a11db1&amp;smart=true&amp;width=992&amp;height=685&amp;quality=85\" media=\"(min-width: 1000px)\"\/><source srcset=\"https:\/\/www.infobae.com\/resizer\/v2\/N5XS5ZKKPVAKNC4J64PYVJNSKU.JPG?auth=dba29a0460d941104a0dc0ad541fd12f1835d59aa6b788ba2169a7fa17a11db1&amp;smart=true&amp;width=768&amp;height=531&amp;quality=85\" media=\"(min-width: 768px)\"\/><source srcset=\"https:\/\/www.infobae.com\/resizer\/v2\/N5XS5ZKKPVAKNC4J64PYVJNSKU.JPG?auth=dba29a0460d941104a0dc0ad541fd12f1835d59aa6b788ba2169a7fa17a11db1&amp;smart=true&amp;width=577&amp;height=399&amp;quality=85\" media=\"(min-width: 580px)\"\/><source srcset=\"https:\/\/www.infobae.com\/resizer\/v2\/N5XS5ZKKPVAKNC4J64PYVJNSKU.JPG?auth=dba29a0460d941104a0dc0ad541fd12f1835d59aa6b788ba2169a7fa17a11db1&amp;smart=true&amp;width=420&amp;height=290&amp;quality=85\" media=\"(min-width: 350px)\"\/><source srcset=\"https:\/\/www.infobae.com\/resizer\/v2\/N5XS5ZKKPVAKNC4J64PYVJNSKU.JPG?auth=dba29a0460d941104a0dc0ad541fd12f1835d59aa6b788ba2169a7fa17a11db1&amp;smart=true&amp;width=350&amp;height=242&amp;quality=85\" media=\"(min-width: 80px)\"\/><img alt=\"El DT de Aston Villa\" class=\"global-image\" decoding=\"async\" fetchpriority=\"low\" height=\"3473\" loading=\"lazy\" src=\"https:\/\/www.infobae.com\/resizer\/v2\/N5XS5ZKKPVAKNC4J64PYVJNSKU.JPG?auth=dba29a0460d941104a0dc0ad541fd12f1835d59aa6b788ba2169a7fa17a11db1&amp;smart=true&amp;width=350&amp;height=242&amp;quality=85\" width=\"5026\"\/><\/picture><figcaption class=\"article-figcaption-img\">El DT de Aston Villa le retir\u00f3 la segunda capitan\u00eda al Dibu Mart\u00ednez (REUTERS\/Peter Lous)<\/figcaption><\/div>\n<p class=\"paragraph\">En la segunda mitad, cuando el elenco ingl\u00e9s ya ganaba 1-0, el protagonismo de<b> Mart\u00ednez<\/b> volvi\u00f3 a ser determinante. El Maccabi Tel Aviv, lejos de resignarse, busc\u00f3 el empate a trav\u00e9s de una jugada que comenz\u00f3 nuevamente con Heitor y continu\u00f3 con la velocidad de <b>Mohamed Ali Kamara<\/b>, quien super\u00f3 a <b>Victor Lindelof<\/b> y habilit\u00f3 a Dor Peretz. El volante israel\u00ed, como en la etapa inicial, se top\u00f3 con la resistencia del ex Independiente, que volvi\u00f3 a frustrar sus aspiraciones de gol. Finalmente, el Villa se impuso por 2-0.<\/p>\n<p class=\"paragraph\">Con este resultado, <b>Aston Villa<\/b> se afianz\u00f3 en el sexto lugar de la competici\u00f3n continental, alcanzando <b>9 puntos<\/b> y alimentando sus expectativas de acceder directamente a los octavos de final, sin necesidad de disputar los playoffs.<\/p>\n<\/div>\n<p><script defer=\"\">try{!function(f,b,e,v,n,t,s) {if(f.fbq)return;n=f.fbq=function(){n.callMethod? n.callMethod.apply(n,arguments):n.queue.push(arguments)}; if(!f._fbq)f._fbq=n;n.push=n;n.loaded=!0;n.version='2.0'; n.queue=[];t=b.createElement(e);t.async=!0; t.src=v;s=b.getElementsByTagName(e)[0]; s.parentNode.insertBefore(t,s)}(window, document,'script', ' fbq('init', '336383993555320'); fbq('track', 'PageView'); fbq('track', 'ViewContent');}catch(error){console.log(\"Error al inicializar facebookPixelRawCodeScript:\",error);}<\/script><\/p>\n","protected":false},"excerpt":{"rendered":"<p>Dibu Mart\u00ednez perdi\u00f3 la subcapitan\u00eda del Aston Villa (Reuters\/Peter Cziborra) La decisi\u00f3n de Unai Emery de retirarle el rol de segundo capit\u00e1n a Emiliano Dibu Mart\u00ednez en el Aston Villa ha generado un nuevo foco de atenci\u00f3n en el club ingl\u00e9s, especialmente tras la reciente victoria por 2-0 frente al Maccabi Tel Aviv en la [&hellip;]<\/p>\n","protected":false},"author":2,"featured_media":57416,"comment_status":"","ping_status":"","sticky":false,"template":"","format":"standard","meta":{"footnotes":""},"categories":[2],"tags":[],"_links":{"self":[{"href":"https:\/\/maxradio923.com.ar\/index.php\/wp-json\/wp\/v2\/posts\/57415"}],"collection":[{"href":"https:\/\/maxradio923.com.ar\/index.php\/wp-json\/wp\/v2\/posts"}],"about":[{"href":"https:\/\/maxradio923.com.ar\/index.php\/wp-json\/wp\/v2\/types\/post"}],"author":[{"embeddable":true,"href":"https:\/\/maxradio923.com.ar\/index.php\/wp-json\/wp\/v2\/users\/2"}],"replies":[{"embeddable":true,"href":"https:\/\/maxradio923.com.ar\/index.php\/wp-json\/wp\/v2\/comments?post=57415"}],"version-history":[{"count":0,"href":"https:\/\/maxradio923.com.ar\/index.php\/wp-json\/wp\/v2\/posts\/57415\/revisions"}],"wp:featuredmedia":[{"embeddable":true,"href":"https:\/\/maxradio923.com.ar\/index.php\/wp-json\/wp\/v2\/media\/57416"}],"wp:attachment":[{"href":"https:\/\/maxradio923.com.ar\/index.php\/wp-json\/wp\/v2\/media?parent=57415"}],"wp:term":[{"taxonomy":"category","embeddable":true,"href":"https:\/\/maxradio923.com.ar\/index.php\/wp-json\/wp\/v2\/categories?post=57415"},{"taxonomy":"post_tag","embeddable":true,"href":"https:\/\/maxradio923.com.ar\/index.php\/wp-json\/wp\/v2\/tags?post=57415"}],"curies":[{"name":"wp","href":"https:\/\/api.w.org\/{rel}","templated":true}]}}