{"id":57411,"date":"2025-11-07T20:21:02","date_gmt":"2025-11-07T23:21:02","guid":{"rendered":"https:\/\/maxradio923.com.ar\/index.php\/2025\/11\/07\/julieta-prandi-hablo-del-rechazo-judicial-a-la-prision-domiciliaria-de-su-ex-marido-condenado-por-abuso-sexual-no-la-merece\/"},"modified":"2025-11-07T20:21:02","modified_gmt":"2025-11-07T23:21:02","slug":"julieta-prandi-hablo-del-rechazo-judicial-a-la-prision-domiciliaria-de-su-ex-marido-condenado-por-abuso-sexual-no-la-merece","status":"publish","type":"post","link":"https:\/\/maxradio923.com.ar\/index.php\/2025\/11\/07\/julieta-prandi-hablo-del-rechazo-judicial-a-la-prision-domiciliaria-de-su-ex-marido-condenado-por-abuso-sexual-no-la-merece\/","title":{"rendered":"Julieta Prandi habl\u00f3 del rechazo judicial a la prisi\u00f3n domiciliaria de su ex marido, condenado por abuso sexual: \u201cNo la merece\u201d"},"content":{"rendered":"<p><\/p>\n<h2 class=\"article-subheadline text_align_left\">La conductora opin\u00f3 sobre el fallo adverso que recibi\u00f3 Claudio Contardi por parte del Tribunal en lo Criminal N\u00b0 2 de Campana y advirti\u00f3 que el recluso est\u00e1 en falta con la cuota alimentaria<\/h2>\n<p><\/p>\n<p class=\"paragraph\">Luego de que el <b>Tribunal en lo Criminal N\u00b0 2 de Campana<\/b> rechaz\u00f3 el pedido de <b>prisi\u00f3n domiciliaria<\/b> presentado por la defensa de <b>Claudio Contardi<\/b>, ex marido de <b>Julieta Prandi<\/b>, quien cumple una condena de 19 a\u00f1os por <b>abuso sexual agravado, <\/b>la<b> modelo, actriz y conductora <\/b>habl\u00f3 con el programa A la tarde (Am\u00e9rica TV). Abordada por el cronista, manifest\u00f3 su rechazo absoluto a cualquier posibilidad de prisi\u00f3n domiciliaria para su ex marido: <b>\u201cNo la merece\u201d.<\/b> Y a continuaci\u00f3n, afirm\u00f3: <b>\u201cCuando sos culpable y se demostr\u00f3 que lo sos, no tendr\u00edas por qu\u00e9 tener ese privilegio\u201d<\/b>. <\/p>\n<p><\/p>\n<p class=\"paragraph\">Adem\u00e1s, ante la consulta sobre la intenci\u00f3n que tendr\u00eda Contardi de trabajar vendiendo servicios gamer, mencion\u00f3: <b>\u201cNi idea de lo que quiere hacer. De momento, se tiene que ocupar del acuerdo, tiene que pagar la cuota alimentaria que est\u00e1 de vuelta en falta\u201d<\/b>.<\/p>\n<p><\/p>\n<p class=\"paragraph\">Los jueces fundamentaron su negativa en la persistencia del peligro de fuga, la gravedad de los delitos cometidos y el hecho de que el domicilio propuesto para la prisi\u00f3n domiciliaria \u2014una vivienda en el barrio privado Septiembre, en <b>Escobar<\/b>\u2014 coincide con el lugar donde ocurrieron los abusos denunciados por Prandi. <b>El tribunal sostuvo que \u201cno han desaparecido las condiciones que justifican el encierro de Contardi\u201d<\/b>, por lo que resulta conveniente que contin\u00fae sometido a la medida cautelar vigente, con el objetivo de asegurar los fines del proceso. Adem\u00e1s, la pena en expectativa fue uno de los argumentos principales para mantener la prisi\u00f3n efectiva.<\/p>\n<p><\/p>\n<p class=\"paragraph\">El sufrimiento vivivo por <b>Julieta Prandi<\/b> se remonta a hechos ocurridos entre 2015 y 2018, aunque la denuncia formal se present\u00f3 en 2021 ante la UFI N\u00b0 4 de Escobar. Prandi relat\u00f3 que, tras mudarse a un country en Escobar, su entonces esposo comenz\u00f3 a ejercer un control estricto sobre su vida, alej\u00e1ndola de sus seres queridos, impidi\u00e9ndole manejar y oblig\u00e1ndola a cambiar su n\u00famero de tel\u00e9fono. Las agresiones verbales y f\u00edsicas se intensificaron tras el nacimiento del primer hijo de la pareja y, seg\u00fan el expediente judicial, Contardi utilizaba amenazas y manipulaciones psicol\u00f3gicas, incluso vali\u00e9ndose de su rol como pai de la religi\u00f3n umbanda para intimidarla. Entre las frases denunciadas por Prandi figuran amenazas directas y comentarios destinados a infundir miedo y sumisi\u00f3n.<\/p>\n<p><\/p>\n<p class=\"paragraph\">La condena a 19 a\u00f1os de prisi\u00f3n por <b>abuso sexual con acceso carnal agravado<\/b> por causar un grave da\u00f1o en la salud mental de la v\u00edctima fue dictada el 13 de agosto de 2025, tras un proceso judicial que, seg\u00fan la propia Prandi, represent\u00f3 un calvario de una d\u00e9cada.<\/p>\n<p><\/p>\n<p class=\"paragraph\">La resoluci\u00f3n judicial fue recibida por Prandi como un reconocimiento a su lucha y a la de quienes atraviesan situaciones similares, destacando la importancia de la visibilizaci\u00f3n y el acompa\u00f1amiento social en casos de <b>violencia de g\u00e9nero<\/b> y <b>abuso<\/b>.<\/p>\n","protected":false},"excerpt":{"rendered":"<p>La conductora opin\u00f3 sobre el fallo adverso que recibi\u00f3 Claudio Contardi por parte del Tribunal en lo Criminal N\u00b0 2 de Campana y advirti\u00f3 que el recluso est\u00e1 en falta con la cuota alimentaria Luego de que el Tribunal en lo Criminal N\u00b0 2 de Campana rechaz\u00f3 el pedido de prisi\u00f3n domiciliaria presentado por la [&hellip;]<\/p>\n","protected":false},"author":2,"featured_media":57412,"comment_status":"","ping_status":"","sticky":false,"template":"","format":"standard","meta":{"footnotes":""},"categories":[12],"tags":[],"_links":{"self":[{"href":"https:\/\/maxradio923.com.ar\/index.php\/wp-json\/wp\/v2\/posts\/57411"}],"collection":[{"href":"https:\/\/maxradio923.com.ar\/index.php\/wp-json\/wp\/v2\/posts"}],"about":[{"href":"https:\/\/maxradio923.com.ar\/index.php\/wp-json\/wp\/v2\/types\/post"}],"author":[{"embeddable":true,"href":"https:\/\/maxradio923.com.ar\/index.php\/wp-json\/wp\/v2\/users\/2"}],"replies":[{"embeddable":true,"href":"https:\/\/maxradio923.com.ar\/index.php\/wp-json\/wp\/v2\/comments?post=57411"}],"version-history":[{"count":0,"href":"https:\/\/maxradio923.com.ar\/index.php\/wp-json\/wp\/v2\/posts\/57411\/revisions"}],"wp:featuredmedia":[{"embeddable":true,"href":"https:\/\/maxradio923.com.ar\/index.php\/wp-json\/wp\/v2\/media\/57412"}],"wp:attachment":[{"href":"https:\/\/maxradio923.com.ar\/index.php\/wp-json\/wp\/v2\/media?parent=57411"}],"wp:term":[{"taxonomy":"category","embeddable":true,"href":"https:\/\/maxradio923.com.ar\/index.php\/wp-json\/wp\/v2\/categories?post=57411"},{"taxonomy":"post_tag","embeddable":true,"href":"https:\/\/maxradio923.com.ar\/index.php\/wp-json\/wp\/v2\/tags?post=57411"}],"curies":[{"name":"wp","href":"https:\/\/api.w.org\/{rel}","templated":true}]}}