{"id":57409,"date":"2025-11-07T20:07:05","date_gmt":"2025-11-07T23:07:05","guid":{"rendered":"https:\/\/maxradio923.com.ar\/index.php\/2025\/11\/07\/el-jugador-de-la-seleccion-argentina-que-fue-a-alentar-a-franco-colapinto-en-el-gp-de-brasil-esperemos-darle-suerte\/"},"modified":"2025-11-07T20:07:05","modified_gmt":"2025-11-07T23:07:05","slug":"el-jugador-de-la-seleccion-argentina-que-fue-a-alentar-a-franco-colapinto-en-el-gp-de-brasil-esperemos-darle-suerte","status":"publish","type":"post","link":"https:\/\/maxradio923.com.ar\/index.php\/2025\/11\/07\/el-jugador-de-la-seleccion-argentina-que-fue-a-alentar-a-franco-colapinto-en-el-gp-de-brasil-esperemos-darle-suerte\/","title":{"rendered":"El jugador de la selecci\u00f3n argentina que fue a alentar a Franco Colapinto en el GP de Brasil: \u201cEsperemos darle suerte\u201d"},"content":{"rendered":"<p><\/p>\n<div>\n<div class=\"jwplayer-ctn\"><figcaption class=\"jwplayer-figcaption\">El Flaco L\u00f3pez, goleador del Palmeiras y convocado a la selecci\u00f3n argentina, estuvo presente en Interlagos para alentar a Franco Colapinto<br \/>\n<\/figcaption><\/div>\n<p class=\"paragraph\">El ambiente del <b>Gran Premio de Brasil<\/b> en el circuito de <b>Interlagos <\/b>se vio enriquecido por la presencia de figuras inesperadas fuera del mundo del automovilismo. Entre los asistentes que se acercaron a apoyar a <b>Franco Colapinto<\/b> en su debut tras la confirmaci\u00f3n de su continuidad con Alpine para 2026, destac\u00f3 la visita de un delantero de la <b>selecci\u00f3n argentina<\/b>, quien vivi\u00f3 por primera vez la experiencia de la<b> F\u00f3rmula 1<\/b> desde adentro.<\/p>\n<p class=\"paragraph\"><b>Jos\u00e9 Manuel<\/b> <i><b>Flaco<\/b><\/i><b> L\u00f3pez<\/b>, actual jugador del <b>Palmeiras<\/b> y recientemente convocado por Lionel Scaloni para el amistoso frente a Angola, se mostr\u00f3 entusiasta en el aut\u00f3dromo ubicado en San Pablo. <b>\u201cAc\u00e1 estamos, hinchando por Franco. Esperemos darle suerte\u201d<\/b>, expres\u00f3 el delantero en di\u00e1logo con <i>ESPN<\/i>. L\u00f3pez, que nunca antes hab\u00eda presenciado una carrera de F\u00f3rmula 1 tan de cerca, comparti\u00f3 su asombro por el entorno: \u201cNunca hab\u00eda visto tan de cerca, es una locura. Esto es un mundo totalmente diferente al nuestro\u201d, afirm\u00f3 al mismo medio.<\/p>\n<p class=\"paragraph\">La visita del <i><b>Flaco<\/b><\/i><b> L\u00f3pez<\/b> no fue solitaria. Junto a \u00e9l estuvo el argentino <b>Agust\u00edn Giay<\/b>, tambi\u00e9n jugador del <b>Palmeiras<\/b>, quien aprovech\u00f3 la estad\u00eda en San Pablo para acompa\u00f1ar al delantero con pasado en Lan\u00fas y sumarse al aliento para <b>Colapinto <\/b>en <b>Interlagos<\/b>. Ambos futbolistas aprovecharon la cercan\u00eda geogr\u00e1fica para presenciar la primera jornada del<b> Gran Premio de F1 <\/b>y brindar su apoyo al corredor de Alpine, aunque L\u00f3pez aclar\u00f3 que no podr\u00e1 asistir el s\u00e1bado ni el domingo debido a sus compromisos con el <i>Verdao <\/i>en el Brasileirao, donde el equipo lidera la tabla y disputa el t\u00edtulo mano a mano con <b>Flamengo<\/b>.<\/p>\n<div class=\"visual__image\"><picture><source srcset=\"https:\/\/www.infobae.com\/resizer\/v2\/75QYXZCOV5AYHFF4AK4FEYRFNM.jpg?auth=74a0852bc717044ee73d2b2208969a584aa2070afc018895d3cc5e5be2f23b4a&amp;smart=true&amp;width=992&amp;height=1764&amp;quality=85\" media=\"(min-width: 1000px)\"\/><source srcset=\"https:\/\/www.infobae.com\/resizer\/v2\/75QYXZCOV5AYHFF4AK4FEYRFNM.jpg?auth=74a0852bc717044ee73d2b2208969a584aa2070afc018895d3cc5e5be2f23b4a&amp;smart=true&amp;width=768&amp;height=1365&amp;quality=85\" media=\"(min-width: 768px)\"\/><source srcset=\"https:\/\/www.infobae.com\/resizer\/v2\/75QYXZCOV5AYHFF4AK4FEYRFNM.jpg?auth=74a0852bc717044ee73d2b2208969a584aa2070afc018895d3cc5e5be2f23b4a&amp;smart=true&amp;width=577&amp;height=1026&amp;quality=85\" media=\"(min-width: 580px)\"\/><source srcset=\"https:\/\/www.infobae.com\/resizer\/v2\/75QYXZCOV5AYHFF4AK4FEYRFNM.jpg?auth=74a0852bc717044ee73d2b2208969a584aa2070afc018895d3cc5e5be2f23b4a&amp;smart=true&amp;width=420&amp;height=747&amp;quality=85\" media=\"(min-width: 350px)\"\/><source srcset=\"https:\/\/www.infobae.com\/resizer\/v2\/75QYXZCOV5AYHFF4AK4FEYRFNM.jpg?auth=74a0852bc717044ee73d2b2208969a584aa2070afc018895d3cc5e5be2f23b4a&amp;smart=true&amp;width=350&amp;height=622&amp;quality=85\" media=\"(min-width: 80px)\"\/><img alt=\"El Flaco L\u00f3pez junto a\" class=\"global-image\" decoding=\"async\" fetchpriority=\"low\" height=\"2144\" loading=\"lazy\" src=\"https:\/\/www.infobae.com\/resizer\/v2\/75QYXZCOV5AYHFF4AK4FEYRFNM.jpg?auth=74a0852bc717044ee73d2b2208969a584aa2070afc018895d3cc5e5be2f23b4a&amp;smart=true&amp;width=350&amp;height=622&amp;quality=85\" width=\"1206\"\/><\/picture><figcaption class=\"article-figcaption-img\">El Flaco L\u00f3pez junto a Franco Colapinto en Interlagos (Instagram)<\/figcaption><\/div>\n<p class=\"paragraph\">El inter\u00e9s de clubes europeos por el<i> Flaco<\/i> ha llevado al <b>Palmeiras<\/b> a tomar una decisi\u00f3n contundente: el club brasile\u00f1o ha fijado en <b>40 millones de euros<\/b> el precio de venta del delantero argentino, blindando as\u00ed a una de sus figuras m\u00e1s prometedoras ante posibles ofertas del exterior. Esta cifra, reportada por <i>ESPN Brasil<\/i>, refleja tanto el presente goleador del atacante como la proyecci\u00f3n internacional que ha alcanzado en el f\u00fatbol sudamericano.<\/p>\n<p class=\"paragraph\">A sus 24 a\u00f1os, <b>L\u00f3pez<\/b> se ha consolidado como una pieza fundamental en el esquema de <b>Abel Ferreira<\/b>. Su desempe\u00f1o en la temporada 2025 ha sido sobresaliente: suma <b>23 goles y seis asistencias en 56 partidos<\/b>, lo que lo posiciona entre los futbolistas m\u00e1s destacados del f\u00fatbol brasile\u00f1o. En la actual edici\u00f3n de la <b>Copa Libertadores<\/b>, el delantero acumula<b> siete goles<\/b> y dos asistencias en once encuentros, contribuyendo de manera decisiva a que el <b>Palmeiras <\/b>alcance la final del torneo, que se disputar\u00e1 el 29 de noviembre en Lima frente a <b>Flamengo<\/b>.<\/p>\n<div class=\"visual__image\"><picture><source srcset=\"https:\/\/www.infobae.com\/resizer\/v2\/4OJ6O2XGFJHIHHLKGMOYHNJEJU.jpg?auth=24a7508c4b25b73d3f511ee2b9b4088d3422fb9f97678865c59c3161b6bbb4d5&amp;smart=true&amp;width=992&amp;height=1730&amp;quality=85\" media=\"(min-width: 1000px)\"\/><source srcset=\"https:\/\/www.infobae.com\/resizer\/v2\/4OJ6O2XGFJHIHHLKGMOYHNJEJU.jpg?auth=24a7508c4b25b73d3f511ee2b9b4088d3422fb9f97678865c59c3161b6bbb4d5&amp;smart=true&amp;width=768&amp;height=1340&amp;quality=85\" media=\"(min-width: 768px)\"\/><source srcset=\"https:\/\/www.infobae.com\/resizer\/v2\/4OJ6O2XGFJHIHHLKGMOYHNJEJU.jpg?auth=24a7508c4b25b73d3f511ee2b9b4088d3422fb9f97678865c59c3161b6bbb4d5&amp;smart=true&amp;width=577&amp;height=1007&amp;quality=85\" media=\"(min-width: 580px)\"\/><source srcset=\"https:\/\/www.infobae.com\/resizer\/v2\/4OJ6O2XGFJHIHHLKGMOYHNJEJU.jpg?auth=24a7508c4b25b73d3f511ee2b9b4088d3422fb9f97678865c59c3161b6bbb4d5&amp;smart=true&amp;width=420&amp;height=733&amp;quality=85\" media=\"(min-width: 350px)\"\/><source srcset=\"https:\/\/www.infobae.com\/resizer\/v2\/4OJ6O2XGFJHIHHLKGMOYHNJEJU.jpg?auth=24a7508c4b25b73d3f511ee2b9b4088d3422fb9f97678865c59c3161b6bbb4d5&amp;smart=true&amp;width=350&amp;height=611&amp;quality=85\" media=\"(min-width: 80px)\"\/><img alt=\"Agustin Giay y Jos\u00e9 Manuel\" class=\"global-image\" decoding=\"async\" fetchpriority=\"low\" height=\"1884\" loading=\"lazy\" src=\"https:\/\/www.infobae.com\/resizer\/v2\/4OJ6O2XGFJHIHHLKGMOYHNJEJU.jpg?auth=24a7508c4b25b73d3f511ee2b9b4088d3422fb9f97678865c59c3161b6bbb4d5&amp;smart=true&amp;width=350&amp;height=611&amp;quality=85\" width=\"1080\"\/><\/picture><figcaption class=\"article-figcaption-img\">Agustin Giay y Jos\u00e9 Manuel L\u00f3pez presentes en Interlagos<\/figcaption><\/div>\n<p class=\"paragraph\">Desde su llegada al <b>Palmeiras<\/b> a mediados de 2022, <b>L\u00f3pez <\/b>ha disputado <b>171 partidos oficiales<\/b>, en los que ha convertido <b>55 goles y brindado 14 asistencias<\/b>. Durante ese per\u00edodo, recibi\u00f3 <b>28 tarjetas amarillas<\/b> y no fue expulsado en los <b>8.923 minutos<\/b> que estuvo en el campo de juego.<\/p>\n<p class=\"paragraph\">Mientras tanto,<b> Colapinto<\/b> debi\u00f3 dejar de lado las celebraciones por su continuidad en Alpine y concentrarse en la actividad en pista. Tras el anuncio, el piloto argentino sali\u00f3 a disputar la primera pr\u00e1ctica libre (FP1) del Gran Premio de Brasil y, poco despu\u00e9s, particip\u00f3 en la clasificaci\u00f3n sprint, que defini\u00f3 las posiciones de partida para la carrera corta del s\u00e1bado. Por un margen m\u00ednimo de <b>0,060 segundos<\/b>, el pilarense no logr\u00f3 avanzar a la SQ2 y finaliz\u00f3 en la decimosexta posici\u00f3n, desde donde largar\u00e1 la competencia.<\/p>\n<p class=\"paragraph\">La jornada dej\u00f3 interrogantes sobre el rendimiento de los monoplazas de Alpine, ya que se observaron diferencias notables entre el auto de Colapinto y el de su compa\u00f1ero <b>Pierre Gasly<\/b>. En la sesi\u00f3n clasificatoria, el piloto franc\u00e9s fue <b>0,344 segundos<\/b> m\u00e1s r\u00e1pido, lo que le permiti\u00f3 alcanzar un destacado octavo puesto y avanzar c\u00f3modamente a la SQ2, en contraste con el resultado del argentino.<\/p>\n<\/div>\n<p><script defer=\"\">try{!function(f,b,e,v,n,t,s) {if(f.fbq)return;n=f.fbq=function(){n.callMethod? n.callMethod.apply(n,arguments):n.queue.push(arguments)}; if(!f._fbq)f._fbq=n;n.push=n;n.loaded=!0;n.version='2.0'; n.queue=[];t=b.createElement(e);t.async=!0; t.src=v;s=b.getElementsByTagName(e)[0]; s.parentNode.insertBefore(t,s)}(window, document,'script', ' fbq('init', '336383993555320'); fbq('track', 'PageView'); fbq('track', 'ViewContent');}catch(error){console.log(\"Error al inicializar facebookPixelRawCodeScript:\",error);}<\/script><\/p>\n","protected":false},"excerpt":{"rendered":"<p>El Flaco L\u00f3pez, goleador del Palmeiras y convocado a la selecci\u00f3n argentina, estuvo presente en Interlagos para alentar a Franco Colapinto El ambiente del Gran Premio de Brasil en el circuito de Interlagos se vio enriquecido por la presencia de figuras inesperadas fuera del mundo del automovilismo. Entre los asistentes que se acercaron a apoyar [&hellip;]<\/p>\n","protected":false},"author":2,"featured_media":57410,"comment_status":"","ping_status":"","sticky":false,"template":"","format":"standard","meta":{"footnotes":""},"categories":[2],"tags":[],"_links":{"self":[{"href":"https:\/\/maxradio923.com.ar\/index.php\/wp-json\/wp\/v2\/posts\/57409"}],"collection":[{"href":"https:\/\/maxradio923.com.ar\/index.php\/wp-json\/wp\/v2\/posts"}],"about":[{"href":"https:\/\/maxradio923.com.ar\/index.php\/wp-json\/wp\/v2\/types\/post"}],"author":[{"embeddable":true,"href":"https:\/\/maxradio923.com.ar\/index.php\/wp-json\/wp\/v2\/users\/2"}],"replies":[{"embeddable":true,"href":"https:\/\/maxradio923.com.ar\/index.php\/wp-json\/wp\/v2\/comments?post=57409"}],"version-history":[{"count":0,"href":"https:\/\/maxradio923.com.ar\/index.php\/wp-json\/wp\/v2\/posts\/57409\/revisions"}],"wp:featuredmedia":[{"embeddable":true,"href":"https:\/\/maxradio923.com.ar\/index.php\/wp-json\/wp\/v2\/media\/57410"}],"wp:attachment":[{"href":"https:\/\/maxradio923.com.ar\/index.php\/wp-json\/wp\/v2\/media?parent=57409"}],"wp:term":[{"taxonomy":"category","embeddable":true,"href":"https:\/\/maxradio923.com.ar\/index.php\/wp-json\/wp\/v2\/categories?post=57409"},{"taxonomy":"post_tag","embeddable":true,"href":"https:\/\/maxradio923.com.ar\/index.php\/wp-json\/wp\/v2\/tags?post=57409"}],"curies":[{"name":"wp","href":"https:\/\/api.w.org\/{rel}","templated":true}]}}