{"id":57399,"date":"2025-11-07T19:01:02","date_gmt":"2025-11-07T22:01:02","guid":{"rendered":"https:\/\/maxradio923.com.ar\/index.php\/2025\/11\/07\/desde-espana-aseguran-que-ya-hay-fecha-para-enfrentar-a-la-seleccion-argentina-en-la-finalissima-cuando-y-donde-se-jugaria\/"},"modified":"2025-11-07T19:01:02","modified_gmt":"2025-11-07T22:01:02","slug":"desde-espana-aseguran-que-ya-hay-fecha-para-enfrentar-a-la-seleccion-argentina-en-la-finalissima-cuando-y-donde-se-jugaria","status":"publish","type":"post","link":"https:\/\/maxradio923.com.ar\/index.php\/2025\/11\/07\/desde-espana-aseguran-que-ya-hay-fecha-para-enfrentar-a-la-seleccion-argentina-en-la-finalissima-cuando-y-donde-se-jugaria\/","title":{"rendered":"Desde Espa\u00f1a aseguran que ya hay fecha para enfrentar a la selecci\u00f3n argentina en la Final\u00edssima: cu\u00e1ndo y d\u00f3nde se jugar\u00eda"},"content":{"rendered":"<p><\/p>\n<div>\n<div class=\"visual__image image-initial-width\"><picture><source srcset=\"https:\/\/www.infobae.com\/resizer\/v2\/JAW3CNODNNH2RM6BYTUDG2D4DE.jpg?auth=31a72ce0b7412cbce3fc5ffc3feb0198fe9cf7d179a68ba7cb1b7e555659d451&amp;smart=true&amp;width=992&amp;height=558&amp;quality=85\" media=\"(min-width: 1000px)\"\/><source srcset=\"https:\/\/www.infobae.com\/resizer\/v2\/JAW3CNODNNH2RM6BYTUDG2D4DE.jpg?auth=31a72ce0b7412cbce3fc5ffc3feb0198fe9cf7d179a68ba7cb1b7e555659d451&amp;smart=true&amp;width=768&amp;height=432&amp;quality=85\" media=\"(min-width: 768px)\"\/><source srcset=\"https:\/\/www.infobae.com\/resizer\/v2\/JAW3CNODNNH2RM6BYTUDG2D4DE.jpg?auth=31a72ce0b7412cbce3fc5ffc3feb0198fe9cf7d179a68ba7cb1b7e555659d451&amp;smart=true&amp;width=577&amp;height=325&amp;quality=85\" media=\"(min-width: 580px)\"\/><source srcset=\"https:\/\/www.infobae.com\/resizer\/v2\/JAW3CNODNNH2RM6BYTUDG2D4DE.jpg?auth=31a72ce0b7412cbce3fc5ffc3feb0198fe9cf7d179a68ba7cb1b7e555659d451&amp;smart=true&amp;width=420&amp;height=236&amp;quality=85\" media=\"(min-width: 350px)\"\/><source srcset=\"https:\/\/www.infobae.com\/resizer\/v2\/JAW3CNODNNH2RM6BYTUDG2D4DE.jpg?auth=31a72ce0b7412cbce3fc5ffc3feb0198fe9cf7d179a68ba7cb1b7e555659d451&amp;smart=true&amp;width=350&amp;height=197&amp;quality=85\" media=\"(min-width: 80px)\"\/><img alt=\"Lionel Messi y Lamine Yamal\" class=\"global-image\" decoding=\"async\" fetchpriority=\"high\" height=\"1080\" loading=\"eager\" src=\"https:\/\/www.infobae.com\/resizer\/v2\/JAW3CNODNNH2RM6BYTUDG2D4DE.jpg?auth=31a72ce0b7412cbce3fc5ffc3feb0198fe9cf7d179a68ba7cb1b7e555659d451&amp;smart=true&amp;width=350&amp;height=197&amp;quality=85\" width=\"1920\"\/><\/picture><figcaption class=\"article-figcaption-img\">Lionel Messi y Lamine Yamal podr\u00edan ser las grandes estrellas de la Finalissima<\/figcaption><\/div>\n<p class=\"paragraph\">El <b>Mundial 2026<\/b> est\u00e1 a la vuelta de la esquina. El 11 de junio se jugar\u00e1n los dos primeros partidos de la fase de grupos en Guadalajara y Ciudad de M\u00e9xico y volver\u00e1 a comenzar el sue\u00f1o de la <b>selecci\u00f3n argentina<\/b> para alcanzar el bicampeonato despu\u00e9s de <b>Qatar 2022<\/b>. <b>Espa\u00f1a <\/b>es una de las grandes candidatas a confrontarlo en la pelea por el t\u00edtulo, pero ambos tienen una batalla pendiente que todav\u00eda carece de fecha confirmada, aunque en el <i>Viejo Continente<\/i> informaron detalles precisos sobre lo que suceder\u00e1 con la <i>Final\u00edssima<\/i> entre los campeones de la <b>Copa Am\u00e9rica<\/b> y la <b>Eurocopa<\/b>.<\/p>\n<p class=\"paragraph\">Hasta el momento, la <b>Conmebol <\/b>solo hab\u00eda informado que se jugar\u00eda en marzo pr\u00f3ximo sin determinar la sede ni el horario de dicho encuentro, pero el diario espa\u00f1ol <i>Marca<\/i> fue m\u00e1s all\u00e1: <b>arroj\u00f3 que el choque ser\u00e1 cobijado en el <\/b><i><b>Estadio Lusail<\/b><\/i><b> de Doha<\/b>, mismo recinto de la coronaci\u00f3n <i>Albiceleste<\/i> ante Francia en la Copa del Mundo de hace tres a\u00f1os. Incluso, estim\u00f3 que la fecha prevista iba a ser el 28 de marzo, pero en las \u00faltimas horas detall\u00f3 un cambio en la log\u00edstica que adelantar\u00eda el encuentro en el calendario.<\/p>\n<p class=\"paragraph\">El <b>viernes 27 de marzo<\/b> ser\u00eda el d\u00eda elegido por la FIFA. La casa madre del f\u00fatbol mundial busca darle una trascendencia \u00fanica al evento que podr\u00eda reunir en veredas opuestas a <b>Lionel Messi<\/b> y <b>Lamine Yamal<\/b>, estrellas due\u00f1as de la camiseta N\u00b010 del <b>Barcelona<\/b> en diferentes \u00e9pocas. Incluso, la intenci\u00f3n es que el ambiente de toda la planificaci\u00f3n gire en torno a esta velada en suelo qatar\u00ed. Desde la llegada de los equipos pasando por los entrenamientos y las ruedas de prensa. Como si se tratase de la final de la Copa del Mundo. Un cruce que tranquilamente podr\u00eda darse el 19 de julio en la definici\u00f3n a disputarse en el <i>Estadio MetLife<\/i> de Nueva Jersey.<\/p>\n<div class=\"visual__image\"><picture><source srcset=\"https:\/\/www.infobae.com\/resizer\/v2\/VIJSV4GQH7INZCPFFKLTSUMV4I.jpg?auth=a6cd48a2a4fb7de0152bbe03cc118266b98a5d3485ff180a5768d68e08982624&amp;smart=true&amp;width=992&amp;height=661&amp;quality=85\" media=\"(min-width: 1000px)\"\/><source srcset=\"https:\/\/www.infobae.com\/resizer\/v2\/VIJSV4GQH7INZCPFFKLTSUMV4I.jpg?auth=a6cd48a2a4fb7de0152bbe03cc118266b98a5d3485ff180a5768d68e08982624&amp;smart=true&amp;width=768&amp;height=512&amp;quality=85\" media=\"(min-width: 768px)\"\/><source srcset=\"https:\/\/www.infobae.com\/resizer\/v2\/VIJSV4GQH7INZCPFFKLTSUMV4I.jpg?auth=a6cd48a2a4fb7de0152bbe03cc118266b98a5d3485ff180a5768d68e08982624&amp;smart=true&amp;width=577&amp;height=384&amp;quality=85\" media=\"(min-width: 580px)\"\/><source srcset=\"https:\/\/www.infobae.com\/resizer\/v2\/VIJSV4GQH7INZCPFFKLTSUMV4I.jpg?auth=a6cd48a2a4fb7de0152bbe03cc118266b98a5d3485ff180a5768d68e08982624&amp;smart=true&amp;width=420&amp;height=280&amp;quality=85\" media=\"(min-width: 350px)\"\/><source srcset=\"https:\/\/www.infobae.com\/resizer\/v2\/VIJSV4GQH7INZCPFFKLTSUMV4I.jpg?auth=a6cd48a2a4fb7de0152bbe03cc118266b98a5d3485ff180a5768d68e08982624&amp;smart=true&amp;width=350&amp;height=233&amp;quality=85\" media=\"(min-width: 80px)\"\/><img alt=\"Argentina gan\u00f3 su derecho a\" class=\"global-image\" decoding=\"async\" fetchpriority=\"low\" height=\"533\" loading=\"lazy\" src=\"https:\/\/www.infobae.com\/resizer\/v2\/VIJSV4GQH7INZCPFFKLTSUMV4I.jpg?auth=a6cd48a2a4fb7de0152bbe03cc118266b98a5d3485ff180a5768d68e08982624&amp;smart=true&amp;width=350&amp;height=233&amp;quality=85\" width=\"800\"\/><\/picture><figcaption class=\"article-figcaption-img\">Argentina gan\u00f3 su derecho a participar por ser campe\u00f3n de la Copa Am\u00e9rica 2024 (Cr\u00e9dito: Reuters\/Agustin Marcarian)<\/figcaption><\/div>\n<p class=\"paragraph\">Todo permanece sujeto a que <i>La Furia Roja<\/i> certifique su boleto al Mundial sin pasar por el <i>Repechaje<\/i>, que se disputa en el tercer mes de 2026 e imposibilitar\u00eda el partido contra Argentina. De igual manera, el equipo de <b>Luis De la Fuente<\/b> marcha primero en el Grupo E de las Eliminatorias con <b>12 puntos<\/b>, por delante de <b>Turqu\u00eda <\/b>(9), <b>Georgia <\/b>(3) y <b>Bulgaria <\/b>(0) a falta de dos jornadas para el cierre.<\/p>\n<p class=\"paragraph\">El puntero tiene un pie y medio en la cita, ya que solo el l\u00edder de cada zona va directo a la fase de grupos, mientras que el segundo avanza a la <i>Repesca. <\/i>Podr\u00eda llegar clasificado a la \u00faltima fecha ante los turcos si estos \u00faltimos no le ganan a los b\u00falgaros y Espa\u00f1a s\u00ed vence el s\u00e1bado 15 a los georgianos. Si empatan en puntos con Turqu\u00eda en la cima, la diferencia de gol favorece a los espa\u00f1oles (+15 a +3).<\/p>\n<p class=\"paragraph\">Seg\u00fan la informaci\u00f3n vertida por <i>Marca<\/i>, <b>Qatar <\/b>ser\u00eda el pa\u00eds elegido para albergar este duelo de relieve internacional, luego de que <b>Londres <\/b>se haya ofrecido a ser la casa de la final, como tambi\u00e9n lo fue en <b>Wembley <\/b>con <b>Argentina<\/b>&#8211;<b>Italia<\/b>. En tanto, <b>Arabia Saudita<\/b> tambi\u00e9n present\u00f3 una oferta para recibir el evento y <b>Uruguay<\/b> tampoco se qued\u00f3 afuera de la compulsa jugando sus fichas.<\/p>\n<p class=\"paragraph\">A falta del anuncio oficial, el mes de <b>marzo<\/b> parece ser el \u00fanico momento para disputar la <b>Final\u00edssima <\/b>antes del <b>Mundial<\/b> porque en la ventana del 1 al 9 de junio se abrir\u00e1 otra doble fecha destinada a amistosos preparatorios para esa competici\u00f3n que reunir\u00e1 a las mejores 48 selecciones del planeta.<\/p>\n<div class=\"visual__image\"><picture><source srcset=\"https:\/\/www.infobae.com\/resizer\/v2\/CMUS4MBEVEZCFUMMFI4JWVIO7I.jpg?auth=cb175d5c9635ac836c9333483c26aaf27844b8ee076c17b29b034c956300f9f8&amp;smart=true&amp;width=992&amp;height=672&amp;quality=85\" media=\"(min-width: 1000px)\"\/><source srcset=\"https:\/\/www.infobae.com\/resizer\/v2\/CMUS4MBEVEZCFUMMFI4JWVIO7I.jpg?auth=cb175d5c9635ac836c9333483c26aaf27844b8ee076c17b29b034c956300f9f8&amp;smart=true&amp;width=768&amp;height=521&amp;quality=85\" media=\"(min-width: 768px)\"\/><source srcset=\"https:\/\/www.infobae.com\/resizer\/v2\/CMUS4MBEVEZCFUMMFI4JWVIO7I.jpg?auth=cb175d5c9635ac836c9333483c26aaf27844b8ee076c17b29b034c956300f9f8&amp;smart=true&amp;width=577&amp;height=391&amp;quality=85\" media=\"(min-width: 580px)\"\/><source srcset=\"https:\/\/www.infobae.com\/resizer\/v2\/CMUS4MBEVEZCFUMMFI4JWVIO7I.jpg?auth=cb175d5c9635ac836c9333483c26aaf27844b8ee076c17b29b034c956300f9f8&amp;smart=true&amp;width=420&amp;height=285&amp;quality=85\" media=\"(min-width: 350px)\"\/><source srcset=\"https:\/\/www.infobae.com\/resizer\/v2\/CMUS4MBEVEZCFUMMFI4JWVIO7I.jpg?auth=cb175d5c9635ac836c9333483c26aaf27844b8ee076c17b29b034c956300f9f8&amp;smart=true&amp;width=350&amp;height=237&amp;quality=85\" media=\"(min-width: 80px)\"\/><img alt=\"Espa\u00f1a\u00a0llega como actual campeona de\" class=\"global-image\" decoding=\"async\" fetchpriority=\"low\" height=\"2633\" loading=\"lazy\" src=\"https:\/\/www.infobae.com\/resizer\/v2\/CMUS4MBEVEZCFUMMFI4JWVIO7I.jpg?auth=cb175d5c9635ac836c9333483c26aaf27844b8ee076c17b29b034c956300f9f8&amp;smart=true&amp;width=350&amp;height=237&amp;quality=85\" width=\"3884\"\/><\/picture><figcaption class=\"article-figcaption-img\">Espa\u00f1a\u00a0llega como actual campeona de la Eurocopa, tras vencer a\u00a0Inglaterra\u00a0en el\u00a0Estadio Ol\u00edmpico de Berl\u00edn\u00a0en 2024 (Cr\u00e9dito: Reuters)<\/figcaption><\/div>\n<p class=\"paragraph\">En ese caso adverso, las primeras alternativas posteriores a la Copa del Mundo ser\u00edan entre el <b>21 de septiembre y el 6 de octubre de 2026<\/b>, con espacio para cuatro partidos, y otra ventana del <b>9 al 17 de noviembre<\/b>.<\/p>\n<p class=\"paragraph\">Bajo este escenario, la<b> Real Federaci\u00f3n Espa\u00f1ola de F\u00fatbol<\/b> (<b>RFEF<\/b>) trabaja para cerrar un segundo partido en calidad de amistoso dentro de la fecha FIFA de marzo pr\u00f3ximo para sumar rodaje despu\u00e9s del cruce contra la <i>Celeste y Blanca<\/i>. <b>Qatar<\/b>, combinado entrenado por el ib\u00e9rico <b>Julen Lopetegui<\/b>, es un posible rival, pero no se avanzar\u00e1 en ninguna opci\u00f3n hasta despu\u00e9s del sorteo mundialista del 5 de diciembre en Washington.<\/p>\n<p class=\"paragraph\">La historia de la <b>Final\u00edssima <\/b>se retrotrae a 1985, cuando <b>Francia <\/b>le gan\u00f3 2-0 a <b>Uruguay <\/b>en el <i>Parque de los Pr\u00edncipes<\/i> de Par\u00eds. La segunda edici\u00f3n se jug\u00f3 en 1993, con la victoria por penales de <b>Argentina <\/b>ante <b>Dinamarca <\/b>tras igualar 1-1 en el <i>Estadio Jos\u00e9 Mar\u00eda Minella<\/i> de Mar del Plata. Aquella competencia, conocida entonces como <i>Copa Artemio Franchi<\/i>, permaneci\u00f3 inactiva hasta su reactivaci\u00f3n en 2022. En esa ocasi\u00f3n, la <i>Albiceleste <\/i>gole\u00f3 3-0 a <b>Italia <\/b>en el <i>Estadio Wembley<\/i> de Londres, tras consagrarse campeona de la <b>Copa Am\u00e9rica 2021<\/b> y la <b>Eurocopa 2020<\/b>.<\/p>\n<p class=\"paragraph\">La definici\u00f3n de la <b>Copa Am\u00e9rica 2024<\/b>, en la que <b>Argentina<\/b> se impuso a <b>Colombia<\/b> en una final electrizante, le otorg\u00f3 el derecho de disputar nuevamente la <i><b>Final\u00edssima<\/b><\/i>. Por su parte, <b>Espa\u00f1a<\/b> llega como actual campeona de la <b>Eurocopa<\/b>, tras vencer a <b>Inglaterra<\/b> en el <i>Estadio Ol\u00edmpico<\/i> de Berl\u00edn hace un a\u00f1o, aunque viene de perder por penales la final de la <b>Nations League<\/b>.<\/p>\n<\/div>\n<p><script defer=\"\">try{!function(f,b,e,v,n,t,s) {if(f.fbq)return;n=f.fbq=function(){n.callMethod? n.callMethod.apply(n,arguments):n.queue.push(arguments)}; if(!f._fbq)f._fbq=n;n.push=n;n.loaded=!0;n.version='2.0'; n.queue=[];t=b.createElement(e);t.async=!0; t.src=v;s=b.getElementsByTagName(e)[0]; s.parentNode.insertBefore(t,s)}(window, document,'script', ' fbq('init', '336383993555320'); fbq('track', 'PageView'); fbq('track', 'ViewContent');}catch(error){console.log(\"Error al inicializar facebookPixelRawCodeScript:\",error);}<\/script><\/p>\n","protected":false},"excerpt":{"rendered":"<p>Lionel Messi y Lamine Yamal podr\u00edan ser las grandes estrellas de la Finalissima El Mundial 2026 est\u00e1 a la vuelta de la esquina. El 11 de junio se jugar\u00e1n los dos primeros partidos de la fase de grupos en Guadalajara y Ciudad de M\u00e9xico y volver\u00e1 a comenzar el sue\u00f1o de la selecci\u00f3n argentina para [&hellip;]<\/p>\n","protected":false},"author":2,"featured_media":57400,"comment_status":"","ping_status":"","sticky":false,"template":"","format":"standard","meta":{"footnotes":""},"categories":[2],"tags":[],"_links":{"self":[{"href":"https:\/\/maxradio923.com.ar\/index.php\/wp-json\/wp\/v2\/posts\/57399"}],"collection":[{"href":"https:\/\/maxradio923.com.ar\/index.php\/wp-json\/wp\/v2\/posts"}],"about":[{"href":"https:\/\/maxradio923.com.ar\/index.php\/wp-json\/wp\/v2\/types\/post"}],"author":[{"embeddable":true,"href":"https:\/\/maxradio923.com.ar\/index.php\/wp-json\/wp\/v2\/users\/2"}],"replies":[{"embeddable":true,"href":"https:\/\/maxradio923.com.ar\/index.php\/wp-json\/wp\/v2\/comments?post=57399"}],"version-history":[{"count":0,"href":"https:\/\/maxradio923.com.ar\/index.php\/wp-json\/wp\/v2\/posts\/57399\/revisions"}],"wp:featuredmedia":[{"embeddable":true,"href":"https:\/\/maxradio923.com.ar\/index.php\/wp-json\/wp\/v2\/media\/57400"}],"wp:attachment":[{"href":"https:\/\/maxradio923.com.ar\/index.php\/wp-json\/wp\/v2\/media?parent=57399"}],"wp:term":[{"taxonomy":"category","embeddable":true,"href":"https:\/\/maxradio923.com.ar\/index.php\/wp-json\/wp\/v2\/categories?post=57399"},{"taxonomy":"post_tag","embeddable":true,"href":"https:\/\/maxradio923.com.ar\/index.php\/wp-json\/wp\/v2\/tags?post=57399"}],"curies":[{"name":"wp","href":"https:\/\/api.w.org\/{rel}","templated":true}]}}