{"id":57397,"date":"2025-11-07T18:59:02","date_gmt":"2025-11-07T21:59:02","guid":{"rendered":"https:\/\/maxradio923.com.ar\/index.php\/2025\/11\/07\/imputaron-a-un-adolescente-que-lanzo-un-ladrillo-a-la-cabeza-de-un-hombre-para-robarle-la-victima-quedo-en-terapia-intensiva\/"},"modified":"2025-11-07T18:59:02","modified_gmt":"2025-11-07T21:59:02","slug":"imputaron-a-un-adolescente-que-lanzo-un-ladrillo-a-la-cabeza-de-un-hombre-para-robarle-la-victima-quedo-en-terapia-intensiva","status":"publish","type":"post","link":"https:\/\/maxradio923.com.ar\/index.php\/2025\/11\/07\/imputaron-a-un-adolescente-que-lanzo-un-ladrillo-a-la-cabeza-de-un-hombre-para-robarle-la-victima-quedo-en-terapia-intensiva\/","title":{"rendered":"Imputaron a un adolescente que lanz\u00f3 un ladrillo a la cabeza de un hombre para robarle: la v\u00edctima qued\u00f3 en terapia intensiva"},"content":{"rendered":"<p><\/p>\n<h2 class=\"article-subheadline text_align_left\">El asaltado sufri\u00f3 la fractura de su mu\u00f1eca, adem\u00e1s de m\u00faltiples heridas en el rostro. El menor fue notificado del expediente, calificado como \u201ctentativa de robo y lesiones\u201d<\/h2>\n<p><\/p>\n<p class=\"paragraph\">El ataque contra un hombre de 50 a\u00f1os en <b>Mar del Plata<\/b> durante el intento de robo de una bicimoto dej\u00f3 a la v\u00edctima con heridas en el cuero cabelludo, fractura de mu\u00f1eca y lesiones m\u00faltiples en el rostro. El incidente, registrado el 29 de octubre en la zona de <b>Avenida Champagnat y Avellaneda<\/b>, permaneci\u00f3 bajo investigaci\u00f3n hasta que <b>el presunto responsable, un adolescente de 15 a\u00f1os, fue identificado d\u00edas despu\u00e9s <\/b>durante un allanamiento en el oeste de la ciudad.<\/p>\n<p><\/p>\n<p class=\"paragraph\">En una de las im\u00e1genes que fueron tomadas, se puede ver el momento exacto en el que el adolescente le lanza un ladrillo al hombre mientras circulaba por la calle. Luego, qued\u00f3 tendido sobre la cinta asf\u00e1ltica, visiblemente dolorido, unos pocos metros m\u00e1s adelante.<\/p>\n<p><\/p>\n<p class=\"paragraph\">Personal del <b>Grupo T\u00e1ctico Operativo de la Comisar\u00eda 4\u00aa<\/b> y autoridades del <b>Destacamento Centenario<\/b> llevaron a cabo un allanamiento este viernes en el edificio de Alvarado y Per\u00fa, sector 09, donde fue posible incautar varias prendas que coincid\u00edan con las utilizadas durante el asalto.<\/p>\n<p><\/p>\n<p class=\"paragraph\">Entre los objetos secuestrados figuran una <b>gorra visera gris marca Hurley<\/b>, una <b>campera negra acanalada con capucha sin logos<\/b>, un <b>pantal\u00f3n joggins negro con detalle blanco marca Puma<\/b> y un par de <b>zapatillas marca Puma<\/b>. Los elementos fueron trasladados para peritajes.<\/p>\n<p><\/p>\n<p class=\"paragraph\">A partir del operativo, el fiscal <b>Carlos Russo<\/b>, a cargo de la <b>Fiscal\u00eda de Responsabilidad Penal Juvenil N\u00b0 4 (FRPJ N\u00b0 4)<\/b>, dispuso la formaci\u00f3n de causa al adolescente, quien deber\u00e1 presentarse ante la Justicia acompa\u00f1ado de un mayor responsable el 10 de noviembre a las 10, en el marco de lo dispuesto por el Art\u00edculo 12 de la <b>Convenci\u00f3n de los Derechos del Ni\u00f1o<\/b>.<\/p>\n<p><\/p>\n<p class=\"paragraph\">El menor fue notificado del expediente bajo la calificaci\u00f3n de <b>\u201ctentativa de robo y lesiones\u201d<\/b>, y las autoridades destacaron que permanece bajo observaci\u00f3n judicial.<\/p>\n","protected":false},"excerpt":{"rendered":"<p>El asaltado sufri\u00f3 la fractura de su mu\u00f1eca, adem\u00e1s de m\u00faltiples heridas en el rostro. El menor fue notificado del expediente, calificado como \u201ctentativa de robo y lesiones\u201d El ataque contra un hombre de 50 a\u00f1os en Mar del Plata durante el intento de robo de una bicimoto dej\u00f3 a la v\u00edctima con heridas en [&hellip;]<\/p>\n","protected":false},"author":2,"featured_media":57398,"comment_status":"","ping_status":"","sticky":false,"template":"","format":"standard","meta":{"footnotes":""},"categories":[12],"tags":[],"_links":{"self":[{"href":"https:\/\/maxradio923.com.ar\/index.php\/wp-json\/wp\/v2\/posts\/57397"}],"collection":[{"href":"https:\/\/maxradio923.com.ar\/index.php\/wp-json\/wp\/v2\/posts"}],"about":[{"href":"https:\/\/maxradio923.com.ar\/index.php\/wp-json\/wp\/v2\/types\/post"}],"author":[{"embeddable":true,"href":"https:\/\/maxradio923.com.ar\/index.php\/wp-json\/wp\/v2\/users\/2"}],"replies":[{"embeddable":true,"href":"https:\/\/maxradio923.com.ar\/index.php\/wp-json\/wp\/v2\/comments?post=57397"}],"version-history":[{"count":0,"href":"https:\/\/maxradio923.com.ar\/index.php\/wp-json\/wp\/v2\/posts\/57397\/revisions"}],"wp:featuredmedia":[{"embeddable":true,"href":"https:\/\/maxradio923.com.ar\/index.php\/wp-json\/wp\/v2\/media\/57398"}],"wp:attachment":[{"href":"https:\/\/maxradio923.com.ar\/index.php\/wp-json\/wp\/v2\/media?parent=57397"}],"wp:term":[{"taxonomy":"category","embeddable":true,"href":"https:\/\/maxradio923.com.ar\/index.php\/wp-json\/wp\/v2\/categories?post=57397"},{"taxonomy":"post_tag","embeddable":true,"href":"https:\/\/maxradio923.com.ar\/index.php\/wp-json\/wp\/v2\/tags?post=57397"}],"curies":[{"name":"wp","href":"https:\/\/api.w.org\/{rel}","templated":true}]}}