{"id":57393,"date":"2025-11-07T18:27:02","date_gmt":"2025-11-07T21:27:02","guid":{"rendered":"https:\/\/maxradio923.com.ar\/index.php\/2025\/11\/07\/cometa-3i-atlas-como-las-sondas-espaciales-buscan-fotografiarlo-antes-de-su-paso-cerca-de-la-tierra\/"},"modified":"2025-11-07T18:27:02","modified_gmt":"2025-11-07T21:27:02","slug":"cometa-3i-atlas-como-las-sondas-espaciales-buscan-fotografiarlo-antes-de-su-paso-cerca-de-la-tierra","status":"publish","type":"post","link":"https:\/\/maxradio923.com.ar\/index.php\/2025\/11\/07\/cometa-3i-atlas-como-las-sondas-espaciales-buscan-fotografiarlo-antes-de-su-paso-cerca-de-la-tierra\/","title":{"rendered":"Cometa 3I\/Atlas: c\u00f3mo las sondas espaciales buscan fotografiarlo antes de su paso cerca de la Tierra"},"content":{"rendered":"<p><\/p>\n<h2 class=\"article-subheadline text_align_left\">La reaparici\u00f3n del objeto interestelar despu\u00e9s de cruzar detr\u00e1s del Sol marc\u00f3 un momento extraordinario para la ciencia. Su trayectoria hiperb\u00f3lica, su brillo inesperado, color azul intenso y composici\u00f3n qu\u00edmica distinta a la de los cometas conocidos, impulsaron nuevas hip\u00f3tesis sobre su origen. La NASA dio la fecha en la que pasar\u00e1 junto a nuestro planeta<\/h2>\n<p><\/p>\n<p class=\"paragraph\">El <b>cometa <\/b><b>3I\/ATLAS<\/b> volvi\u00f3 a entrar en escena cient\u00edfica despu\u00e9s de un per\u00edodo en el que su observaci\u00f3n directa result\u00f3 imposible debido a su posici\u00f3n con respecto al Sol. Su vuelta a la visibilidad desat\u00f3 una<b> carrera coordinada entre sondas espaciales, observatorios solares y sat\u00e9lites dedicados al monitoreo profundo del espacio. <\/b><\/p>\n<p><\/p>\n<p class=\"paragraph\">Su \u00f3rbita no encaja en el patr\u00f3n cerrado que define a los objetos que giran alrededor del Sol: <b>describe una trayectoria hiperb\u00f3lica que confirma su origen interestelar<\/b>. <\/p>\n<p><\/p>\n<p class=\"paragraph\">Adem\u00e1s, las primeras mediciones mostraron un tono azul poco habitual y una composici\u00f3n qu\u00edmica que se distingue del material que se encuentra en los cometas tradicionales de la<b> Nube de Oort.<\/b><\/p>\n<p><\/p>\n<p class=\"paragraph\">La <b>NASA <\/b>confirm\u00f3 que el cometa alcanzar\u00e1 su punto m\u00e1s cercano a la Tierra el pr\u00f3ximo 19 de diciembre, lo que abre una ventana de estudio \u00fanica. Sin embargo, antes de su aproximaci\u00f3n visible desde observatorios terrestres, la estrategia cient\u00edfica ya est\u00e1 en marcha en el espacio.<\/p>\n<p><\/p>\n<p class=\"paragraph\">Para registrar los detalles del objeto sin la interferencia de la atm\u00f3sfera terrestre, la comunidad astron\u00f3mica recurre a naves que se encuentran en posiciones privilegiadas. Entre ellas se encuentran <b>Solar Orbiter<\/b>, <b>SOHO (Observatorio Solar y Heliosf\u00e9rico)<\/b> y la <b>Parker Solar Probe<\/b>. <\/p>\n<p><\/p>\n<p class=\"paragraph\">Estas sondas orbitan regiones pr\u00f3ximas al Sol o mantienen puntos estables entre la Tierra y la estrella, lo que les permite obtener im\u00e1genes desde \u00e1ngulos inaccesibles para telescopios terrestres. Su instrumental incluye coron\u00f3grafos, c\u00e1maras ultravioleta y medidores de part\u00edculas capaces de captar la interacci\u00f3n entre el cometa y la radiaci\u00f3n solar.<\/p>\n","protected":false},"excerpt":{"rendered":"<p>La reaparici\u00f3n del objeto interestelar despu\u00e9s de cruzar detr\u00e1s del Sol marc\u00f3 un momento extraordinario para la ciencia. Su trayectoria hiperb\u00f3lica, su brillo inesperado, color azul intenso y composici\u00f3n qu\u00edmica distinta a la de los cometas conocidos, impulsaron nuevas hip\u00f3tesis sobre su origen. La NASA dio la fecha en la que pasar\u00e1 junto a nuestro [&hellip;]<\/p>\n","protected":false},"author":2,"featured_media":57394,"comment_status":"","ping_status":"","sticky":false,"template":"","format":"standard","meta":{"footnotes":""},"categories":[12],"tags":[],"_links":{"self":[{"href":"https:\/\/maxradio923.com.ar\/index.php\/wp-json\/wp\/v2\/posts\/57393"}],"collection":[{"href":"https:\/\/maxradio923.com.ar\/index.php\/wp-json\/wp\/v2\/posts"}],"about":[{"href":"https:\/\/maxradio923.com.ar\/index.php\/wp-json\/wp\/v2\/types\/post"}],"author":[{"embeddable":true,"href":"https:\/\/maxradio923.com.ar\/index.php\/wp-json\/wp\/v2\/users\/2"}],"replies":[{"embeddable":true,"href":"https:\/\/maxradio923.com.ar\/index.php\/wp-json\/wp\/v2\/comments?post=57393"}],"version-history":[{"count":0,"href":"https:\/\/maxradio923.com.ar\/index.php\/wp-json\/wp\/v2\/posts\/57393\/revisions"}],"wp:featuredmedia":[{"embeddable":true,"href":"https:\/\/maxradio923.com.ar\/index.php\/wp-json\/wp\/v2\/media\/57394"}],"wp:attachment":[{"href":"https:\/\/maxradio923.com.ar\/index.php\/wp-json\/wp\/v2\/media?parent=57393"}],"wp:term":[{"taxonomy":"category","embeddable":true,"href":"https:\/\/maxradio923.com.ar\/index.php\/wp-json\/wp\/v2\/categories?post=57393"},{"taxonomy":"post_tag","embeddable":true,"href":"https:\/\/maxradio923.com.ar\/index.php\/wp-json\/wp\/v2\/tags?post=57393"}],"curies":[{"name":"wp","href":"https:\/\/api.w.org\/{rel}","templated":true}]}}