{"id":57390,"date":"2025-11-07T18:11:02","date_gmt":"2025-11-07T21:11:02","guid":{"rendered":"https:\/\/maxradio923.com.ar\/index.php\/2025\/11\/07\/le-negaron-el-pedido-de-excarcelacion-al-conductor-que-genero-la-tragedia-familiar-en-jose-c-paz\/"},"modified":"2025-11-07T18:11:02","modified_gmt":"2025-11-07T21:11:02","slug":"le-negaron-el-pedido-de-excarcelacion-al-conductor-que-genero-la-tragedia-familiar-en-jose-c-paz","status":"publish","type":"post","link":"https:\/\/maxradio923.com.ar\/index.php\/2025\/11\/07\/le-negaron-el-pedido-de-excarcelacion-al-conductor-que-genero-la-tragedia-familiar-en-jose-c-paz\/","title":{"rendered":"Le negaron el pedido de excarcelaci\u00f3n al conductor que gener\u00f3 la tragedia familiar en Jos\u00e9 C. Paz"},"content":{"rendered":"<p><\/p>\n<h2 class=\"article-subheadline text_align_left\">El joven de 23 a\u00f1os es acusado de doble homicidio culposo agravado y lesiones. En su defensa, le dio la responsabilidad a las v\u00edctimas al decir que se le cruzaron<\/h2>\n<p><\/p>\n<p class=\"paragraph\"><b>Michael Jean Carballo<\/b>, conductor de 23 a\u00f1os que choc\u00f3 y mat\u00f3 a los padres de una familia en Jos\u00e9 C. Paz, seguir\u00e1 detenido. El joven embisti\u00f3 con su camioneta <b>Volkswagen Amarok negra<\/b> al auto en el que viajaba una pareja con sus tres hijos, los \u00fanicos sobrevivientes tras el violento impacto. <b>En las \u00faltimas horas de este viernes se le neg\u00f3 el pedido de excarcelaci\u00f3n<\/b> a \u201cMicha\u201d, como lo apodan sus allegados. Es acusado de <b>doble homicidio culposo agravado y lesiones<\/b>.<\/p>\n<p><\/p>\n<p class=\"paragraph\">Seg\u00fan el Ministerio de Salud Bonaerense, la hija mayor del matrimonio fue hospitalizada en el <b>Hospital Posadas<\/b>, mientras que sus dos hermanos menores y el conductor de la Amarok no necesitaron asistencia m\u00e9dica.<\/p>\n<p><\/p>\n<p class=\"paragraph\">Varias dotaciones de Bomberos Voluntarios acudieron al lugar del accidente porque <b>una de las v\u00edctimas y dos menores no lograban salir del veh\u00edculo<\/b>.<\/p>\n<p><\/p>\n<p class=\"paragraph\">Seg\u00fan fuentes oficiales consultadas por <b>Infobae<\/b>, <b>la prueba de alcoholemia efectuada con pipeta al conductor en el lugar arroj\u00f3 resultado negativo<\/b>. Sin embargo, se le realizaron an\u00e1lisis de sangre y orina en el sitio del suceso que buscan confirmar el resultado del test previo, as\u00ed como descartar la presencia de estupefacientes.<\/p>\n<p><\/p>\n<p class=\"paragraph\">La causa qued\u00f3 bajo la investigaci\u00f3n de la fiscal\u00eda <b>N\u00b04 de San Mart\u00edn<\/b>, a cargo de <b>Rub\u00e9n Moreno<\/b>, que fue quien le endilg\u00f3 el delito de doble homicidio culposo agravado y lesiones. <b>Asimismo, su detenci\u00f3n fue orden de la fiscal Ana de Leo<\/b>.<\/p>\n<p><\/p>\n<p class=\"paragraph\"><b>\u201cLa camioneta iba a 160 kil\u00f3metros por hora, en esa velocidad qued\u00f3 clavado el veloc\u00edmetro\u201d<\/b>, detallaron fuentes del caso a este medio, y en las im\u00e1genes se puede ver que conduc\u00eda a alta velocidad. Sin embargo, en sus declaraciones, cuando fue indagado, <b>asegur\u00f3 que iba a tan solo 60 km\/h y que el accidente fue culpa del auto familiar que se cruz\u00f3 en su camino<\/b>.<\/p>\n","protected":false},"excerpt":{"rendered":"<p>El joven de 23 a\u00f1os es acusado de doble homicidio culposo agravado y lesiones. En su defensa, le dio la responsabilidad a las v\u00edctimas al decir que se le cruzaron Michael Jean Carballo, conductor de 23 a\u00f1os que choc\u00f3 y mat\u00f3 a los padres de una familia en Jos\u00e9 C. Paz, seguir\u00e1 detenido. El joven [&hellip;]<\/p>\n","protected":false},"author":2,"featured_media":56621,"comment_status":"","ping_status":"","sticky":false,"template":"","format":"standard","meta":{"footnotes":""},"categories":[12],"tags":[],"_links":{"self":[{"href":"https:\/\/maxradio923.com.ar\/index.php\/wp-json\/wp\/v2\/posts\/57390"}],"collection":[{"href":"https:\/\/maxradio923.com.ar\/index.php\/wp-json\/wp\/v2\/posts"}],"about":[{"href":"https:\/\/maxradio923.com.ar\/index.php\/wp-json\/wp\/v2\/types\/post"}],"author":[{"embeddable":true,"href":"https:\/\/maxradio923.com.ar\/index.php\/wp-json\/wp\/v2\/users\/2"}],"replies":[{"embeddable":true,"href":"https:\/\/maxradio923.com.ar\/index.php\/wp-json\/wp\/v2\/comments?post=57390"}],"version-history":[{"count":0,"href":"https:\/\/maxradio923.com.ar\/index.php\/wp-json\/wp\/v2\/posts\/57390\/revisions"}],"wp:featuredmedia":[{"embeddable":true,"href":"https:\/\/maxradio923.com.ar\/index.php\/wp-json\/wp\/v2\/media\/56621"}],"wp:attachment":[{"href":"https:\/\/maxradio923.com.ar\/index.php\/wp-json\/wp\/v2\/media?parent=57390"}],"wp:term":[{"taxonomy":"category","embeddable":true,"href":"https:\/\/maxradio923.com.ar\/index.php\/wp-json\/wp\/v2\/categories?post=57390"},{"taxonomy":"post_tag","embeddable":true,"href":"https:\/\/maxradio923.com.ar\/index.php\/wp-json\/wp\/v2\/tags?post=57390"}],"curies":[{"name":"wp","href":"https:\/\/api.w.org\/{rel}","templated":true}]}}