{"id":57387,"date":"2025-11-07T17:55:02","date_gmt":"2025-11-07T20:55:02","guid":{"rendered":"https:\/\/maxradio923.com.ar\/index.php\/2025\/11\/07\/daniele-de-rossi-fue-presentado-como-nuevo-dt-de-genoa-pero-sorprendio-con-una-revelacion-sobre-el-superclasico\/"},"modified":"2025-11-07T17:55:02","modified_gmt":"2025-11-07T20:55:02","slug":"daniele-de-rossi-fue-presentado-como-nuevo-dt-de-genoa-pero-sorprendio-con-una-revelacion-sobre-el-superclasico","status":"publish","type":"post","link":"https:\/\/maxradio923.com.ar\/index.php\/2025\/11\/07\/daniele-de-rossi-fue-presentado-como-nuevo-dt-de-genoa-pero-sorprendio-con-una-revelacion-sobre-el-superclasico\/","title":{"rendered":"Daniele De Rossi fue presentado como nuevo DT de Genoa, pero sorprendi\u00f3 con una revelaci\u00f3n sobre el Supercl\u00e1sico"},"content":{"rendered":"<p><\/p>\n<h2 class=\"article-subheadline text_align_left\">El italiano, que tuvo un paso como jugador de Boca Juniors, debutar\u00e1 el domingo ante la Fiorentina por la Serie A de Italia<\/h2>\n<p><\/p>\n<p class=\"paragraph\">El v\u00ednculo entre <b>Daniele De Rossi<\/b> y <b>Boca Juniors<\/b> volvi\u00f3 a quedar en evidencia durante la presentaci\u00f3n del ex futbolista como nuevo entrenador del <b>Genoa<\/b>. En la conferencia de prensa, el italiano sorprendi\u00f3 al revelar que ten\u00eda previsto viajar a Buenos Aires para presenciar el <b>Supercl\u00e1sico <\/b>frente a <b>River Plate<\/b> en la <i>Bombonera<\/i>, plan que debi\u00f3 cancelar tras recibir la oferta para asumir su nuevo cargo en el club genov\u00e9s.<\/p>\n<p><\/p>\n<p class=\"paragraph\">Durante el contacto con los medios, la atenci\u00f3n de <b>De Rossi<\/b> se centr\u00f3 en el desaf\u00edo que enfrenta al frente del <b>Genoa<\/b>, un equipo que atraviesa una situaci\u00f3n delicada en la Serie A, ubicado en <b>zona de descenso<\/b> tras un inicio de temporada adverso. El t\u00e9cnico analiz\u00f3 el presente del club y remarc\u00f3: <b>\u201cS\u00e9 que el club atraviesa un momento en el que las cosas no est\u00e1n saliendo bien. Necesitamos hacer felices a los hinchas, no creo que sea un tema mental de los jugadores\u201d<\/b>.<b> <\/b>Tambi\u00e9n subray\u00f3 la importancia de mantener la calma tras los tropiezos deportivos: <b>\u201cTengo que hacerle entender a la gente que despu\u00e9s de un partido perdido no es el fin del mundo\u201d.<\/b><\/p>\n<p><\/p>\n<p class=\"paragraph\">El nombramiento de <b>De Rossi<\/b> se produce tras la salida del franc\u00e9s <b>Patrick Vieira<\/b>, quien dej\u00f3 al equipo en puestos de descenso. En cuanto a su propuesta futbol\u00edstica, el \u00eddolo de Roma manifest\u00f3 su intenci\u00f3n de adaptar sus ideas a las caracter\u00edsticas del plantel: <b>\u201cAdaptar\u00e9 mis ideas a las necesidades del Genoa\u201d<\/b>, se\u00f1al\u00f3, y valor\u00f3 la capacidad f\u00edsica de sus dirigidos. El t\u00e9cnico se mostr\u00f3 optimista respecto al futuro inmediato del club: <b>\u201cCreo que este ser\u00e1 un Genoa que nos da esperanza para el futuro\u201d<\/b>.<\/p>\n<p><\/p>\n<p class=\"paragraph\">El debut oficial de<b> Daniele De Rossi <\/b>como entrenador del <b>Genoa <\/b>est\u00e1 programado para este domingo, cuando el equipo reciba a la <b>Fiorentina<\/b>. Su llegada se produce en un contexto de fuerte conexi\u00f3n entre el club italiano y Boca Juniors. Este a\u00f1o, el club genov\u00e9s lanz\u00f3 una <b>camiseta especial<\/b> en homenaje al conjunto argentino, con motivo de los <b>120 a\u00f1os<\/b> de la fundaci\u00f3n de Boca, celebrados el 3 de abril. La relaci\u00f3n entre ambas instituciones se remonta a finales del siglo XIX, cuando la llegada de inmigrantes italianos, en su mayor\u00eda genoveses, dio forma al <b>barrio de La Boca<\/b>,<b> <\/b>en Buenos Aires.<\/p>\n<p><\/p>\n<p class=\"paragraph\"><b>El apodo \u201cxeneize\u201d proviene del dialecto genov\u00e9s, donde \u201cZeneixi\u201d significa \u2018genoveses\u2019<\/b>. Esta herencia cultural se refleja en la presencia habitual de banderas de Boca en las tribunas del estadio del Genoa y en la interacci\u00f3n entre ambos clubes en redes sociales.<\/p>\n<p><\/p>\n<p class=\"paragraph\">La trayectoria de <b>Daniele<\/b> <b>De Rossi<\/b> como entrenador suma as\u00ed su tercera experiencia. En 2022, debut\u00f3 como director t\u00e9cnico al asumir el mando del <b>SPAL<\/b> en la Serie B, donde permaneci\u00f3 durante cuatro meses antes de ser despedido por una serie de resultados adversos. Posteriormente, regres\u00f3 a la <b>Roma<\/b>, el club donde forj\u00f3 su carrera como futbolista, y dirigi\u00f3 al equipo entre enero y septiembre de 2024. Tras un a\u00f1o alejado de la actividad, De Rossi retorna ahora con el desaf\u00edo de revertir la situaci\u00f3n del Genoa y alejarlo de los \u00faltimos puestos de la tabla.<\/p>\n","protected":false},"excerpt":{"rendered":"<p>El italiano, que tuvo un paso como jugador de Boca Juniors, debutar\u00e1 el domingo ante la Fiorentina por la Serie A de Italia El v\u00ednculo entre Daniele De Rossi y Boca Juniors volvi\u00f3 a quedar en evidencia durante la presentaci\u00f3n del ex futbolista como nuevo entrenador del Genoa. En la conferencia de prensa, el italiano [&hellip;]<\/p>\n","protected":false},"author":2,"featured_media":57388,"comment_status":"","ping_status":"","sticky":false,"template":"","format":"standard","meta":{"footnotes":""},"categories":[12],"tags":[],"_links":{"self":[{"href":"https:\/\/maxradio923.com.ar\/index.php\/wp-json\/wp\/v2\/posts\/57387"}],"collection":[{"href":"https:\/\/maxradio923.com.ar\/index.php\/wp-json\/wp\/v2\/posts"}],"about":[{"href":"https:\/\/maxradio923.com.ar\/index.php\/wp-json\/wp\/v2\/types\/post"}],"author":[{"embeddable":true,"href":"https:\/\/maxradio923.com.ar\/index.php\/wp-json\/wp\/v2\/users\/2"}],"replies":[{"embeddable":true,"href":"https:\/\/maxradio923.com.ar\/index.php\/wp-json\/wp\/v2\/comments?post=57387"}],"version-history":[{"count":0,"href":"https:\/\/maxradio923.com.ar\/index.php\/wp-json\/wp\/v2\/posts\/57387\/revisions"}],"wp:featuredmedia":[{"embeddable":true,"href":"https:\/\/maxradio923.com.ar\/index.php\/wp-json\/wp\/v2\/media\/57388"}],"wp:attachment":[{"href":"https:\/\/maxradio923.com.ar\/index.php\/wp-json\/wp\/v2\/media?parent=57387"}],"wp:term":[{"taxonomy":"category","embeddable":true,"href":"https:\/\/maxradio923.com.ar\/index.php\/wp-json\/wp\/v2\/categories?post=57387"},{"taxonomy":"post_tag","embeddable":true,"href":"https:\/\/maxradio923.com.ar\/index.php\/wp-json\/wp\/v2\/tags?post=57387"}],"curies":[{"name":"wp","href":"https:\/\/api.w.org\/{rel}","templated":true}]}}