{"id":57382,"date":"2025-11-07T17:21:02","date_gmt":"2025-11-07T20:21:02","guid":{"rendered":"https:\/\/maxradio923.com.ar\/index.php\/2025\/11\/07\/mauro-icardi-vuelve-a-la-argentina-luego-de-cinco-meses-sin-ver-a-sus-hijas\/"},"modified":"2025-11-07T17:21:02","modified_gmt":"2025-11-07T20:21:02","slug":"mauro-icardi-vuelve-a-la-argentina-luego-de-cinco-meses-sin-ver-a-sus-hijas","status":"publish","type":"post","link":"https:\/\/maxradio923.com.ar\/index.php\/2025\/11\/07\/mauro-icardi-vuelve-a-la-argentina-luego-de-cinco-meses-sin-ver-a-sus-hijas\/","title":{"rendered":"Mauro Icardi vuelve a la Argentina luego de cinco meses sin ver a sus hijas"},"content":{"rendered":"<p><\/p>\n<h2 class=\"article-subheadline text_align_left\">El delantero del Galatasaray aprovechar\u00e1 la fecha FIFA y regresa al pa\u00eds con la intenci\u00f3n de reunirse con las dos peque\u00f1as que tiene junto a Wanda Nara<\/h2>\n<p><\/p>\n<p class=\"paragraph\">Desde el mes de julio, <b>Mauro Icardi<\/b> y la <b>China Su\u00e1rez<\/b> se encuentran instalados en Estambul, Turqu\u00eda, viviendo su romance lejos de los esc\u00e1ndalos que los tiene como protagonistas junto a <b>Wanda Nara<\/b>. Luego de cinco meses en el exterior y sin ver a sus ni\u00f1as, m\u00e1s all\u00e1 de las llamadas, el delantero del Galatasaray volver\u00e1 al pa\u00eds junto a la China y los dos hijos que tiene con<b> Benjam\u00edn Vicu\u00f1a<\/b>.<\/p>\n<p><\/p>\n<p class=\"paragraph\"><b>C\u00e9sar Carozza<\/b>, abogado y panelista del programa, le consult\u00f3 por la deuda de la cuota alimentaria y se pod\u00eda convertirse en un problema a la hora de salir del pa\u00eds. \u201cMuy bien, est\u00e1 bien, es muy buena pregunta. Mauro no tiene ninguna restricci\u00f3n para salir del pa\u00eds, para entrar, por supuesto que no, pero no tiene ninguna restricci\u00f3n de salida del pa\u00eds. No te puedo dar demasiados detalles, pero es una resoluci\u00f3n que est\u00e1 apelada, es decir, hoy no est\u00e1 en el registro (de deudores alimentarios). De todas maneras, la deuda alimentaria est\u00e1 m\u00e1s que garantizada porque Mauro es sobradamente solvente y tiene bienes ac\u00e1 en Argentina que pueden satisfacer esa deuda. Es decir, que no habr\u00eda ning\u00fan sentido para decretar una prohibici\u00f3n de salida del pa\u00eds\u201d, aclar\u00f3 acerca del tema, dejando en claro que no tendr\u00e1 problemas a la hora de salir del pa\u00eds. <\/p>\n<p><\/p>\n<p class=\"paragraph\">All\u00ed es cuando Tatiana Schapiro le pregunt\u00f3 si ya estaban los planes arreglados para verlas y, teniendo en cuanta lo que sucedi\u00f3 en el pasado, estaba asusstado de que no se pueda llevar adelante: \u201c<b>No te puedo contar y adem\u00e1s no ser\u00eda prolijo que tampoco que as\u00ed lo hiciera. La verdad que se est\u00e1n tomando todas las previsiones. Hay mucha intenci\u00f3n. El miedo (de no poder verlas) es fundado porque el miedo sobre situaciones que ya pasaron. Lo cierto es que estas situaciones no ser\u00eda bueno para las nenas que sucedieran y se repitieran. Las nenas necesitan a su mam\u00e1 y necesitan a su pap\u00e1. Sobre eso no hay ning\u00fan tipo de duda<\/b>\u201c.<\/p>\n<p><\/p>\n<p class=\"paragraph\">Cabe recordar que la \u00faltima vez que el delantero estuvo en el pa\u00eds, los encuentros que tuvo con las dos ni\u00f1as estuvieron rodeados de conflicto. La polic\u00eda se hizo presente en las inmediaciones del Chateu Libertador, donde vive Wanda con las peque\u00f1as, hubo llantos, las peque\u00f1as se negaban a bajar del departamento para estar con el padre y hubo una serie de videos que recorrieron las redes sociales que mostr\u00f3 como fue la situaci\u00f3n en vivo y en directo, haciendo visible la tensi\u00f3n que marc\u00f3 los encuentros. A pesar de las horas Mauro siempre se pudo ir con las ni\u00f1as. <\/p>\n","protected":false},"excerpt":{"rendered":"<p>El delantero del Galatasaray aprovechar\u00e1 la fecha FIFA y regresa al pa\u00eds con la intenci\u00f3n de reunirse con las dos peque\u00f1as que tiene junto a Wanda Nara Desde el mes de julio, Mauro Icardi y la China Su\u00e1rez se encuentran instalados en Estambul, Turqu\u00eda, viviendo su romance lejos de los esc\u00e1ndalos que los tiene como [&hellip;]<\/p>\n","protected":false},"author":2,"featured_media":57383,"comment_status":"","ping_status":"","sticky":false,"template":"","format":"standard","meta":{"footnotes":""},"categories":[12],"tags":[],"_links":{"self":[{"href":"https:\/\/maxradio923.com.ar\/index.php\/wp-json\/wp\/v2\/posts\/57382"}],"collection":[{"href":"https:\/\/maxradio923.com.ar\/index.php\/wp-json\/wp\/v2\/posts"}],"about":[{"href":"https:\/\/maxradio923.com.ar\/index.php\/wp-json\/wp\/v2\/types\/post"}],"author":[{"embeddable":true,"href":"https:\/\/maxradio923.com.ar\/index.php\/wp-json\/wp\/v2\/users\/2"}],"replies":[{"embeddable":true,"href":"https:\/\/maxradio923.com.ar\/index.php\/wp-json\/wp\/v2\/comments?post=57382"}],"version-history":[{"count":0,"href":"https:\/\/maxradio923.com.ar\/index.php\/wp-json\/wp\/v2\/posts\/57382\/revisions"}],"wp:featuredmedia":[{"embeddable":true,"href":"https:\/\/maxradio923.com.ar\/index.php\/wp-json\/wp\/v2\/media\/57383"}],"wp:attachment":[{"href":"https:\/\/maxradio923.com.ar\/index.php\/wp-json\/wp\/v2\/media?parent=57382"}],"wp:term":[{"taxonomy":"category","embeddable":true,"href":"https:\/\/maxradio923.com.ar\/index.php\/wp-json\/wp\/v2\/categories?post=57382"},{"taxonomy":"post_tag","embeddable":true,"href":"https:\/\/maxradio923.com.ar\/index.php\/wp-json\/wp\/v2\/tags?post=57382"}],"curies":[{"name":"wp","href":"https:\/\/api.w.org\/{rel}","templated":true}]}}