{"id":57380,"date":"2025-11-07T17:14:07","date_gmt":"2025-11-07T20:14:07","guid":{"rendered":"https:\/\/maxradio923.com.ar\/index.php\/2025\/11\/07\/simeone-se-metio-en-la-polemica-por-la-ausencia-de-julian-alvarez-en-los-the-best-es-uno-de-los-mejores\/"},"modified":"2025-11-07T17:14:07","modified_gmt":"2025-11-07T20:14:07","slug":"simeone-se-metio-en-la-polemica-por-la-ausencia-de-julian-alvarez-en-los-the-best-es-uno-de-los-mejores","status":"publish","type":"post","link":"https:\/\/maxradio923.com.ar\/index.php\/2025\/11\/07\/simeone-se-metio-en-la-polemica-por-la-ausencia-de-julian-alvarez-en-los-the-best-es-uno-de-los-mejores\/","title":{"rendered":"Simeone se meti\u00f3 en la pol\u00e9mica por la ausencia de Juli\u00e1n \u00c1lvarez en los The Best: \u201cEs uno de los mejores\u201d"},"content":{"rendered":"<p><\/p>\n<div>\n<div class=\"jwplayer-ctn\"><figcaption class=\"jwplayer-figcaption\">Diego Simeone se refiri\u00f3 a la ausencia de Juli\u00e1n \u00c1lvarez a la nominaci\u00f3n para los premios The Best<\/figcaption><\/div>\n<p class=\"paragraph\">Luego de la decisi\u00f3n de la <b>FIFA<\/b> en no incluir a <b>Juli\u00e1n \u00c1lvarez<\/b> entre los 22 futbolistas que competir\u00e1n por el premio <i><b>The Best 2025<\/b><\/i> al mejor de la temporada, el entrenador del <b>Atl\u00e9tico de Madrid<\/b>, <b>Diego Simeone<\/b>, dio su opini\u00f3n y destac\u00f3 el trabajo que viene realizando el delantero argentino en el equipo. <\/p>\n<p class=\"paragraph\">En la conferencia de prensa previa al duelo que afrontar\u00e1 ma\u00f1ana el <i>Colchonero <\/i>ante el <b>Levante<\/b> como local por la fecha 12 de La <b>Liga de Espa\u00f1a<\/b>, el <i>Cholo<\/i> hizo un breve comentario ante una pregunta por<b> la ausencia de la <\/b><i><b>Ara\u00f1a<\/b><\/i><i> <\/i>en la n\u00f3mina de los mejores jugadores del a\u00f1o, algo que caus\u00f3 sorpresa en el mundo futbolero. <\/p>\n<p class=\"paragraph\">\u201cNo soy el que termina tomando decisiones de si est\u00e1 o no est\u00e1 (en los premios The Best), pero yo entiendo lo que transmito: <b>para nosotros es un jugador important\u00edsimo, uno de los mejores delanteros del mundo. Lo tenemos nosotros y lo tenemos que cuidar<\/b>.<b> Ojal\u00e1 nos siga dando todo lo que nos est\u00e1 dando, que es un mont\u00f3n<\/b>. Sinceramente, con mucho respeto, me centro en el partido con Levante, un equipo que trabaja bien la parte defensiva y ha sacado partidos importantes adelante\u201d, fue el comentario de Simeone ante los medios respecto al tema. <\/p>\n<p class=\"paragraph\">El club fij\u00f3 su postura acerca de la llamativa <b>ausencia de Juli\u00e1n \u00c1lvarez<\/b> entre los finalistas para el galard\u00f3n que entregar\u00e1 la FIFA a fin de a\u00f1o (fecha a confirmar) y que tiene solamente a <b>Emiliano <\/b><i><b>Dibu<\/b><\/i><b> Mart\u00ednez<\/b> como exponente argentino en la categor\u00eda de mejor arquero. En un posteo en redes sociales, la cuenta del <b>Atl\u00e9tico de Madrid <\/b>en ingl\u00e9s public\u00f3 un video en el que se ven a los 22 jugadores nominados a <i>The Best<\/i> y una voz de fondo que dice: <b>\u201cEl mundo entero parece estar haci\u00e9ndose la misma pregunta&#8230; \u00bfD\u00f3nde est\u00e1 el Hombre Ara\u00f1a?\u201c<\/b>. Adem\u00e1s, desde el usuario del Aleti en X (ex Twitter) respondieron el posteo de la FIFA anunciando a los finalistas con los emojis de dos ojos mirando al costado y una ara\u00f1a. <\/p>\n<div class=\"jwplayer-ctn\"><figcaption class=\"jwplayer-figcaption\">La reacci\u00f3n del Atl\u00e9tico de Madrid ante la ausencia de Juli\u00e1n \u00c1lvarez a los premios The Best<br \/>\n<\/figcaption><\/div>\n<p class=\"paragraph\">La noticia tampoco cay\u00f3 bien en parte del plantel del Atl\u00e9tico y<b> Nicol\u00e1s Gonz\u00e1lez<\/b>, compa\u00f1ero de Juli\u00e1n en el club y la selecci\u00f3n argentina, lanz\u00f3 un breve y contundente mensaje en su cuenta de <i>Instagram<\/i><i> <\/i>al publicar una historia en la que se ve una foto con el delantero de Calch\u00edn y la frase: <b>\u201cClaramente no entienden nada\u201d<\/b>.<\/p>\n<p class=\"paragraph\"><b>Juli\u00e1n \u00c1lvarez<\/b> lleva <b>71 partidos<\/b> jugados en el <b>Atl\u00e9tico de Madrid<\/b> con 38 goles y 12 asistencias. Anteriormente, el campe\u00f3n del mundo en Qatar 2022, tuvo otros pasos por el <b>Manchester City<\/b> (103 encuentros y 36 tantos) y <b>River Plate<\/b> (122 y 54).<\/p>\n<div class=\"visual__image\"><picture><source srcset=\"https:\/\/www.infobae.com\/resizer\/v2\/O3LNEQWUTZFXJG6JRQUW5JLZ6Q.jpg?auth=469cca9796eb012403768f36a531c1b4f2b4e74be7d5678bf6752c4af8a05d45&amp;smart=true&amp;width=992&amp;height=558&amp;quality=85\" media=\"(min-width: 1000px)\"\/><source srcset=\"https:\/\/www.infobae.com\/resizer\/v2\/O3LNEQWUTZFXJG6JRQUW5JLZ6Q.jpg?auth=469cca9796eb012403768f36a531c1b4f2b4e74be7d5678bf6752c4af8a05d45&amp;smart=true&amp;width=768&amp;height=432&amp;quality=85\" media=\"(min-width: 768px)\"\/><source srcset=\"https:\/\/www.infobae.com\/resizer\/v2\/O3LNEQWUTZFXJG6JRQUW5JLZ6Q.jpg?auth=469cca9796eb012403768f36a531c1b4f2b4e74be7d5678bf6752c4af8a05d45&amp;smart=true&amp;width=577&amp;height=324&amp;quality=85\" media=\"(min-width: 580px)\"\/><source srcset=\"https:\/\/www.infobae.com\/resizer\/v2\/O3LNEQWUTZFXJG6JRQUW5JLZ6Q.jpg?auth=469cca9796eb012403768f36a531c1b4f2b4e74be7d5678bf6752c4af8a05d45&amp;smart=true&amp;width=420&amp;height=236&amp;quality=85\" media=\"(min-width: 350px)\"\/><source srcset=\"https:\/\/www.infobae.com\/resizer\/v2\/O3LNEQWUTZFXJG6JRQUW5JLZ6Q.jpg?auth=469cca9796eb012403768f36a531c1b4f2b4e74be7d5678bf6752c4af8a05d45&amp;smart=true&amp;width=350&amp;height=197&amp;quality=85\" media=\"(min-width: 80px)\"\/><img alt=\"El posteo del Atl\u00e9tico de\" class=\"global-image\" decoding=\"async\" fetchpriority=\"low\" height=\"334\" loading=\"lazy\" src=\"https:\/\/www.infobae.com\/resizer\/v2\/O3LNEQWUTZFXJG6JRQUW5JLZ6Q.jpg?auth=469cca9796eb012403768f36a531c1b4f2b4e74be7d5678bf6752c4af8a05d45&amp;smart=true&amp;width=350&amp;height=197&amp;quality=85\" width=\"594\"\/><\/picture><figcaption class=\"article-figcaption-img\">El posteo del Atl\u00e9tico de Madrid respecto a la ausencia de Juli\u00e1n Alvarez en los premios The Best (@Atleti)<\/figcaption><\/div>\n<p class=\"paragraph\">Volviendo a los premios <b>The Best<\/b>, en la categor\u00eda de mejor jugador del a\u00f1o, el <b>Barcelona <\/b>cuenta con tres representantes entre los once nominados: <b>Lamine Yamal<\/b>, <b>Pedri <\/b>y <b>Raphinha<\/b>. Por parte del <b>Real Madrid<\/b>, el referente es <b>Kylian Mbapp\u00e9<\/b>, mientras que el principal favorito al galard\u00f3n parece ser <b>Ousmane Demb\u00e9l\u00e9<\/b>, actual poseedor del Bal\u00f3n de Oro con el <b>Par\u00eds Saint-Germain<\/b>. Adem\u00e1s, el vigente campe\u00f3n de la Champions League suma a la lista de nominados a <b>Achraf Hakimi<\/b>, <b>Nuno Mendes <\/b>y <b>Vitinha<\/b>, consolidando su presencia en la \u00e9lite del f\u00fatbol europeo. <b>Las grandes ausencias son las de Vinicius Jr.<\/b>, quien fue el ganador del premio en la temporada pasada, y <b>Juli\u00e1n \u00c1lvarez<\/b>, el delantero argentino de gran momento en el Atl\u00e9tico Madrid.<\/p>\n<p class=\"paragraph\">El proceso de votaci\u00f3n para los <b>premios The Best 2025 de la FIFA <\/b>comenz\u00f3 el 6 de noviembre, permitiendo que capitanes y seleccionadores de las <b>211 federaciones miembros<\/b>, periodistas y aficionados elijan a los pr\u00f3ximos ganadores a trav\u00e9s de la p\u00e1gina oficial del organismo hasta el 28 de noviembre. Entre los <b>nominados argentinos <\/b>destacan el <i><b>Dibu<\/b><\/i><b> Mart\u00ednez<\/b>, candidato a mejor arquero, y <b>Alejandro Ciganotto<\/b>, hincha de Racing, postulado al Fan Award.<\/p>\n<\/div>\n<p><script defer=\"\">try{!function(f,b,e,v,n,t,s) {if(f.fbq)return;n=f.fbq=function(){n.callMethod? n.callMethod.apply(n,arguments):n.queue.push(arguments)}; if(!f._fbq)f._fbq=n;n.push=n;n.loaded=!0;n.version='2.0'; n.queue=[];t=b.createElement(e);t.async=!0; t.src=v;s=b.getElementsByTagName(e)[0]; s.parentNode.insertBefore(t,s)}(window, document,'script', ' fbq('init', '336383993555320'); fbq('track', 'PageView'); fbq('track', 'ViewContent');}catch(error){console.log(\"Error al inicializar facebookPixelRawCodeScript:\",error);}<\/script><\/p>\n","protected":false},"excerpt":{"rendered":"<p>Diego Simeone se refiri\u00f3 a la ausencia de Juli\u00e1n \u00c1lvarez a la nominaci\u00f3n para los premios The Best Luego de la decisi\u00f3n de la FIFA en no incluir a Juli\u00e1n \u00c1lvarez entre los 22 futbolistas que competir\u00e1n por el premio The Best 2025 al mejor de la temporada, el entrenador del Atl\u00e9tico de Madrid, Diego [&hellip;]<\/p>\n","protected":false},"author":2,"featured_media":57381,"comment_status":"","ping_status":"","sticky":false,"template":"","format":"standard","meta":{"footnotes":""},"categories":[2],"tags":[],"_links":{"self":[{"href":"https:\/\/maxradio923.com.ar\/index.php\/wp-json\/wp\/v2\/posts\/57380"}],"collection":[{"href":"https:\/\/maxradio923.com.ar\/index.php\/wp-json\/wp\/v2\/posts"}],"about":[{"href":"https:\/\/maxradio923.com.ar\/index.php\/wp-json\/wp\/v2\/types\/post"}],"author":[{"embeddable":true,"href":"https:\/\/maxradio923.com.ar\/index.php\/wp-json\/wp\/v2\/users\/2"}],"replies":[{"embeddable":true,"href":"https:\/\/maxradio923.com.ar\/index.php\/wp-json\/wp\/v2\/comments?post=57380"}],"version-history":[{"count":0,"href":"https:\/\/maxradio923.com.ar\/index.php\/wp-json\/wp\/v2\/posts\/57380\/revisions"}],"wp:featuredmedia":[{"embeddable":true,"href":"https:\/\/maxradio923.com.ar\/index.php\/wp-json\/wp\/v2\/media\/57381"}],"wp:attachment":[{"href":"https:\/\/maxradio923.com.ar\/index.php\/wp-json\/wp\/v2\/media?parent=57380"}],"wp:term":[{"taxonomy":"category","embeddable":true,"href":"https:\/\/maxradio923.com.ar\/index.php\/wp-json\/wp\/v2\/categories?post=57380"},{"taxonomy":"post_tag","embeddable":true,"href":"https:\/\/maxradio923.com.ar\/index.php\/wp-json\/wp\/v2\/tags?post=57380"}],"curies":[{"name":"wp","href":"https:\/\/api.w.org\/{rel}","templated":true}]}}