{"id":57372,"date":"2025-11-07T16:29:02","date_gmt":"2025-11-07T19:29:02","guid":{"rendered":"https:\/\/maxradio923.com.ar\/index.php\/2025\/11\/07\/las-repercusiones-en-los-medios-del-mundo-tras-el-anuncio-de-colapinto-en-alpine-ha-hecho-meritos-suficientes-para-ganarse-esta-oportunidad\/"},"modified":"2025-11-07T16:29:02","modified_gmt":"2025-11-07T19:29:02","slug":"las-repercusiones-en-los-medios-del-mundo-tras-el-anuncio-de-colapinto-en-alpine-ha-hecho-meritos-suficientes-para-ganarse-esta-oportunidad","status":"publish","type":"post","link":"https:\/\/maxradio923.com.ar\/index.php\/2025\/11\/07\/las-repercusiones-en-los-medios-del-mundo-tras-el-anuncio-de-colapinto-en-alpine-ha-hecho-meritos-suficientes-para-ganarse-esta-oportunidad\/","title":{"rendered":"Las repercusiones en los medios del mundo tras el anuncio de Colapinto en Alpine: \u201cHa hecho m\u00e9ritos suficientes para ganarse esta oportunidad\u201d"},"content":{"rendered":"<p><\/p>\n<div>\n<div class=\"visual__image image-initial-width\"><picture><source srcset=\"https:\/\/www.infobae.com\/resizer\/v2\/D5WTIEZKZ5GHTEOCBT7O4WQWAQ.jpg?auth=1b154b77669c257447d3ae569fa15d8b0aa5c390d40cc383eb04c7958eccf342&amp;smart=true&amp;width=992&amp;height=558&amp;quality=85\" media=\"(min-width: 1000px)\"\/><source srcset=\"https:\/\/www.infobae.com\/resizer\/v2\/D5WTIEZKZ5GHTEOCBT7O4WQWAQ.jpg?auth=1b154b77669c257447d3ae569fa15d8b0aa5c390d40cc383eb04c7958eccf342&amp;smart=true&amp;width=768&amp;height=432&amp;quality=85\" media=\"(min-width: 768px)\"\/><source srcset=\"https:\/\/www.infobae.com\/resizer\/v2\/D5WTIEZKZ5GHTEOCBT7O4WQWAQ.jpg?auth=1b154b77669c257447d3ae569fa15d8b0aa5c390d40cc383eb04c7958eccf342&amp;smart=true&amp;width=577&amp;height=325&amp;quality=85\" media=\"(min-width: 580px)\"\/><source srcset=\"https:\/\/www.infobae.com\/resizer\/v2\/D5WTIEZKZ5GHTEOCBT7O4WQWAQ.jpg?auth=1b154b77669c257447d3ae569fa15d8b0aa5c390d40cc383eb04c7958eccf342&amp;smart=true&amp;width=420&amp;height=236&amp;quality=85\" media=\"(min-width: 350px)\"\/><source srcset=\"https:\/\/www.infobae.com\/resizer\/v2\/D5WTIEZKZ5GHTEOCBT7O4WQWAQ.jpg?auth=1b154b77669c257447d3ae569fa15d8b0aa5c390d40cc383eb04c7958eccf342&amp;smart=true&amp;width=350&amp;height=197&amp;quality=85\" media=\"(min-width: 80px)\"\/><img alt=\"Las repercusiones en el mundo\" class=\"global-image\" decoding=\"async\" fetchpriority=\"high\" height=\"1080\" loading=\"eager\" src=\"https:\/\/www.infobae.com\/resizer\/v2\/D5WTIEZKZ5GHTEOCBT7O4WQWAQ.jpg?auth=1b154b77669c257447d3ae569fa15d8b0aa5c390d40cc383eb04c7958eccf342&amp;smart=true&amp;width=350&amp;height=197&amp;quality=85\" width=\"1920\"\/><\/picture><figcaption class=\"article-figcaption-img\">Las repercusiones en el mundo tras el anuncio de Colapinto en Alpine<\/figcaption><\/div>\n<p class=\"paragraph\">En el marco del <b>Gran Premio de Brasil<\/b>, <b>Alpine <\/b>confirm\u00f3 la continuidad de <b>Franco Colapinto<\/b> de cara al 2026 de la <b>F\u00f3rmula 1<\/b>. El argentino formar\u00e1 dupla con <b>Pierre Gasly<\/b> en la escuder\u00eda francesa y competir\u00e1 por primera vez desde el inicio de la temporada en la <i>M\u00e1xima<\/i>. La decisi\u00f3n lleg\u00f3 despu\u00e9s de una notable evoluci\u00f3n y diversos medios especializados hicieron hincapi\u00e9 en el anuncio del equipo.<\/p>\n<p class=\"paragraph\">La propia cuenta oficial de la F1 realiz\u00f3 una nota extensa sobre la confirmaci\u00f3n del joven de 22 a\u00f1os y remarc\u00f3 la paridad de sus resultados recientes en comparativa a los de Gasly. \u201c<b>Colapinto mejor\u00f3 su rendimiento y en los \u00faltimos seis Grandes Premios ha sido competitivo en relaci\u00f3n con su compa\u00f1ero de equipo Gasly<\/b>\u201d, destacaron. Adem\u00e1s, puntualizaron en que \u201cesa mejor\u00eda en su rendimiento \u2014en el que es el coche m\u00e1s lento de la parrilla\u2014 <b>lo convirti\u00f3 en el favorito<\/b> para mantener su asiento para 2026\u201d.<\/p>\n<p class=\"paragraph\">En otro art\u00edculo, la F\u00f3rmula 1 realiz\u00f3 una entrevista exclusiva con <b>Flavio Briatore<\/b>, asesor ejecutivo y l\u00edder de la escuder\u00eda, en la que el italiano explic\u00f3 de manera extendida los motivos de la continuidad de Colapinto: <b>halag\u00f3 su forma de trabajar, destac\u00f3 su progresi\u00f3n e hizo hincapi\u00e9 en un cambio fundamental en su actitud<\/b>. <\/p>\n<div class=\"visual__image\"><picture><source srcset=\"https:\/\/www.infobae.com\/resizer\/v2\/4XVJJ4MMWBFLTEFE7O3MCNK4QU.jpg?auth=99128619fefefb129f0cadfdd1846d3dcfeb6eada5a88a119ad98759b2019f57&amp;smart=true&amp;width=992&amp;height=777&amp;quality=85\" media=\"(min-width: 1000px)\"\/><source srcset=\"https:\/\/www.infobae.com\/resizer\/v2\/4XVJJ4MMWBFLTEFE7O3MCNK4QU.jpg?auth=99128619fefefb129f0cadfdd1846d3dcfeb6eada5a88a119ad98759b2019f57&amp;smart=true&amp;width=768&amp;height=601&amp;quality=85\" media=\"(min-width: 768px)\"\/><source srcset=\"https:\/\/www.infobae.com\/resizer\/v2\/4XVJJ4MMWBFLTEFE7O3MCNK4QU.jpg?auth=99128619fefefb129f0cadfdd1846d3dcfeb6eada5a88a119ad98759b2019f57&amp;smart=true&amp;width=577&amp;height=452&amp;quality=85\" media=\"(min-width: 580px)\"\/><source srcset=\"https:\/\/www.infobae.com\/resizer\/v2\/4XVJJ4MMWBFLTEFE7O3MCNK4QU.jpg?auth=99128619fefefb129f0cadfdd1846d3dcfeb6eada5a88a119ad98759b2019f57&amp;smart=true&amp;width=420&amp;height=329&amp;quality=85\" media=\"(min-width: 350px)\"\/><source srcset=\"https:\/\/www.infobae.com\/resizer\/v2\/4XVJJ4MMWBFLTEFE7O3MCNK4QU.jpg?auth=99128619fefefb129f0cadfdd1846d3dcfeb6eada5a88a119ad98759b2019f57&amp;smart=true&amp;width=350&amp;height=274&amp;quality=85\" media=\"(min-width: 80px)\"\/><img alt=\"El art\u00edculo de la F1\" class=\"global-image\" decoding=\"async\" fetchpriority=\"low\" height=\"1503\" loading=\"lazy\" src=\"https:\/\/www.infobae.com\/resizer\/v2\/4XVJJ4MMWBFLTEFE7O3MCNK4QU.jpg?auth=99128619fefefb129f0cadfdd1846d3dcfeb6eada5a88a119ad98759b2019f57&amp;smart=true&amp;width=350&amp;height=274&amp;quality=85\" width=\"1920\"\/><\/picture><figcaption class=\"article-figcaption-img\">El art\u00edculo de la F1 sobre la continuidad de Colapinto<\/figcaption><\/div>\n<p class=\"paragraph\">Por su parte, otro medio que elogi\u00f3 el rendimiento de Colapinto fue <i>The Race<\/i>. \u201cAunque el dif\u00edcil comienzo de la adaptaci\u00f3n de Colapinto al complicado coche Alpine hizo que su futuro en el equipo fuera incierto, <b>su progreso constante le ha ayudado a demostrar a la direcci\u00f3n que merece seguir a bordo en 2026<\/b>\u201d, fue la l\u00ednea que expuso el portal brit\u00e1nico.<\/p>\n<p class=\"paragraph\">A su vez, dicho medio realiz\u00f3 una nota aparte en la que varios de sus periodistas dieron su \u201c<b>veredicto sobre la elecci\u00f3n de Colapinto<\/b> por parte de Alpine para la F1 de 2026\u201d. La postura fue un\u00e1nime: Franco ten\u00eda que continuar. \u201cA pesar de las dificultades de Alpine, Colapinto termin\u00f3 vi\u00e9ndose perfectamente bien junto a Gasly, mostrando un buen desempe\u00f1o en las clasificaciones y en los duelos directos en carrera. <b>Desde que mejor\u00f3 su rendimiento con el coche, no ha contado con el monoplaza necesario para puntuar<\/b>. Por lo tanto, queda por ver si podr\u00e1 alcanzar el nivel de Gasly cuando el coche sea m\u00e1s capaz\u201d, resalt\u00f3 el cronista Scott Mitchell-Malm, quien cerr\u00f3 su juicio con un \u201c<b>Colapinto ha hecho m\u00e9ritos suficientes para ganarse esta oportunidad<\/b>\u201d. <\/p>\n<p class=\"paragraph\">Otro de los que brind\u00f3 su punto de vista en <i>The Race<\/i> fue el periodista Valent\u00edn Khorounzhiy: \u201c<b>Colapinto ha mejorado lo suficiente<\/b>. La mejora de Colapinto a lo largo de la temporada ha sido dr\u00e1stica, y ahora <b>tiene dos tramos distintos en los que est\u00e1 plantando cara a pilotos de mitad de tabla de probados<\/b>: Alex Albon en las primeras carreras con Williams, y ahora Gasly con Alpine\u201d.<\/p>\n<div class=\"visual__image\"><picture><source srcset=\"https:\/\/www.infobae.com\/resizer\/v2\/4GXHUH2GDFB7DIGALALOWDNB2I.jpg?auth=acad3dcc6005f8d0ea4e0a58f8af32d88fbc4cc82a1617a17962e442a098d923&amp;smart=true&amp;width=992&amp;height=475&amp;quality=85\" media=\"(min-width: 1000px)\"\/><source srcset=\"https:\/\/www.infobae.com\/resizer\/v2\/4GXHUH2GDFB7DIGALALOWDNB2I.jpg?auth=acad3dcc6005f8d0ea4e0a58f8af32d88fbc4cc82a1617a17962e442a098d923&amp;smart=true&amp;width=768&amp;height=368&amp;quality=85\" media=\"(min-width: 768px)\"\/><source srcset=\"https:\/\/www.infobae.com\/resizer\/v2\/4GXHUH2GDFB7DIGALALOWDNB2I.jpg?auth=acad3dcc6005f8d0ea4e0a58f8af32d88fbc4cc82a1617a17962e442a098d923&amp;smart=true&amp;width=577&amp;height=276&amp;quality=85\" media=\"(min-width: 580px)\"\/><source srcset=\"https:\/\/www.infobae.com\/resizer\/v2\/4GXHUH2GDFB7DIGALALOWDNB2I.jpg?auth=acad3dcc6005f8d0ea4e0a58f8af32d88fbc4cc82a1617a17962e442a098d923&amp;smart=true&amp;width=420&amp;height=201&amp;quality=85\" media=\"(min-width: 350px)\"\/><source srcset=\"https:\/\/www.infobae.com\/resizer\/v2\/4GXHUH2GDFB7DIGALALOWDNB2I.jpg?auth=acad3dcc6005f8d0ea4e0a58f8af32d88fbc4cc82a1617a17962e442a098d923&amp;smart=true&amp;width=350&amp;height=168&amp;quality=85\" media=\"(min-width: 80px)\"\/><img alt=\"The Race destac\u00f3 el trabajo\" class=\"global-image\" decoding=\"async\" fetchpriority=\"low\" height=\"919\" loading=\"lazy\" src=\"https:\/\/www.infobae.com\/resizer\/v2\/4GXHUH2GDFB7DIGALALOWDNB2I.jpg?auth=acad3dcc6005f8d0ea4e0a58f8af32d88fbc4cc82a1617a17962e442a098d923&amp;smart=true&amp;width=350&amp;height=168&amp;quality=85\" width=\"1920\"\/><\/picture><figcaption class=\"article-figcaption-img\">The Race destac\u00f3 el trabajo de Colapinto para seguir corriendo con Alpine<\/figcaption><\/div>\n<p class=\"paragraph\">El portal especializado <i>Motorsport <\/i>sigui\u00f3 en la misma l\u00ednea de valorar la enorme evoluci\u00f3n del pilarense en el team con sede en Enstone. \u201c<b>Colapinto fue mostrando progresos a lo largo del a\u00f1o<\/b>, en particular desde el Gran Premio de Hungr\u00eda, a partir del cual se mantiene igualado 4-4 en las sesiones de clasificaci\u00f3n con el franc\u00e9s, y en <b>carrera ha estado consistentemente a su nivel o por encima<\/b>\u201d, afirm\u00f3 el cronista Federico Faturos en la versi\u00f3n de habla hispana. \u201cAl igual que en Williams, Colapinto ha mostrado destellos de velocidad de forma irregular. Ha superado a Gasly en clasificaci\u00f3n en cinco ocasiones \u2014cuatro de ellas por m\u00e9ritos propios\u2014, pero se ha ca\u00eddo dos veces. \u00daltimamente, a medida que Alpine perd\u00eda posiciones, el joven piloto se acercaba al rendimiento del franc\u00e9s los domingos; en las \u00faltimas cinco carreras, siempre hab\u00edan terminado con una diferencia de menos de cuatro segundos\u201d, plante\u00f3 el periodista Ben Vinel en la edici\u00f3n global de este mismo portal.<\/p>\n<p class=\"paragraph\">Por su parte, el reconocido medio franc\u00e9s <i>AUTOhedbo<\/i> tambi\u00e9n hizo hincapi\u00e9 en el trabajo del argentino y en la batalla interna con Gasly. \u201cFranco Colapinto necesit\u00f3 tiempo para readaptarse al monoplaza de Alpine esta temporada. <b>El argentino ha convertido en costumbre superar a su compa\u00f1ero de equipo en la clasificaci\u00f3n. En las carreras, ambos pilotos han estado perfectamente igualados en las \u00faltimas seis pruebas<\/b>\u201d, analiz\u00f3 el cronista Mathieu Chambenoit. <\/p>\n<p class=\"paragraph\">El anuncio de Alpine sobre la permanencia de Colapinto gener\u00f3 una gran repercusi\u00f3n en los medios especializados y todos hicieron una nota correspondiente. El denominador com\u00fan fue el mismo: <b>la decisi\u00f3n de la escuder\u00eda francesa fue acertada<\/b>.<\/p>\n<div class=\"visual__image\"><picture><source srcset=\"https:\/\/www.infobae.com\/resizer\/v2\/FBLY7OCUCBDSTGAWALNWVN5IQE.jpg?auth=59276209a9894ad632bfc33e11f0ba172b054e9f09290c724be947adc7142a0f&amp;smart=true&amp;width=992&amp;height=678&amp;quality=85\" media=\"(min-width: 1000px)\"\/><source srcset=\"https:\/\/www.infobae.com\/resizer\/v2\/FBLY7OCUCBDSTGAWALNWVN5IQE.jpg?auth=59276209a9894ad632bfc33e11f0ba172b054e9f09290c724be947adc7142a0f&amp;smart=true&amp;width=768&amp;height=525&amp;quality=85\" media=\"(min-width: 768px)\"\/><source srcset=\"https:\/\/www.infobae.com\/resizer\/v2\/FBLY7OCUCBDSTGAWALNWVN5IQE.jpg?auth=59276209a9894ad632bfc33e11f0ba172b054e9f09290c724be947adc7142a0f&amp;smart=true&amp;width=577&amp;height=395&amp;quality=85\" media=\"(min-width: 580px)\"\/><source srcset=\"https:\/\/www.infobae.com\/resizer\/v2\/FBLY7OCUCBDSTGAWALNWVN5IQE.jpg?auth=59276209a9894ad632bfc33e11f0ba172b054e9f09290c724be947adc7142a0f&amp;smart=true&amp;width=420&amp;height=287&amp;quality=85\" media=\"(min-width: 350px)\"\/><source srcset=\"https:\/\/www.infobae.com\/resizer\/v2\/FBLY7OCUCBDSTGAWALNWVN5IQE.jpg?auth=59276209a9894ad632bfc33e11f0ba172b054e9f09290c724be947adc7142a0f&amp;smart=true&amp;width=350&amp;height=239&amp;quality=85\" media=\"(min-width: 80px)\"\/><img alt=\"Motorsport elogi\u00f3 el trabajo fundamental\" class=\"global-image\" decoding=\"async\" fetchpriority=\"low\" height=\"1313\" loading=\"lazy\" src=\"https:\/\/www.infobae.com\/resizer\/v2\/FBLY7OCUCBDSTGAWALNWVN5IQE.jpg?auth=59276209a9894ad632bfc33e11f0ba172b054e9f09290c724be947adc7142a0f&amp;smart=true&amp;width=350&amp;height=239&amp;quality=85\" width=\"1920\"\/><\/picture><figcaption class=\"article-figcaption-img\">Motorsport elogi\u00f3 el trabajo fundamental de Colapinto en Alpine <\/figcaption><\/div>\n<p class=\"paragraph\">\u201c<b>He seguido la trayectoria de Franco a lo largo de su etapa en la F\u00f3rmula 1 y siempre he cre\u00eddo que tiene las cualidades y el potencial necesarios para convertirse en un piloto de primer nivel capaz de crecer con el equipo<\/b>. Nuestra decisi\u00f3n de seguir juntos hasta 2026 es una clara muestra de nuestro compromiso y nuestro firme apoyo a Franco en su desarrollo como piloto de carreras\u201d, coment\u00f3 Flavio Briatore sobre la continuidad de Colapinto.<\/p>\n<p class=\"paragraph\">El propio Franco se mostr\u00f3 muy contento por la noticia que confirm\u00f3 su presencia en la temporada 2026: <b>\u201cVa a ser un a\u00f1o mucho mejor que el 2025. El auto es mucho m\u00e1s prometedor, tiene cosas y soluciones comparado con los problemas que estamos teniendo este a\u00f1o, as\u00ed que con muchas ganas de empezar y ojal\u00e1 tener un gran a\u00f1o\u201d.<\/b><\/p>\n<p class=\"paragraph\">A pesar de su escasa experiencia previa con los veh\u00edculos de la escuder\u00eda de Enstone, <b>el argentino logr\u00f3 igualar e incluso superar en ocasiones los resultados de su compa\u00f1ero Gasly, lo que le vali\u00f3 la confianza del equipo para asegurar su continuidad desde el inicio de la pr\u00f3xima temporada<\/b>. En el mano a mano de carreras, el franc\u00e9s mantiene una ventaja de siete a seis sobre Colapinto, mientras que en las clasificaciones la diferencia es de ocho a cinco a favor de Gasly.<\/p>\n<p class=\"paragraph\">Colapinto afrontar\u00e1 este nuevo desaf\u00edo con <b>la experiencia acumulada en 26 Grandes Premios, de los cuales nueve los disput\u00f3 con Williams y diecisiete con Alpine<\/b>. Por primera vez, el argentino tendr\u00e1 la oportunidad de participar de una temporada completa de la F\u00f3rmula 1.<\/p>\n<div class=\"visual__image\"><picture><source srcset=\"https:\/\/www.infobae.com\/resizer\/v2\/BSNA7M5GTRHVPDD5QH2HMCCKLU.jpg?auth=ecf6b8884d16f0bdbc6e651e678f6106764a70463491ff1c6180d61c0ac88077&amp;smart=true&amp;width=992&amp;height=561&amp;quality=85\" media=\"(min-width: 1000px)\"\/><source srcset=\"https:\/\/www.infobae.com\/resizer\/v2\/BSNA7M5GTRHVPDD5QH2HMCCKLU.jpg?auth=ecf6b8884d16f0bdbc6e651e678f6106764a70463491ff1c6180d61c0ac88077&amp;smart=true&amp;width=768&amp;height=434&amp;quality=85\" media=\"(min-width: 768px)\"\/><source srcset=\"https:\/\/www.infobae.com\/resizer\/v2\/BSNA7M5GTRHVPDD5QH2HMCCKLU.jpg?auth=ecf6b8884d16f0bdbc6e651e678f6106764a70463491ff1c6180d61c0ac88077&amp;smart=true&amp;width=577&amp;height=326&amp;quality=85\" media=\"(min-width: 580px)\"\/><source srcset=\"https:\/\/www.infobae.com\/resizer\/v2\/BSNA7M5GTRHVPDD5QH2HMCCKLU.jpg?auth=ecf6b8884d16f0bdbc6e651e678f6106764a70463491ff1c6180d61c0ac88077&amp;smart=true&amp;width=420&amp;height=238&amp;quality=85\" media=\"(min-width: 350px)\"\/><source srcset=\"https:\/\/www.infobae.com\/resizer\/v2\/BSNA7M5GTRHVPDD5QH2HMCCKLU.jpg?auth=ecf6b8884d16f0bdbc6e651e678f6106764a70463491ff1c6180d61c0ac88077&amp;smart=true&amp;width=350&amp;height=198&amp;quality=85\" media=\"(min-width: 80px)\"\/><img alt=\"AUTOhedbo, medio franc\u00e9s, destac\u00f3 la\" class=\"global-image\" decoding=\"async\" fetchpriority=\"low\" height=\"1086\" loading=\"lazy\" src=\"https:\/\/www.infobae.com\/resizer\/v2\/BSNA7M5GTRHVPDD5QH2HMCCKLU.jpg?auth=ecf6b8884d16f0bdbc6e651e678f6106764a70463491ff1c6180d61c0ac88077&amp;smart=true&amp;width=350&amp;height=198&amp;quality=85\" width=\"1920\"\/><\/picture><figcaption class=\"article-figcaption-img\">AUTOhedbo, medio franc\u00e9s, destac\u00f3 la labor de Colapinto en Alpine<\/figcaption><\/div>\n<\/div>\n<p><script defer=\"\">try{!function(f,b,e,v,n,t,s) {if(f.fbq)return;n=f.fbq=function(){n.callMethod? n.callMethod.apply(n,arguments):n.queue.push(arguments)}; if(!f._fbq)f._fbq=n;n.push=n;n.loaded=!0;n.version='2.0'; n.queue=[];t=b.createElement(e);t.async=!0; t.src=v;s=b.getElementsByTagName(e)[0]; s.parentNode.insertBefore(t,s)}(window, document,'script', ' fbq('init', '336383993555320'); fbq('track', 'PageView'); fbq('track', 'ViewContent');}catch(error){console.log(\"Error al inicializar facebookPixelRawCodeScript:\",error);}<\/script><\/p>\n","protected":false},"excerpt":{"rendered":"<p>Las repercusiones en el mundo tras el anuncio de Colapinto en Alpine En el marco del Gran Premio de Brasil, Alpine confirm\u00f3 la continuidad de Franco Colapinto de cara al 2026 de la F\u00f3rmula 1. El argentino formar\u00e1 dupla con Pierre Gasly en la escuder\u00eda francesa y competir\u00e1 por primera vez desde el inicio de [&hellip;]<\/p>\n","protected":false},"author":2,"featured_media":57373,"comment_status":"","ping_status":"","sticky":false,"template":"","format":"standard","meta":{"footnotes":""},"categories":[2],"tags":[],"_links":{"self":[{"href":"https:\/\/maxradio923.com.ar\/index.php\/wp-json\/wp\/v2\/posts\/57372"}],"collection":[{"href":"https:\/\/maxradio923.com.ar\/index.php\/wp-json\/wp\/v2\/posts"}],"about":[{"href":"https:\/\/maxradio923.com.ar\/index.php\/wp-json\/wp\/v2\/types\/post"}],"author":[{"embeddable":true,"href":"https:\/\/maxradio923.com.ar\/index.php\/wp-json\/wp\/v2\/users\/2"}],"replies":[{"embeddable":true,"href":"https:\/\/maxradio923.com.ar\/index.php\/wp-json\/wp\/v2\/comments?post=57372"}],"version-history":[{"count":0,"href":"https:\/\/maxradio923.com.ar\/index.php\/wp-json\/wp\/v2\/posts\/57372\/revisions"}],"wp:featuredmedia":[{"embeddable":true,"href":"https:\/\/maxradio923.com.ar\/index.php\/wp-json\/wp\/v2\/media\/57373"}],"wp:attachment":[{"href":"https:\/\/maxradio923.com.ar\/index.php\/wp-json\/wp\/v2\/media?parent=57372"}],"wp:term":[{"taxonomy":"category","embeddable":true,"href":"https:\/\/maxradio923.com.ar\/index.php\/wp-json\/wp\/v2\/categories?post=57372"},{"taxonomy":"post_tag","embeddable":true,"href":"https:\/\/maxradio923.com.ar\/index.php\/wp-json\/wp\/v2\/tags?post=57372"}],"curies":[{"name":"wp","href":"https:\/\/api.w.org\/{rel}","templated":true}]}}