{"id":57370,"date":"2025-11-07T16:28:11","date_gmt":"2025-11-07T19:28:11","guid":{"rendered":"https:\/\/maxradio923.com.ar\/index.php\/2025\/11\/07\/festival-la-portena-con-el-chaqueno-palavecino-y-amar-azul-en-palermo-cuando-y-donde-es-y-como-comprar-las-entradas\/"},"modified":"2025-11-07T16:28:11","modified_gmt":"2025-11-07T19:28:11","slug":"festival-la-portena-con-el-chaqueno-palavecino-y-amar-azul-en-palermo-cuando-y-donde-es-y-como-comprar-las-entradas","status":"publish","type":"post","link":"https:\/\/maxradio923.com.ar\/index.php\/2025\/11\/07\/festival-la-portena-con-el-chaqueno-palavecino-y-amar-azul-en-palermo-cuando-y-donde-es-y-como-comprar-las-entradas\/","title":{"rendered":"Festival La Porte\u00f1a con el Chaque\u00f1o Palavecino y Amar Azul en Palermo: cu\u00e1ndo y d\u00f3nde es y c\u00f3mo comprar las entradas"},"content":{"rendered":"<p><\/p>\n<div>\n<p class=\"com-paragraph  --capital --s\">Bajo el lema <strong>\u201cEl folklore, m\u00e1s vivo que nunca\u201d<\/strong>, el <strong>Festival La Porte\u00f1a<\/strong> desembarca por primera vez en el <strong>Hip\u00f3dromo de Palermo<\/strong> para una edici\u00f3n <strong>al aire libre<\/strong> con grilla federal y esp\u00edritu de pe\u00f1a. La fecha confirmada es el <strong>s\u00e1bado 13 de diciembre<\/strong> en pleno coraz\u00f3n de la ciudad de Buenos Aires.<\/p>\n<div class=\"content-media cursor-pointer container-center-100\">\n<section class=\"mod-media ratio-16-9\">\n<figure class=\"mod-video\">\n<div class=\"video-player bg-black ratio-16-9\">\n<div id=\"facade-91wgS0WX\" class=\"content-facade-jw relative bg-black ratio-16-9\"><picture><source media=\"(max-width: 767px)\" srcset=\"https:\/\/resizer.glanacion.com\/resizer\/v2\/https%3A%2F%2Fcdn.jwplayer.com%2Fv2%2Fmedia%2F91wgS0WX%2Fposter.jpg%3Fwidth%3D720?auth=d6b407d6ee13184096a0f63e3e7d05d2c0534ad03525f0cf199e295211be60b2&amp;width=480&amp;quality=70&amp;smart=false\"\/><img class=\"image flex com-image --cover\" decoding=\"async\" fetchpriority=\"low\" loading=\"lazy\" src=\"https:\/\/resizer.glanacion.com\/resizer\/v2\/https%3A%2F%2Fcdn.jwplayer.com%2Fv2%2Fmedia%2F91wgS0WX%2Fposter.jpg%3Fwidth%3D720?auth=d6b407d6ee13184096a0f63e3e7d05d2c0534ad03525f0cf199e295211be60b2&amp;width=720&amp;quality=70&amp;smart=false\" alt=\"Festival La Porte\u00f1a con el Chaque\u00f1o Palavecino y Amar Azul en Palermo: cu\u00e1ndo y d\u00f3nde es y c\u00f3mo comprar las entradas \"\/><\/picture><\/div>\n<\/div><figcaption class=\"border border-1 border-bottom border-light-300 relative px-16 py-8 min-h-36 w-100_md px-0_l mb-8 bg-white\"><span class=\"text ln-text text-16 block\">Festival La Porte\u00f1a con el Chaque\u00f1o Palavecino y Amar Azul en Palermo: cu\u00e1ndo y d\u00f3nde es y c\u00f3mo comprar las entradas <\/span><\/figcaption><\/figure>\n<\/section>\n<\/div>\n<p class=\"com-paragraph   --s\">La Porte\u00f1a, con de casi una d\u00e9cada de historia, es una celebraci\u00f3n popular que ya se convirti\u00f3 en un cl\u00e1sico para los amantes del folklore. En su \u00faltima edici\u00f3n, realizada en julio pasado, <strong>m\u00e1s de 8000 personas<\/strong> fueron parte una verdadera fiesta de m\u00fasica en vivo, baile y pe\u00f1a <strong>durante cuatro jornadas hist\u00f3ricas en Groove<\/strong>.<\/p>\n<div class=\"content-media\">\n<section role=\"button\" class=\"mod-media   \">\n<figure role=\"button\" class=\"mod-figure \"><figcaption class=\"mod-figcaption\"><span class=\"com-text --caption --twoxs\">El Chaque\u00f1o Palavecino, uno de los artistas destacados del Festival La Porte\u00f1a<\/span><span class=\"com-text --credit --twoxs\">Instagrama\/Chaque\u00f1o Palavecino<\/span><\/figcaption><\/figure>\n<\/section>\n<\/div>\n<p class=\"com-paragraph   --s\">En la pr\u00f3xima fecha habr\u00e1 actividades desde la tarde hasta la madrugada y un cruce de figuras legendarias y<strong> <\/strong>nuevas del g\u00e9nero como <strong>El Chaque\u00f1o Palavecino, Los Manseros Santiague\u00f1os, Sele Vera y Los Pampa de Bariloche, Maggie Cullen y Los Tabaleros<\/strong>. Pero el cierre tiene dos promesas de baile desenfrenado: <strong>Amar Azul<\/strong> terminar\u00e1 de encender el escenario y dar\u00e1 paso a un DJ set prometedor del <strong>Tucu Ledesma<\/strong>. <\/p>\n<div class=\"content-media\">\n<section role=\"button\" class=\"mod-media   \">\n<figure role=\"button\" class=\"mod-figure \"><figcaption class=\"mod-figcaption\"><span class=\"com-text --caption --twoxs\">La grilla completa de artistas de la nueva edici\u00f3n del Festival La Porte\u00f1a en el Hip\u00f3dromo de Palermo<\/span><span class=\"com-text --credit --twoxs\">Prensa<\/span><\/figcaption><\/figure>\n<\/section>\n<\/div>\n<p class=\"com-paragraph   --s\">Como en un aut\u00e9ntico festival de folklore no pueden faltar las coplas y las d\u00e9cimas, <strong>Nico Membrani <\/strong>y <strong>Nestor Ramello<\/strong> se encargar\u00e1n de animar la fiesta.<\/p>\n<div class=\"content-media\">\n<section role=\"button\" class=\"mod-media   \">\n<figure role=\"button\" class=\"mod-figure \"><figcaption class=\"mod-figcaption\"><span class=\"com-text --caption --twoxs\">Maggie Cullen, una de las nuevas referentes del folklore<\/span><span class=\"com-text --credit --twoxs\">Instagram\/La Porte\u00f1a<\/span><\/figcaption><\/figure>\n<\/section>\n<\/div>\n<p class=\"com-paragraph   --s\">\u201cCreamos este lugar con mucho cari\u00f1o hace m\u00e1s de nueve a\u00f1os, primero porque somos fan\u00e1ticos del folklore, y porque quer\u00edamos generar un espacio de encuentro para la gente que ama esta m\u00fasica, que siente la identidad del campo, que es del interior, pero vive en la ciudad. Gente que se encuentra ac\u00e1, en este festival, donde los une la identidad, el coraz\u00f3n, la ra\u00edz. Quer\u00edamos que fuera divertido, que hubiera m\u00fasica en vivo, y que despu\u00e9s todos pudieran quedarse bailando\u201d, cuenta uno de los fundadores. Y cierra: \u201cQuer\u00edamos que fuera divertido, que hubiera m\u00fasica en vivo, y que despu\u00e9s todos pudieran quedarse bailando\u201d. <\/p>\n<div class=\"content-media\">\n<section role=\"button\" class=\"mod-media   \">\n<figure role=\"button\" class=\"mod-figure \"><figcaption class=\"mod-figcaption\"><span class=\"com-text --caption --twoxs\">Sele Vera, otra joven promesa del g\u00e9nero<\/span><span class=\"com-text --credit --twoxs\">Instagram\/La Porte\u00f1a<\/span><\/figcaption><\/figure>\n<\/section>\n<\/div>\n<div class=\"content-media\">\n<section role=\"button\" class=\"mod-media   \">\n<figure role=\"button\" class=\"mod-figure \"><figcaption class=\"mod-figcaption\"><span class=\"com-text --caption --twoxs\">El show de Amar Azul promete hacer bailar al p\u00fablico del Festival La Porte\u00f1a<\/span><span class=\"com-text --credit --twoxs\">Instagram\/Amar Azul<\/span><\/figcaption><\/figure>\n<\/section>\n<\/div>\n<section class=\"container-center-100 mb-40 border border-bottom border-thin border-neutral-light-700\">\n<hr\/>\n<\/section>\n<\/div>\n","protected":false},"excerpt":{"rendered":"<p>Bajo el lema \u201cEl folklore, m\u00e1s vivo que nunca\u201d, el Festival La Porte\u00f1a desembarca por primera vez en el Hip\u00f3dromo de Palermo para una edici\u00f3n al aire libre con grilla federal y esp\u00edritu de pe\u00f1a. La fecha confirmada es el s\u00e1bado 13 de diciembre en pleno coraz\u00f3n de la ciudad de Buenos Aires. Festival La [&hellip;]<\/p>\n","protected":false},"author":2,"featured_media":57371,"comment_status":"","ping_status":"","sticky":false,"template":"","format":"standard","meta":{"footnotes":""},"categories":[14],"tags":[],"_links":{"self":[{"href":"https:\/\/maxradio923.com.ar\/index.php\/wp-json\/wp\/v2\/posts\/57370"}],"collection":[{"href":"https:\/\/maxradio923.com.ar\/index.php\/wp-json\/wp\/v2\/posts"}],"about":[{"href":"https:\/\/maxradio923.com.ar\/index.php\/wp-json\/wp\/v2\/types\/post"}],"author":[{"embeddable":true,"href":"https:\/\/maxradio923.com.ar\/index.php\/wp-json\/wp\/v2\/users\/2"}],"replies":[{"embeddable":true,"href":"https:\/\/maxradio923.com.ar\/index.php\/wp-json\/wp\/v2\/comments?post=57370"}],"version-history":[{"count":0,"href":"https:\/\/maxradio923.com.ar\/index.php\/wp-json\/wp\/v2\/posts\/57370\/revisions"}],"wp:featuredmedia":[{"embeddable":true,"href":"https:\/\/maxradio923.com.ar\/index.php\/wp-json\/wp\/v2\/media\/57371"}],"wp:attachment":[{"href":"https:\/\/maxradio923.com.ar\/index.php\/wp-json\/wp\/v2\/media?parent=57370"}],"wp:term":[{"taxonomy":"category","embeddable":true,"href":"https:\/\/maxradio923.com.ar\/index.php\/wp-json\/wp\/v2\/categories?post=57370"},{"taxonomy":"post_tag","embeddable":true,"href":"https:\/\/maxradio923.com.ar\/index.php\/wp-json\/wp\/v2\/tags?post=57370"}],"curies":[{"name":"wp","href":"https:\/\/api.w.org\/{rel}","templated":true}]}}