{"id":57366,"date":"2025-11-07T16:08:04","date_gmt":"2025-11-07T19:08:04","guid":{"rendered":"https:\/\/maxradio923.com.ar\/index.php\/2025\/11\/07\/el-curioso-cruce-entre-el-entrenador-del-palmeiras-y-hernan-crespo-dt-de-san-pablo-yo-tenia-la-misma-cantidad-de-dinero-que-el\/"},"modified":"2025-11-07T16:08:04","modified_gmt":"2025-11-07T19:08:04","slug":"el-curioso-cruce-entre-el-entrenador-del-palmeiras-y-hernan-crespo-dt-de-san-pablo-yo-tenia-la-misma-cantidad-de-dinero-que-el","status":"publish","type":"post","link":"https:\/\/maxradio923.com.ar\/index.php\/2025\/11\/07\/el-curioso-cruce-entre-el-entrenador-del-palmeiras-y-hernan-crespo-dt-de-san-pablo-yo-tenia-la-misma-cantidad-de-dinero-que-el\/","title":{"rendered":"El curioso cruce entre el entrenador del Palmeiras y Hern\u00e1n Crespo, DT de San Pablo: \u201cYo ten\u00eda la misma cantidad de dinero que \u00e9l\u201d"},"content":{"rendered":"<p><\/p>\n<div>\n<div class=\"visual__image image-initial-width\"><picture><source srcset=\"https:\/\/www.infobae.com\/resizer\/v2\/WBGUAM5OEBB3TLIHSM4KTDHQN4.jpg?auth=c174d1f6e5f842ce41004922a56c781b25edcf279ada259e89ef3b099891545c&amp;smart=true&amp;width=992&amp;height=558&amp;quality=85\" media=\"(min-width: 1000px)\"\/><source srcset=\"https:\/\/www.infobae.com\/resizer\/v2\/WBGUAM5OEBB3TLIHSM4KTDHQN4.jpg?auth=c174d1f6e5f842ce41004922a56c781b25edcf279ada259e89ef3b099891545c&amp;smart=true&amp;width=768&amp;height=432&amp;quality=85\" media=\"(min-width: 768px)\"\/><source srcset=\"https:\/\/www.infobae.com\/resizer\/v2\/WBGUAM5OEBB3TLIHSM4KTDHQN4.jpg?auth=c174d1f6e5f842ce41004922a56c781b25edcf279ada259e89ef3b099891545c&amp;smart=true&amp;width=577&amp;height=325&amp;quality=85\" media=\"(min-width: 580px)\"\/><source srcset=\"https:\/\/www.infobae.com\/resizer\/v2\/WBGUAM5OEBB3TLIHSM4KTDHQN4.jpg?auth=c174d1f6e5f842ce41004922a56c781b25edcf279ada259e89ef3b099891545c&amp;smart=true&amp;width=420&amp;height=236&amp;quality=85\" media=\"(min-width: 350px)\"\/><source srcset=\"https:\/\/www.infobae.com\/resizer\/v2\/WBGUAM5OEBB3TLIHSM4KTDHQN4.jpg?auth=c174d1f6e5f842ce41004922a56c781b25edcf279ada259e89ef3b099891545c&amp;smart=true&amp;width=350&amp;height=197&amp;quality=85\" media=\"(min-width: 80px)\"\/><img alt=\"\" class=\"global-image\" decoding=\"async\" fetchpriority=\"high\" height=\"1080\" loading=\"eager\" src=\"https:\/\/www.infobae.com\/resizer\/v2\/WBGUAM5OEBB3TLIHSM4KTDHQN4.jpg?auth=c174d1f6e5f842ce41004922a56c781b25edcf279ada259e89ef3b099891545c&amp;smart=true&amp;width=350&amp;height=197&amp;quality=85\" width=\"1920\"\/><\/picture><\/div>\n<p class=\"paragraph\">La reciente comparaci\u00f3n entre el <b>poder\u00edo econ\u00f3mico del Palmeiras y el Flamengo<\/b> frente a otros clubes brasile\u00f1os gener\u00f3 un intercambio de declaraciones entre dos figuras destacadas del f\u00fatbol sudamericano. <b>Abel Ferreira<\/b>, entrenador del Palmeiras, respondi\u00f3 con iron\u00eda y an\u00e1lisis a los comentarios de <b>Hern\u00e1n Crespo<\/b>, t\u00e9cnico del S\u00e3o Paulo, quien hab\u00eda se\u00f1alado que ambos equipos se encuentran <b>\u201cen otro nivel\u201d<\/b> respecto a su club y a la mayor\u00eda de sus competidores en Brasil.<\/p>\n<p class=\"paragraph\">Durante una rueda de prensa, Crespo expres\u00f3 su percepci\u00f3n sobre la brecha financiera que separa a S\u00e3o Paulo de Palmeiras y Flamengo: <b>\u201cNo es f\u00e1cil hacer lo que est\u00e1n haciendo (Abel Ferreira y Filipe Luis), pero creo que son situaciones diferentes. Si lo analizas, \u00bfcrees que vamos a estar peleando por el primer puesto con Palmeiras y Flamengo? No&#8230; Ellos llevan a\u00f1os y a\u00f1os invirtiendo. <\/b>As\u00ed que es imposible tomar atajos. Hay que tener paciencia, luchar por lo que se puede luchar. \u00bfEst\u00e1 esto muy lejos de la historia del S\u00e3o Paulo? S\u00ed, s\u00ed.\u201d<\/p>\n<p class=\"paragraph\">Ante estas palabras, Abel Ferreira opt\u00f3 por una respuesta que combin\u00f3 el humor con una explicaci\u00f3n detallada del modelo de gesti\u00f3n que llev\u00f3 al Palmeiras a consolidar su posici\u00f3n financiera. El entrenador portugu\u00e9s record\u00f3 sus primeros tiempos en Brasil y la cercan\u00eda con Crespo: <b>\u201cVi a mi amigo Crespo diciendo que el Palmeiras tiene dinero. Quer\u00eda decirle que cuando lleg\u00f3, \u00e9ramos vecinos y yo ten\u00eda la misma cantidad de dinero que \u00e9l (r\u00ede). De hecho, cuando lo invit\u00e9 a cenar a mi casa, yo pagu\u00e9, pero en ese entonces el Palmeiras no ten\u00eda tanto dinero. <\/b>El Palmeiras invirti\u00f3 en su cantera, vendi\u00f3 jugadores, los t\u00edtulos le dieron prestigio, el prestigio le trajo patrocinadores. Es un c\u00edrculo virtuoso, pero todo empez\u00f3 con la inversi\u00f3n en la cantera\u201d.<\/p>\n<p class=\"paragraph\">El impacto de la pol\u00edtica de formaci\u00f3n de j\u00f3venes talentos fue determinante en la evoluci\u00f3n financiera del club paulista. En los \u00faltimos a\u00f1os, el <b>Palmeiras<\/b> obtuvo ingresos significativos gracias a la venta de futbolistas surgidos de su cantera, muchos de los cuales recibieron oportunidades en el primer equipo bajo la direcci\u00f3n de Abel Ferreira. Entre los nombres m\u00e1s destacados figuran <b>Kevin, Luis Guilherme, Endrick y Est\u00eav\u00e3o<\/b>, quienes protagonizaron traspasos a clubes europeos.<\/p>\n<div class=\"visual__image\"><picture><source srcset=\"https:\/\/www.infobae.com\/resizer\/v2\/2GGIEW2N3JAF5M3MUQ52WUU54E.JPG?auth=03dd6e78eaba5f086fd9791ed289e88d6900c37af19dd2aa54f6d7c607d182a5&amp;smart=true&amp;width=992&amp;height=696&amp;quality=85\" media=\"(min-width: 1000px)\"\/><source srcset=\"https:\/\/www.infobae.com\/resizer\/v2\/2GGIEW2N3JAF5M3MUQ52WUU54E.JPG?auth=03dd6e78eaba5f086fd9791ed289e88d6900c37af19dd2aa54f6d7c607d182a5&amp;smart=true&amp;width=768&amp;height=539&amp;quality=85\" media=\"(min-width: 768px)\"\/><source srcset=\"https:\/\/www.infobae.com\/resizer\/v2\/2GGIEW2N3JAF5M3MUQ52WUU54E.JPG?auth=03dd6e78eaba5f086fd9791ed289e88d6900c37af19dd2aa54f6d7c607d182a5&amp;smart=true&amp;width=577&amp;height=405&amp;quality=85\" media=\"(min-width: 580px)\"\/><source srcset=\"https:\/\/www.infobae.com\/resizer\/v2\/2GGIEW2N3JAF5M3MUQ52WUU54E.JPG?auth=03dd6e78eaba5f086fd9791ed289e88d6900c37af19dd2aa54f6d7c607d182a5&amp;smart=true&amp;width=420&amp;height=295&amp;quality=85\" media=\"(min-width: 350px)\"\/><source srcset=\"https:\/\/www.infobae.com\/resizer\/v2\/2GGIEW2N3JAF5M3MUQ52WUU54E.JPG?auth=03dd6e78eaba5f086fd9791ed289e88d6900c37af19dd2aa54f6d7c607d182a5&amp;smart=true&amp;width=350&amp;height=246&amp;quality=85\" media=\"(min-width: 80px)\"\/><img alt=\"Filipe Lu\u00eds y Abel Ferreira,\" class=\"global-image\" decoding=\"async\" fetchpriority=\"low\" height=\"2999\" loading=\"lazy\" src=\"https:\/\/www.infobae.com\/resizer\/v2\/2GGIEW2N3JAF5M3MUQ52WUU54E.JPG?auth=03dd6e78eaba5f086fd9791ed289e88d6900c37af19dd2aa54f6d7c607d182a5&amp;smart=true&amp;width=350&amp;height=246&amp;quality=85\" width=\"4273\"\/><\/picture><figcaption class=\"article-figcaption-img\">Filipe Lu\u00eds y Abel Ferreira, entrenadores de los dos finalistas de la Libertadores (REUTERS\/Ricardo Moraes)<\/figcaption><\/div>\n<p class=\"paragraph\">Las operaciones m\u00e1s relevantes han sido las ventas de <b>Endrick al Real Madrid y de Est\u00eav\u00e3o al Chelsea<\/b>, que en conjunto podr\u00edan aportar <b>103,5 millones de euros (unos 120 millones de d\u00f3lares)<\/b> a las arcas del Palmeiras, considerando tanto los pagos fijos como los bonos y objetivos vinculados al rendimiento de los jugadores.<\/p>\n<p class=\"paragraph\">Abel Ferreira profundiz\u00f3 en la importancia de estas transacciones para la estabilidad del club: \u201cLa venta de cuatro o cinco jugadores de la cantera ayud\u00f3 al club a estabilizarse financieramente. Hace dos a\u00f1os, nuestro presidente, junto con Barros, siempre dec\u00eda que tendr\u00edamos una gesti\u00f3n responsable. <b>Este a\u00f1o, s\u00ed, debido a las ventas que hicimos, de (Richard) R\u00edos y Est\u00eav\u00e3o, tuvimos que invertir para seguir compitiendo. Es solo una peque\u00f1a broma sobre c\u00f3mo se gana dinero (r\u00ede)\u201d<\/b>.<\/p>\n<p class=\"paragraph\">El entrenador del Palmeiras insisti\u00f3 en que el \u00e9xito econ\u00f3mico y deportivo del club es el resultado de una estrategia sostenida y no de circunstancias fortuitas. \u201cEl dinero se gana trabajando con procesos, creyendo en algo. Es f\u00e1cil, basta con ver al Palmeiras, c\u00f3mo han sido las cosas desde que llegamos. <b>Es un c\u00edrculo virtuoso. Invertir en el desarrollo de las categor\u00edas inferiores, t\u00edtulos, prestigio, aumentar el valor del club y la marca, patrocinios, f\u00fatbol que la gente disfruta viendo. Todo es un c\u00edrculo virtuoso\u201d<\/b>, concluy\u00f3 Abel Ferreira.<\/p>\n<p class=\"paragraph\">Las declaraciones de ambos entrenadores reflejaron la distancia que separa a los clubes brasile\u00f1os en t\u00e9rminos de recursos y la relevancia de la gesti\u00f3n institucional y la inversi\u00f3n en las divisiones juveniles como motor de crecimiento y competitividad en el f\u00fatbol nacional.<\/p>\n<\/div>\n<p><script defer=\"\">try{!function(f,b,e,v,n,t,s) {if(f.fbq)return;n=f.fbq=function(){n.callMethod? n.callMethod.apply(n,arguments):n.queue.push(arguments)}; if(!f._fbq)f._fbq=n;n.push=n;n.loaded=!0;n.version='2.0'; n.queue=[];t=b.createElement(e);t.async=!0; t.src=v;s=b.getElementsByTagName(e)[0]; s.parentNode.insertBefore(t,s)}(window, document,'script', ' fbq('init', '336383993555320'); fbq('track', 'PageView'); fbq('track', 'ViewContent');}catch(error){console.log(\"Error al inicializar facebookPixelRawCodeScript:\",error);}<\/script><\/p>\n","protected":false},"excerpt":{"rendered":"<p>La reciente comparaci\u00f3n entre el poder\u00edo econ\u00f3mico del Palmeiras y el Flamengo frente a otros clubes brasile\u00f1os gener\u00f3 un intercambio de declaraciones entre dos figuras destacadas del f\u00fatbol sudamericano. Abel Ferreira, entrenador del Palmeiras, respondi\u00f3 con iron\u00eda y an\u00e1lisis a los comentarios de Hern\u00e1n Crespo, t\u00e9cnico del S\u00e3o Paulo, quien hab\u00eda se\u00f1alado que ambos equipos [&hellip;]<\/p>\n","protected":false},"author":2,"featured_media":57367,"comment_status":"","ping_status":"","sticky":false,"template":"","format":"standard","meta":{"footnotes":""},"categories":[2],"tags":[],"_links":{"self":[{"href":"https:\/\/maxradio923.com.ar\/index.php\/wp-json\/wp\/v2\/posts\/57366"}],"collection":[{"href":"https:\/\/maxradio923.com.ar\/index.php\/wp-json\/wp\/v2\/posts"}],"about":[{"href":"https:\/\/maxradio923.com.ar\/index.php\/wp-json\/wp\/v2\/types\/post"}],"author":[{"embeddable":true,"href":"https:\/\/maxradio923.com.ar\/index.php\/wp-json\/wp\/v2\/users\/2"}],"replies":[{"embeddable":true,"href":"https:\/\/maxradio923.com.ar\/index.php\/wp-json\/wp\/v2\/comments?post=57366"}],"version-history":[{"count":0,"href":"https:\/\/maxradio923.com.ar\/index.php\/wp-json\/wp\/v2\/posts\/57366\/revisions"}],"wp:featuredmedia":[{"embeddable":true,"href":"https:\/\/maxradio923.com.ar\/index.php\/wp-json\/wp\/v2\/media\/57367"}],"wp:attachment":[{"href":"https:\/\/maxradio923.com.ar\/index.php\/wp-json\/wp\/v2\/media?parent=57366"}],"wp:term":[{"taxonomy":"category","embeddable":true,"href":"https:\/\/maxradio923.com.ar\/index.php\/wp-json\/wp\/v2\/categories?post=57366"},{"taxonomy":"post_tag","embeddable":true,"href":"https:\/\/maxradio923.com.ar\/index.php\/wp-json\/wp\/v2\/tags?post=57366"}],"curies":[{"name":"wp","href":"https:\/\/api.w.org\/{rel}","templated":true}]}}