{"id":5714,"date":"2023-10-03T00:44:19","date_gmt":"2023-10-03T03:44:19","guid":{"rendered":"https:\/\/maxradio923.com\/index.php\/2023\/10\/03\/valle-fertil-deslumbra-en-la-feria-internacional-de-turismo-fit2023\/"},"modified":"2023-10-03T00:44:19","modified_gmt":"2023-10-03T03:44:19","slug":"valle-fertil-deslumbra-en-la-feria-internacional-de-turismo-fit2023","status":"publish","type":"post","link":"https:\/\/maxradio923.com.ar\/index.php\/2023\/10\/03\/valle-fertil-deslumbra-en-la-feria-internacional-de-turismo-fit2023\/","title":{"rendered":"Valle F\u00e9rtil deslumbra en la Feria Internacional de Turismo FIT2023"},"content":{"rendered":"<p><img decoding=\"async\" src=\"https:\/\/diariod3.com\/inicio\/wp-content\/uploads\/2023\/10\/385766367_718351163653176_2357285121864878192_n-scaled.jpg\"\/><\/p>\n<p>Valle F\u00e9rtil, un tesoro escondido en la provincia de San Juan, se ha destacado en la Feria Internacional de Turismo FIT2023 como un destino que ha conquistado los corazones de miles de visitantes que han recorrido su stand. Con hierbas arom\u00e1ticas que despiertan los sentidos y dulces regionales que deleitan el paladar, Valle F\u00e9rtil ha demostrado ser un lugar \u00fanico y diferente dentro de la provincia.<\/p>\n<p><img decoding=\"async\" src=\"https:\/\/diariod3.com\/inicio\/wp-content\/uploads\/2023\/10\/385781268_718351186986507_8595499531927414774_n-scaled.jpg\"\/> <img decoding=\"async\" src=\"https:\/\/diariod3.com\/inicio\/wp-content\/uploads\/2023\/10\/385785937_718351136986512_8418495747324384018_n-scaled.jpg\"\/> <img decoding=\"async\" src=\"https:\/\/diariod3.com\/inicio\/wp-content\/uploads\/2023\/10\/385861927_718351106986515_8131645217696237034_n-scaled.jpg\"\/><\/p>\n<p>La FIT2023, que se desarrolla en San Juan, ha propuesto un formato innovador dividido en dos etapas. Los primeros dos d\u00edas estuvieron destinados al p\u00fablico en general, \u00e1vido de descubrir destinos para sus pr\u00f3ximas vacaciones. En este contexto, Valle F\u00e9rtil se destac\u00f3 como un lugar que cautiv\u00f3 a los visitantes con su oferta de experiencias \u00fanicas en la regi\u00f3n.<\/p>\n<p>Los visitantes que llegaron al stand de Valle F\u00e9rtil se sorprendieron gratamente al descubrir que este rinc\u00f3n de San Juan es notablemente diferente al resto de la provincia. Sus paisajes deslumbrantes, ricos en belleza natural y vida silvestre, ofrecen un contraste notable con otras regiones sanjuaninas. Adem\u00e1s, las hierbas arom\u00e1ticas locales y los dulces regionales se convirtieron en aut\u00e9nticos embajadores de la cultura y la gastronom\u00eda de Valle F\u00e9rtil.<\/p>\n<p>La segunda etapa de la FIT2023, que se enfoca en profesionales del turismo, promete ser un escenario propicio para el establecimiento de alianzas estrat\u00e9gicas y la promoci\u00f3n de Valle F\u00e9rtil como destino tur\u00edstico de primer nivel. Las reuniones y presentaciones de destinos desempe\u00f1ar\u00e1n un papel crucial en la consolidaci\u00f3n de este rinc\u00f3n de San Juan como una joya tur\u00edstica.<\/p>\n<p>Valle F\u00e9rtil ha demostrado en la FIT2023 que tiene mucho que ofrecer a los visitantes en t\u00e9rminos de belleza natural, cultura local y experiencias \u00fanicas. Este destino promete ser un atractivo destacado en el panorama tur\u00edstico de Argentina y espera recibir a m\u00e1s viajeros ansiosos de explorar sus tesoros ocultos en el futuro.<\/p>\n<p>La entrada <a href=\"https:\/\/diariod3.com\/inicio\/valle-fertil-deslumbra-en-la-feria-internacional-de-turismo-fit2023\/\" rel=\"noreferrer noopener\" target=\"_blank\">Valle F\u00e9rtil deslumbra en la Feria Internacional de Turismo FIT2023<\/a> se public\u00f3 primero en <a href=\"https:\/\/diariod3.com\/inicio\" rel=\"noreferrer noopener\" target=\"_blank\">DIARIO D3 NOTICIAS<\/a>.<\/p>\n","protected":false},"excerpt":{"rendered":"<p>Valle F\u00e9rtil, un tesoro escondido en la provincia de San Juan, se ha destacado en la Feria Internacional de Turismo FIT2023 como un destino que ha conquistado los corazones de miles de visitantes que han recorrido su stand. Con hierbas arom\u00e1ticas que despiertan los sentidos y dulces regionales que deleitan el paladar, Valle F\u00e9rtil ha [&hellip;]<\/p>\n","protected":false},"author":1,"featured_media":5715,"comment_status":"","ping_status":"","sticky":false,"template":"","format":"standard","meta":{"footnotes":""},"categories":[10],"tags":[],"_links":{"self":[{"href":"https:\/\/maxradio923.com.ar\/index.php\/wp-json\/wp\/v2\/posts\/5714"}],"collection":[{"href":"https:\/\/maxradio923.com.ar\/index.php\/wp-json\/wp\/v2\/posts"}],"about":[{"href":"https:\/\/maxradio923.com.ar\/index.php\/wp-json\/wp\/v2\/types\/post"}],"author":[{"embeddable":true,"href":"https:\/\/maxradio923.com.ar\/index.php\/wp-json\/wp\/v2\/users\/1"}],"replies":[{"embeddable":true,"href":"https:\/\/maxradio923.com.ar\/index.php\/wp-json\/wp\/v2\/comments?post=5714"}],"version-history":[{"count":0,"href":"https:\/\/maxradio923.com.ar\/index.php\/wp-json\/wp\/v2\/posts\/5714\/revisions"}],"wp:featuredmedia":[{"embeddable":true,"href":"https:\/\/maxradio923.com.ar\/index.php\/wp-json\/wp\/v2\/media\/5715"}],"wp:attachment":[{"href":"https:\/\/maxradio923.com.ar\/index.php\/wp-json\/wp\/v2\/media?parent=5714"}],"wp:term":[{"taxonomy":"category","embeddable":true,"href":"https:\/\/maxradio923.com.ar\/index.php\/wp-json\/wp\/v2\/categories?post=5714"},{"taxonomy":"post_tag","embeddable":true,"href":"https:\/\/maxradio923.com.ar\/index.php\/wp-json\/wp\/v2\/tags?post=5714"}],"curies":[{"name":"wp","href":"https:\/\/api.w.org\/{rel}","templated":true}]}}