{"id":5708,"date":"2023-10-03T00:34:16","date_gmt":"2023-10-03T03:34:16","guid":{"rendered":"https:\/\/maxradio923.com\/index.php\/2023\/10\/03\/massa-sobre-insaurralde-fue-un-error-grave-y-lo-pago-con-su-renuncia\/"},"modified":"2023-10-03T00:34:16","modified_gmt":"2023-10-03T03:34:16","slug":"massa-sobre-insaurralde-fue-un-error-grave-y-lo-pago-con-su-renuncia","status":"publish","type":"post","link":"https:\/\/maxradio923.com.ar\/index.php\/2023\/10\/03\/massa-sobre-insaurralde-fue-un-error-grave-y-lo-pago-con-su-renuncia\/","title":{"rendered":"Massa, sobre Insaurralde: \u00abFue un error grave y lo pag\u00f3 con su renuncia\u00bb"},"content":{"rendered":"<p><img decoding=\"async\" src=\"https:\/\/diariod3.com\/inicio\/wp-content\/uploads\/2023\/10\/sergio-massa-y-martin-insaurralde-1666026.jpg\"\/><\/p>\n<h2>El ministro de Econom\u00eda y candidato a presidente, Sergio Massa, estuvo en una entrevista televisiva tras el debate y habl\u00f3 de lo sucedido con Mart\u00edn Insaurralde.<\/h2>\n<p>El candidato a presidente de Uni\u00f3n por la Patria, Sergio <strong>Massa<\/strong>, indic\u00f3 que la filtraci\u00f3n de las fotos de Mart\u00edn Insaurralde fue \u00abun error grave y lo tuvo que pagar con su renuncia y su candidatura\u00bb.<\/p>\n<p>En di\u00e1logo con Jorge Rial, el ministro de Econom\u00eda se\u00f1al\u00f3: \u00abTen\u00edamos que demostrarle a la sociedad que no somos lo mismo. Pep\u00edn Rodr\u00edguez Sim\u00f3n sigue pr\u00f3fugo\u00bb.<\/p>\n<p>Explic\u00f3 que desde el espacio consideraron que pedir la renuncia de Insaurralde tanto al frente del gabinete de ministros de la provincia de Buenos Aires como a su candidatura a concejal de Lomas de Zamora era necesario y que \u00abdespeja la idea de que ac\u00e1 no pasa nada\u00bb. \u00abFrente a un error de esta magnitud lo mejor era resolver, cortar r\u00e1pido y darle una respuesta clara a la sociedad\u00bb, consider\u00f3 el candidato presidencial de UP.<\/p>\n<p>Al ser consultado sobre el tratamiento de la pol\u00e9mica en el debate presidencial de este domingo, consider\u00f3 que no se dio el espacio ya que \u00abla din\u00e1mica estuvo muy enfocada al tema econ\u00f3mico, luego educaci\u00f3n y al tema de derechos humanos y convivencia democr\u00e1tica, entonces era dif\u00edcil meter otras cuestiones. A mi tambi\u00e9n me cost\u00f3 armar otras diagonales\u00bb.<\/p>\n<p><strong>Esc\u00e1ndalo: Insaurralde renunci\u00f3 a su candidatura<\/strong><\/p>\n<p>Mart\u00edn Insaurralde present\u00f3 esta ma\u00f1ana su renuncia a la candidatura a intendente de Lomas de Zamora luego del pedido que hizo Sergio Massa en el debate presidencial, donde inst\u00f3 al dirigente bonaerense de declinar su postulaci\u00f3n. Ya hab\u00eda renunciado a su cargo como jefe de Gabinete de la provincia de Buenos Aires, puesto que ocupaba en el gobierno de Axel Kicillof.<\/p>\n<p>Insaurralde se vio envuelto en un esc\u00e1ndalo medi\u00e1tico este fin de semana despu\u00e9s de que la modelo Sof\u00eda Clerici difundiera fotos y videos de un viaje a Marbella con el dirigente en plena campa\u00f1a y a pocas semanas de las elecciones.<\/p>\n<p>\u201cComo no quiero que se me utilice para afectar al espacio pol\u00edtico en el proceso electoral, present\u00e9 hoy (por ayer) mi renuncia al cargo de jefe de Gabinete de la Provincia\u201d, expres\u00f3 el ahora exfuncionario al renunciar.<\/p>\n<p>Fuente: \u00c1MBITO<\/p>\n<p>Por: Graciela Herrera<\/p>\n<p>La entrada <a href=\"https:\/\/diariod3.com\/inicio\/massa-sobre-insaurralde-fue-un-error-grave-y-lo-pago-con-su-renuncia\/\" rel=\"noreferrer noopener\" target=\"_blank\">Massa, sobre Insaurralde: \u00abFue un error grave y lo pag\u00f3 con su renuncia\u00bb<\/a> se public\u00f3 primero en <a href=\"https:\/\/diariod3.com\/inicio\" rel=\"noreferrer noopener\" target=\"_blank\">DIARIO D3 NOTICIAS<\/a>.<\/p>\n","protected":false},"excerpt":{"rendered":"<p>El ministro de Econom\u00eda y candidato a presidente, Sergio Massa, estuvo en una entrevista televisiva tras el debate y habl\u00f3 de lo sucedido con Mart\u00edn Insaurralde. El candidato a presidente de Uni\u00f3n por la Patria, Sergio Massa, indic\u00f3 que la filtraci\u00f3n de las fotos de Mart\u00edn Insaurralde fue \u00abun error grave y lo tuvo que [&hellip;]<\/p>\n","protected":false},"author":2,"featured_media":5709,"comment_status":"","ping_status":"","sticky":false,"template":"","format":"standard","meta":{"footnotes":""},"categories":[12],"tags":[],"_links":{"self":[{"href":"https:\/\/maxradio923.com.ar\/index.php\/wp-json\/wp\/v2\/posts\/5708"}],"collection":[{"href":"https:\/\/maxradio923.com.ar\/index.php\/wp-json\/wp\/v2\/posts"}],"about":[{"href":"https:\/\/maxradio923.com.ar\/index.php\/wp-json\/wp\/v2\/types\/post"}],"author":[{"embeddable":true,"href":"https:\/\/maxradio923.com.ar\/index.php\/wp-json\/wp\/v2\/users\/2"}],"replies":[{"embeddable":true,"href":"https:\/\/maxradio923.com.ar\/index.php\/wp-json\/wp\/v2\/comments?post=5708"}],"version-history":[{"count":0,"href":"https:\/\/maxradio923.com.ar\/index.php\/wp-json\/wp\/v2\/posts\/5708\/revisions"}],"wp:featuredmedia":[{"embeddable":true,"href":"https:\/\/maxradio923.com.ar\/index.php\/wp-json\/wp\/v2\/media\/5709"}],"wp:attachment":[{"href":"https:\/\/maxradio923.com.ar\/index.php\/wp-json\/wp\/v2\/media?parent=5708"}],"wp:term":[{"taxonomy":"category","embeddable":true,"href":"https:\/\/maxradio923.com.ar\/index.php\/wp-json\/wp\/v2\/categories?post=5708"},{"taxonomy":"post_tag","embeddable":true,"href":"https:\/\/maxradio923.com.ar\/index.php\/wp-json\/wp\/v2\/tags?post=5708"}],"curies":[{"name":"wp","href":"https:\/\/api.w.org\/{rel}","templated":true}]}}