{"id":5706,"date":"2023-10-03T00:34:15","date_gmt":"2023-10-03T03:34:15","guid":{"rendered":"https:\/\/maxradio923.com\/index.php\/2023\/10\/03\/la-camara-electoral-dispuso-una-fecha-limite-para-justificar-el-no-haber-votado-en-las-paso\/"},"modified":"2023-10-03T00:34:15","modified_gmt":"2023-10-03T03:34:15","slug":"la-camara-electoral-dispuso-una-fecha-limite-para-justificar-el-no-haber-votado-en-las-paso","status":"publish","type":"post","link":"https:\/\/maxradio923.com.ar\/index.php\/2023\/10\/03\/la-camara-electoral-dispuso-una-fecha-limite-para-justificar-el-no-haber-votado-en-las-paso\/","title":{"rendered":"La C\u00e1mara Electoral dispuso una fecha l\u00edmite para justificar el no haber votado en las PASO"},"content":{"rendered":"<p><img decoding=\"async\" src=\"https:\/\/diariod3.com\/inicio\/wp-content\/uploads\/2023\/10\/urna_elecciones_votacion.jpg_1536916664.jpg\"\/><\/p>\n<p>Debido al alto ausentismo en las primarias del 13 de agosto, record\u00f3 cu\u00e1l es la fecha l\u00edmite para presentar la documentaci\u00f3n y evitar multas.<\/p>\n<figure>\n<figure><img decoding=\"async\" src=\"https:\/\/www.diariodecuyo.com.ar\/__export\/1691953680315\/sites\/diariodecuyo\/img\/2023\/08\/13\/urna_elecciones_votacion.jpg_1536916664.jpg\" alt=\"La C\u00e1mara Electoral dispuso una fecha l\u00edmite para justificar el no haber votado en las PASO - Elecciones 2023\"\/><\/figure>\n<\/figure>\n<p>Apenas 69% del electorado argentino concurri\u00f3 a las urnas en las PASO del 13 de agosto, lo que represent\u00f3 un aumento hist\u00f3rico del ausentismo en primarias presidenciales y la participaci\u00f3n electoral m\u00e1s baja desde que se instauraron las PASO, en 2011.<\/p>\n<p>Los ciudadanos que no hayan emitido su voto deber\u00e1n justificar su abstenci\u00f3n con la documentaci\u00f3n que acredite el motivo de la falta, ante la Secretar\u00eda Electoral correspondiente a su distrito o a la C\u00e1mara Nacional Electoral, o ingresar a <a href=\"https:\/\/infractores.padron.gov.ar\/\" rel=\"noreferrer noopener\" target=\"_blank\"><strong>https:\/\/infractores.padron.gov.ar\/<\/strong><\/a>, hasta 60 d\u00edas despu\u00e9s de la elecci\u00f3n.<\/p>\n<p>A partir de ello, los infractores deben pagar una multa que va de los $50 a los $500, seg\u00fan el art\u00edculo 125 del C\u00f3digo Electoral. De no pagarlo, seg\u00fan la misma norma, estar\u00e1 impedido de realizar tr\u00e1mites p\u00fablicos y a desempe\u00f1ar cargos p\u00fablicos, electivos o no, durante los pr\u00f3ximos tres a\u00f1os.<\/p>\n<p>La Constituci\u00f3n Nacional establece que en Argentina el voto es obligatorio para todas las personas que tengan entre 18 y 70 a\u00f1os, mientras que los electores de 16 y 17 a\u00f1os, como tambi\u00e9n los mayores de 70, pueden hacerlo de forma optativa.<\/p>\n<p><strong>Si no voto en las PASO, \u00bfpuedo votar el 22 de octubre?<\/strong><\/p>\n<p>No emitir un voto en las PASO no inhabilita al votante de poder ejercer su derecho en las elecciones octubre, por lo que tendr\u00e1 la obligaci\u00f3n de concurrir a las urnas como todo ciudadano empadronado. Sin embargo debe justificar su ausencia en las elecciones del 13 de agosto.<\/p>\n<p>Ese tr\u00e1mite se podr\u00e1 realizar hasta el 12 de octubre a trav\u00e9s de la p\u00e1gina web de la C\u00e1mara Nacional Electoral, donde se deber\u00e1 cargar el documento que avale la ausencia en las elecciones, junto a los datos personales del ciudadano.<\/p>\n<p>La entrada <a href=\"https:\/\/diariod3.com\/inicio\/la-camara-electoral-dispuso-una-fecha-limite-para-justificar-el-no-haber-votado-en-las-paso\/\" rel=\"noreferrer noopener\" target=\"_blank\">La C\u00e1mara Electoral dispuso una fecha l\u00edmite para justificar el no haber votado en las PASO<\/a> se public\u00f3 primero en <a href=\"https:\/\/diariod3.com\/inicio\" rel=\"noreferrer noopener\" target=\"_blank\">DIARIO D3 NOTICIAS<\/a>.<\/p>\n","protected":false},"excerpt":{"rendered":"<p>Debido al alto ausentismo en las primarias del 13 de agosto, record\u00f3 cu\u00e1l es la fecha l\u00edmite para presentar la documentaci\u00f3n y evitar multas. Apenas 69% del electorado argentino concurri\u00f3 a las urnas en las PASO del 13 de agosto, lo que represent\u00f3 un aumento hist\u00f3rico del ausentismo en primarias presidenciales y la participaci\u00f3n electoral [&hellip;]<\/p>\n","protected":false},"author":2,"featured_media":5707,"comment_status":"","ping_status":"","sticky":false,"template":"","format":"standard","meta":{"footnotes":""},"categories":[12],"tags":[],"_links":{"self":[{"href":"https:\/\/maxradio923.com.ar\/index.php\/wp-json\/wp\/v2\/posts\/5706"}],"collection":[{"href":"https:\/\/maxradio923.com.ar\/index.php\/wp-json\/wp\/v2\/posts"}],"about":[{"href":"https:\/\/maxradio923.com.ar\/index.php\/wp-json\/wp\/v2\/types\/post"}],"author":[{"embeddable":true,"href":"https:\/\/maxradio923.com.ar\/index.php\/wp-json\/wp\/v2\/users\/2"}],"replies":[{"embeddable":true,"href":"https:\/\/maxradio923.com.ar\/index.php\/wp-json\/wp\/v2\/comments?post=5706"}],"version-history":[{"count":0,"href":"https:\/\/maxradio923.com.ar\/index.php\/wp-json\/wp\/v2\/posts\/5706\/revisions"}],"wp:featuredmedia":[{"embeddable":true,"href":"https:\/\/maxradio923.com.ar\/index.php\/wp-json\/wp\/v2\/media\/5707"}],"wp:attachment":[{"href":"https:\/\/maxradio923.com.ar\/index.php\/wp-json\/wp\/v2\/media?parent=5706"}],"wp:term":[{"taxonomy":"category","embeddable":true,"href":"https:\/\/maxradio923.com.ar\/index.php\/wp-json\/wp\/v2\/categories?post=5706"},{"taxonomy":"post_tag","embeddable":true,"href":"https:\/\/maxradio923.com.ar\/index.php\/wp-json\/wp\/v2\/tags?post=5706"}],"curies":[{"name":"wp","href":"https:\/\/api.w.org\/{rel}","templated":true}]}}