{"id":5604,"date":"2023-10-02T14:07:53","date_gmt":"2023-10-02T17:07:53","guid":{"rendered":"https:\/\/maxradio923.com\/index.php\/2023\/10\/02\/san-juan-deslumbra-en-la-fit-2023-capital-del-enoturismo-y-vinos-de-altura-en-el-centro-de-la-escena-turistica\/"},"modified":"2023-10-02T14:07:53","modified_gmt":"2023-10-02T17:07:53","slug":"san-juan-deslumbra-en-la-fit-2023-capital-del-enoturismo-y-vinos-de-altura-en-el-centro-de-la-escena-turistica","status":"publish","type":"post","link":"https:\/\/maxradio923.com.ar\/index.php\/2023\/10\/02\/san-juan-deslumbra-en-la-fit-2023-capital-del-enoturismo-y-vinos-de-altura-en-el-centro-de-la-escena-turistica\/","title":{"rendered":"San Juan Deslumbra en la FIT 2023: Capital del Enoturismo y Vinos de Altura en el Centro de la Escena Tur\u00edstica"},"content":{"rendered":"<p><img decoding=\"async\" src=\"https:\/\/diariod3.com\/inicio\/wp-content\/uploads\/2023\/10\/53226361366_54ed3aa2da_b.jpg\"\/><br \/>\nCon casi 30 bodegas habilitadas, la provincia se posiciona como principal destino enotur\u00edstico del pa\u00eds.<\/p>\n<p><img decoding=\"async\" src=\"https:\/\/diariod3.com\/inicio\/wp-content\/uploads\/2023\/10\/53225486537_232439bb11_b.jpg\"\/> <img decoding=\"async\" src=\"https:\/\/diariod3.com\/inicio\/wp-content\/uploads\/2023\/10\/53226361366_54ed3aa2da_b.jpg\"\/> <img decoding=\"async\" src=\"https:\/\/diariod3.com\/inicio\/wp-content\/uploads\/2023\/10\/53226671613_005e5396f7_b.jpg\"\/><\/p>\n<p><a href=\"https:\/\/sisanjuan.b-cdn.net\/media\/k2\/items\/cache\/54a59094a0c021bf434759ace9f43536_XL.jpg\" rel=\"noreferrer noopener\" target=\"_blank\"><img decoding=\"async\" src=\"https:\/\/sisanjuan.b-cdn.net\/media\/k2\/items\/cache\/54a59094a0c021bf434759ace9f43536_L.jpg\" alt=\"San Juan, 2\u00b0 productor vitivin\u00edcola del pa\u00eds, hizo su presentaci\u00f3n en la FIT 2023\"\/> <\/a>Foto: Gast\u00f3n Rodr\u00edguez<\/p>\n<p>Este a\u00f1o, la Feria Internacional de Turismo se desarrolla en la ciudad de Buenos Aires, Argentina, y miles de visitantes tendr\u00e1n la posibilidad de descubrir qu\u00e9 hace \u00fanica a la experiencia de conocer San Juan.<\/p>\n<p>En este contexto es que, en horas de la tarde de este s\u00e1bado, el stand de la provincia tuvo su presentaci\u00f3n formal en la Feria Internacional de Turismo.<\/p>\n<p>Es por ello que \u201cArgentina Tierra de Vinos\u201d, como parte del plan de marketing y promoci\u00f3n para el mercado interno, busca brindar a los visitantes una verdadera experiencia inmersiva para conocer m\u00e1s sobre los vinos, las bodegas abiertas al turismo y la gastronom\u00eda de las provincias vitivin\u00edcolas de todo el pa\u00eds.<\/p>\n<p>Es as\u00ed que, en el stand y a trav\u00e9s de degustaciones, actividades interactivas y contenido educativo, se presentar\u00e1n especialistas, sommeliers y representantes de bodegas de San Juan y tambi\u00e9n de Mendoza, Chubut, R\u00edo Negro, Neuqu\u00e9n, La Pampa, Santiago del Estero, La Rioja, Tucum\u00e1n, Catamarca, Buenos Aires, Salta, San Luis, C\u00f3rdoba y Jujuy.<\/p>\n<p>Esto indica que el marco fue sumamente federal, con la participaci\u00f3n de todas las provincias vitivin\u00edcolas del pa\u00eds y cada provincia tuvo un espacio destinado para presentar sus vinos y su propuesta enotur\u00edstica.<\/p>\n<p>En cuanto a los representantes locales en la FIT de Buenos Aires, fueron el secretario de Turismo de San Juan, Roberto Ju\u00e1rez y el presidente de la C\u00e1mara de Turismo de Jachal, Julio P\u00e9rez.<\/p>\n<p>La idea fue poder mostrar las potencialidades de la provincia para elaborar vinos de calidad, por lo que se dieron a conocer los vinos de altura, que son distintos a los vinos que se producen en los valles sanjuaninos. Se hizo especial \u00e9nfasis en su elaboraci\u00f3n como producto de calidad, lo que convierte a San Juan en uno de los principales destinos enotur\u00edsticos.<\/p>\n<p>Por otro lado, destacaron las particularidades que aportan las condiciones edafoclim\u00e1ticas, en el caso de Pedernal y Calingasta, la mineralidad de los suelos y tambi\u00e9n el tipo de clima por la amplitud t\u00e9rmica marcada que hay en la zona.<\/p>\n<p>Por \u00faltimo, se procedi\u00f3 a la presentaci\u00f3n de dos vinos sanjuaninos: uno del Valle de Pedernal, que es el vino de Fachatados, un Malbec, y el otro del Valle de Calingasta, el vino tambi\u00e9n Malbec Casimiro.<\/p>\n<p>En lo que fue una verdadera jornada festiva, con m\u00e1s de 40 autoridades nacionales, provinciales, el p\u00fablico se acerc\u00f3 en gran masa al stand de San Juan para conocer sobre la oferta enotur\u00edstica y todas las actividades que se pueden realizar en torno a este tipo de turismo si deciden visitar la provincia.<\/p>\n<p>Los interesados podr\u00e1n visitar dicho stand incluso hasta el 3 de octubre en La Rural de Buenos Aires.<\/p>\n<p>La entrada <a href=\"https:\/\/diariod3.com\/inicio\/san-juan-deslumbra-en-la-fit-2023-capital-del-enoturismo-y-vinos-de-altura-en-el-centro-de-la-escena-turistica\/\" rel=\"noreferrer noopener\" target=\"_blank\">San Juan Deslumbra en la FIT 2023: Capital del Enoturismo y Vinos de Altura en el Centro de la Escena Tur\u00edstica<\/a> se public\u00f3 primero en <a href=\"https:\/\/diariod3.com\/inicio\" rel=\"noreferrer noopener\" target=\"_blank\">DIARIO D3 NOTICIAS<\/a>.<\/p>\n","protected":false},"excerpt":{"rendered":"<p>Con casi 30 bodegas habilitadas, la provincia se posiciona como principal destino enotur\u00edstico del pa\u00eds. Foto: Gast\u00f3n Rodr\u00edguez Este a\u00f1o, la Feria Internacional de Turismo se desarrolla en la ciudad de Buenos Aires, Argentina, y miles de visitantes tendr\u00e1n la posibilidad de descubrir qu\u00e9 hace \u00fanica a la experiencia de conocer San Juan. En este [&hellip;]<\/p>\n","protected":false},"author":1,"featured_media":5605,"comment_status":"","ping_status":"","sticky":false,"template":"","format":"standard","meta":{"footnotes":""},"categories":[10],"tags":[],"_links":{"self":[{"href":"https:\/\/maxradio923.com.ar\/index.php\/wp-json\/wp\/v2\/posts\/5604"}],"collection":[{"href":"https:\/\/maxradio923.com.ar\/index.php\/wp-json\/wp\/v2\/posts"}],"about":[{"href":"https:\/\/maxradio923.com.ar\/index.php\/wp-json\/wp\/v2\/types\/post"}],"author":[{"embeddable":true,"href":"https:\/\/maxradio923.com.ar\/index.php\/wp-json\/wp\/v2\/users\/1"}],"replies":[{"embeddable":true,"href":"https:\/\/maxradio923.com.ar\/index.php\/wp-json\/wp\/v2\/comments?post=5604"}],"version-history":[{"count":0,"href":"https:\/\/maxradio923.com.ar\/index.php\/wp-json\/wp\/v2\/posts\/5604\/revisions"}],"wp:featuredmedia":[{"embeddable":true,"href":"https:\/\/maxradio923.com.ar\/index.php\/wp-json\/wp\/v2\/media\/5605"}],"wp:attachment":[{"href":"https:\/\/maxradio923.com.ar\/index.php\/wp-json\/wp\/v2\/media?parent=5604"}],"wp:term":[{"taxonomy":"category","embeddable":true,"href":"https:\/\/maxradio923.com.ar\/index.php\/wp-json\/wp\/v2\/categories?post=5604"},{"taxonomy":"post_tag","embeddable":true,"href":"https:\/\/maxradio923.com.ar\/index.php\/wp-json\/wp\/v2\/tags?post=5604"}],"curies":[{"name":"wp","href":"https:\/\/api.w.org\/{rel}","templated":true}]}}