{"id":5602,"date":"2023-10-02T14:07:51","date_gmt":"2023-10-02T17:07:51","guid":{"rendered":"https:\/\/maxradio923.com\/index.php\/2023\/10\/02\/conoce-las-actividades-de-aventura-el-gran-atractivo-de-san-juan-en-fit\/"},"modified":"2023-10-02T14:07:51","modified_gmt":"2023-10-02T17:07:51","slug":"conoce-las-actividades-de-aventura-el-gran-atractivo-de-san-juan-en-fit","status":"publish","type":"post","link":"https:\/\/maxradio923.com.ar\/index.php\/2023\/10\/02\/conoce-las-actividades-de-aventura-el-gran-atractivo-de-san-juan-en-fit\/","title":{"rendered":"Conoc\u00e9 las actividades de aventura: el gran atractivo de San Juan en FIT"},"content":{"rendered":"<p><img decoding=\"async\" src=\"https:\/\/diariod3.com\/inicio\/wp-content\/uploads\/2023\/10\/53226441286_36404dc401_b.jpg\"\/><br \/>\nEl stand de la provincia fue uno de los m\u00e1s convocantes por sus actividades de aventura, artistas y degustaciones.<\/p>\n<p><a href=\"https:\/\/sisanjuan.b-cdn.net\/media\/k2\/items\/cache\/f2db53029f345ba176b85d6a0e0902a9_XL.jpg\" rel=\"noreferrer noopener\" target=\"_blank\"><img decoding=\"async\" src=\"https:\/\/sisanjuan.b-cdn.net\/media\/k2\/items\/cache\/f2db53029f345ba176b85d6a0e0902a9_L.jpg\" alt=\"Las actividades de aventura: el gran atractivo de San Juan en FIT\"\/><\/a><br \/>\n <img decoding=\"async\" src=\"https:\/\/diariod3.com\/inicio\/wp-content\/uploads\/2023\/10\/53226441151_220bbd27fc_b.jpg\"\/> <img decoding=\"async\" src=\"https:\/\/diariod3.com\/inicio\/wp-content\/uploads\/2023\/10\/53226441286_36404dc401_b.jpg\"\/><\/p>\n<p>Foto: Gast\u00f3n Rodr\u00edguez<\/p>\n<p>San Juan est\u00e1 presente en la Feria Internacional del Turismo que se realiza hasta el 3 de octubre en La Rural. La provincia tendr\u00e1 una oportunidad \u00fanica de mostrar la diversidad de su oferta tur\u00edstica y, adem\u00e1s de promocionar los diferentes atractivos, contar\u00e1 con juegos digitales, degustaciones y maridajes de productos regionales, charlas magistrales de expertos cient\u00edficos sobre productos tur\u00edsticos, actuaci\u00f3n de artistas sanjuaninos, entrega de merchandising, folletos de informaci\u00f3n tur\u00edstica y animaci\u00f3n.<\/p>\n<p>El stand cuenta con un circuito que recrea el parque a\u00e9reo que se inaugurar\u00e1 en breve en el Parque Quebrada de Zonda, un gran atractivo que contar\u00e1 con diferentes postas y juegos de aventura para diferentes edades.<\/p>\n<p>Los productos regionales acompa\u00f1ar\u00e1n la oferta con degustaciones dirigidas de gin elaborado en la provincia, de vinos y aceites de oliva con pasta de aceitunas, quesos y, como postre terminando la experiencia gastron\u00f3mica, helados de sabores con productos aut\u00f3ctonos de la provincia.<\/p>\n<p>Cabe destacar que San Juan particip\u00f3 dela presentaci\u00f3n de los vinos sanjuaninos en el Stand Argentina Tierra de Vinos junto al Ministerio de Turismo y deportes de Naci\u00f3n y Coviar. En esta actividad participaron Heber Tapia y Julio Perez que ambos son sommeliers presentamos la oferta de Enoturismos de San Juan.<\/p>\n<p><strong>Cronograma de actividades<\/strong><\/p>\n<p><strong>Domingo 1\/10<\/strong><\/p>\n<p><strong>15 hs:<\/strong> Degustaci\u00f3n de productos regionales.<br \/><strong>16 hs:<\/strong> Presentaci\u00f3n art\u00edstica.<br \/><strong>17 hs:<\/strong> Degustaci\u00f3n de Vinos.<br \/><strong>18:30 hs:<\/strong> Presentaci\u00f3n art\u00edstica.<br \/><strong>19 hs:<\/strong> Degustaci\u00f3n de Productos Regionales.<br \/><strong>20 hs:<\/strong> Degustaci\u00f3n de Gin elaborado en San Juan.<br \/>Animaci\u00f3n permanente y entrega de merchandising.<\/p>\n<p><strong>Lunes 02\/10<\/strong><\/p>\n<p><strong>10 hs:<\/strong> Apertura Stand solo a Publico Profesional del Turismo.<br \/><strong>15 hs:<\/strong> Degustaci\u00f3n de productos.<br \/><strong>16 hs:<\/strong> Rondas de Negocios.<br \/><strong>17 hs:<\/strong> Degustaci\u00f3n de Vinos.<br \/><strong>18 hs:<\/strong> Rondas de negocios.<br \/><strong>19 hs:<\/strong> Degustaci\u00f3n de Productos Regionales.<br \/><strong>20 hs:<\/strong> Degustaci\u00f3n de gin elaborado en San Juan. Entrega de merchandising.<\/p>\n<p><strong>Martes 3\/10<\/strong><\/p>\n<p><strong>10 hs:<\/strong> Apertura Stand solo a Publico Profesional del Turismo.<br \/><strong>13 hs:<\/strong> Presentaci\u00f3n de Promover Destinos en San Juan en stand Ministerio de Turismo Naci\u00f3n.<br \/><strong>15 hs:<\/strong> Degustaci\u00f3n de productos.<br \/><strong>16 hs:<\/strong> Rondas de Negocios.<br \/><strong>17 hs:<\/strong> Degustaci\u00f3n de Vinos.<br \/><strong>18 hs:<\/strong> Rondas de negocios.<br \/><strong>19 hs:<\/strong> Degustaci\u00f3n de Productos Regionales.<br \/><strong>20 hs:<\/strong> Degustaci\u00f3n de Gin elaborado en San Entrega de merchandising.<\/p>\n<p>La entrada <a href=\"https:\/\/diariod3.com\/inicio\/conoce-las-actividades-de-aventura-el-gran-atractivo-de-san-juan-en-fit\/\" rel=\"noreferrer noopener\" target=\"_blank\">Conoc\u00e9 las actividades de aventura: el gran atractivo de San Juan en FIT<\/a> se public\u00f3 primero en <a href=\"https:\/\/diariod3.com\/inicio\" rel=\"noreferrer noopener\" target=\"_blank\">DIARIO D3 NOTICIAS<\/a>.<\/p>\n","protected":false},"excerpt":{"rendered":"<p>El stand de la provincia fue uno de los m\u00e1s convocantes por sus actividades de aventura, artistas y degustaciones. Foto: Gast\u00f3n Rodr\u00edguez San Juan est\u00e1 presente en la Feria Internacional del Turismo que se realiza hasta el 3 de octubre en La Rural. La provincia tendr\u00e1 una oportunidad \u00fanica de mostrar la diversidad de su [&hellip;]<\/p>\n","protected":false},"author":1,"featured_media":5603,"comment_status":"","ping_status":"","sticky":false,"template":"","format":"standard","meta":{"footnotes":""},"categories":[10],"tags":[],"_links":{"self":[{"href":"https:\/\/maxradio923.com.ar\/index.php\/wp-json\/wp\/v2\/posts\/5602"}],"collection":[{"href":"https:\/\/maxradio923.com.ar\/index.php\/wp-json\/wp\/v2\/posts"}],"about":[{"href":"https:\/\/maxradio923.com.ar\/index.php\/wp-json\/wp\/v2\/types\/post"}],"author":[{"embeddable":true,"href":"https:\/\/maxradio923.com.ar\/index.php\/wp-json\/wp\/v2\/users\/1"}],"replies":[{"embeddable":true,"href":"https:\/\/maxradio923.com.ar\/index.php\/wp-json\/wp\/v2\/comments?post=5602"}],"version-history":[{"count":0,"href":"https:\/\/maxradio923.com.ar\/index.php\/wp-json\/wp\/v2\/posts\/5602\/revisions"}],"wp:featuredmedia":[{"embeddable":true,"href":"https:\/\/maxradio923.com.ar\/index.php\/wp-json\/wp\/v2\/media\/5603"}],"wp:attachment":[{"href":"https:\/\/maxradio923.com.ar\/index.php\/wp-json\/wp\/v2\/media?parent=5602"}],"wp:term":[{"taxonomy":"category","embeddable":true,"href":"https:\/\/maxradio923.com.ar\/index.php\/wp-json\/wp\/v2\/categories?post=5602"},{"taxonomy":"post_tag","embeddable":true,"href":"https:\/\/maxradio923.com.ar\/index.php\/wp-json\/wp\/v2\/tags?post=5602"}],"curies":[{"name":"wp","href":"https:\/\/api.w.org\/{rel}","templated":true}]}}