{"id":5592,"date":"2023-10-02T14:02:05","date_gmt":"2023-10-02T17:02:05","guid":{"rendered":"https:\/\/maxradio923.com\/index.php\/2023\/10\/02\/calendario-electoral-2023-cuando-se-vota-para-presidente-en-la-argentina-2\/"},"modified":"2023-10-02T18:14:02","modified_gmt":"2023-10-02T21:14:02","slug":"calendario-electoral-2023-cuando-se-vota-para-presidente-en-la-argentina-2","status":"publish","type":"post","link":"https:\/\/maxradio923.com.ar\/index.php\/2023\/10\/02\/calendario-electoral-2023-cuando-se-vota-para-presidente-en-la-argentina-2\/","title":{"rendered":"Calendario electoral 2023: cu\u00e1ndo se vota para presidente en la Argentina"},"content":{"rendered":"<p><img decoding=\"async\" src=\"https:\/\/diariod3.com\/inicio\/wp-content\/uploads\/2023\/10\/urna-elecciones-2023.jpg\"\/><\/p>\n<h2>Los argentinos ya votaron en el marco de las elecciones Primarias, Abiertas, Simult\u00e1neas y Obligatorias (PASO). \u00bfC\u00f3mo sigue el calendario electoral rumbo a los comicios generales?<\/h2>\n<figure><img decoding=\"async\" src=\"https:\/\/media.ambito.com\/p\/43c3a0a1e80ad8e8a2e55c83ae1d4e2e\/adjuntos\/239\/imagenes\/040\/072\/0040072100\/urna-elecciones-2023.jpg\" alt=\"Elecciones 2023.\"\/><figcaption>\n<p>Elecciones 2023.<\/p>\n<p>NA<\/p>\n<\/figcaption><\/figure>\n<p>Despu\u00e9s de la realizaci\u00f3n de las <strong>elecciones Primarias, Abiertas, Simult\u00e1neas y Obligatorias (PASO)<\/strong>, Los <strong>argentinos<\/strong> volver\u00e1n a las <strong>urnas<\/strong> por segunda vez este a\u00f1o para <strong>elegir presidente de la Naci\u00f3n<\/strong>, que asumir\u00e1 el pr\u00f3ximo 10 de diciembre. Adem\u00e1s se renovar\u00e1 la mitad del <strong>Congreso nacional<\/strong>, y tambi\u00e9n se votar\u00e1n <strong>gobernadores, legisladores, y otros cargos provinciales<\/strong> y municipales.<\/p>\n<p>Las Generales, en tanto, se llevar\u00e1n a cabo el cuarto domingo de octubre, que este a\u00f1o es el <strong>22 de octubre<\/strong>.<\/p>\n<p>Para ser electo presidente en primera vuelta, el candidato m\u00e1s votado<strong> debe obtener el 45% de los sufragios o el 40% y una diferencia de 10 puntos<\/strong> con el segundo postulante. Caso contrario habr\u00e1 balotaje, que seg\u00fan la ley debe realizarse dentro de los 30 d\u00edas de realizada la elecci\u00f3n general.<\/p>\n<h2>Elecciones 2023: \u00bfQu\u00e9 se vota en Argentina?<\/h2>\n<p>En concreto, adem\u00e1s de<strong> Presidente y Vicepresidente, se votar\u00e1 jefe de Gobierno <\/strong>de la Ciudad Aut\u00f3noma de Buenos Aires, y 21 gobernaciones (las excepciones son Santiago del Estero y Corrientes, que votaron en 2021).<\/p>\n<p>En cuanto al Congreso, <strong>se renuevan 130 bancas en Diputados y 24 en el Senado<\/strong>.En las provincias se votar\u00e1, adem\u00e1s de gobernadores, intendentes, legisladores, y concejales municipales, entre otros cargos electivos.<\/p>\n<p>En cuanto a los 24 nuevos senadores que se elegir\u00e1n en las elecciones de 2023, <strong>11 son de Juntos por el Cambio, 10 del Frente de Todos y 2 de Unidad Federal<\/strong>, los cuales est\u00e1n repartidos en 8 provincias distintas: <strong>Provincia de Buenos Aires, Formosa, Jujuy, Misiones, La Rioja, San Luis, San Juan y Santa Cruz.<\/strong><\/p>\n<p><img decoding=\"async\" src=\"https:\/\/media.ambito.com\/p\/eba2e44bc5f67187fc8c9abf54559048\/adjuntos\/239\/imagenes\/036\/039\/0036039238\/urnas-votos-eleccionesjpg.jpg?0000-00-00-00-00-00\"\/><br \/>\nAgencia Noticias Argentinas<\/p>\n<h2>Elecciones 2023: c\u00f3mo sigue el cronograma electoral<\/h2>\n<ul>\n<li><strong>15 de agosto<\/strong>: se dar\u00e1 a conocer el escrutinio definitivo de las elecciones Primarias, Abiertas, Simult\u00e1neas y Obligatorias (PASO).<\/li>\n<li><strong>2 de septiembre<\/strong>: comienzo de la campa\u00f1a electoral para las generales.<\/li>\n<li><strong>17 de septiembre<\/strong>: comienzo de la campa\u00f1a en medios de comunicaci\u00f3n.<\/li>\n<li><strong>22 de septiembre: <\/strong>publicaci\u00f3n oficial del padr\u00f3n definitivo.<\/li>\n<li><strong>27 de septiembre<\/strong>: prohibici\u00f3n de actos p\u00fablicos que busquen captar el voto.<\/li>\n<li><strong>1 de octubre<\/strong>: primer debate presidencial obligatorio.<\/li>\n<li><strong>8 de octubre<\/strong>: segundo debate presidencial obligatorio.<\/li>\n<li><strong>20 de octubre<\/strong>: fin de la campa\u00f1a y comienzo de la veda electoral.<\/li>\n<li><strong>22 de octubre<\/strong>: elecciones generales.<\/li>\n<li><strong>12 de noviembre<\/strong>: en caso de una segunda vuelta, se organizar\u00e1 el debate presidencial obligatorio.<\/li>\n<li><strong>19 de noviembre<\/strong>: posible balotaje.<\/li>\n<\/ul>\n<h2>Elecciones 2023: despu\u00e9s de la PASO, \u00bfqu\u00e9 provincias votar\u00e1n a sus gobernadores?<\/h2>\n<p>Despu\u00e9s de la realizaci\u00f3n de las elecciones primarias a nivel nacional, <strong>tres provincias del interior argentino definir\u00e1n<\/strong> a sus gobernadores:<\/p>\n<ul>\n<li>Santa Fe: la provincia de <strong>Santa Fe <\/strong>ya vot\u00f3 en las PASO de sus cargos locales: tanto<strong> las primarias provinciales como las municipales<\/strong> se desarrollaron en fechas desdobladas a los comicios nacionales, mientras que las generales de la provincia se llevar\u00e1 a cabo <strong>el 10 de septiembre<\/strong>.<\/li>\n<li>Chaco: el pasado domingo 18 de junio, los chaque\u00f1os fueron a las urnas en el marco de las PASO provinciales, donde se definieron los candidatos a <strong>gobernador y vice, legisladores provinciales, intendentes y concejales <\/strong>de todos los municipios de cara los comicios generales de la provincia, estipulados para el 17 de septiembre.<\/li>\n<li>Mendoza: el <strong>24 de septiembre<\/strong> es la fecha fijada para las <strong>elecciones generales en Mendoza<\/strong>, donde se elegir\u00e1n los cargos de gobernador, vicegobernador, senadores y diputados provinciales.<\/li>\n<\/ul>\n<h2>Elecciones 2023: \u00bfpuedo votar en las generales si no vot\u00e9 en las PASO?<\/h2>\n<p>Todos los ciudadanos a votar en las elecciones de este a\u00f1o y que figuren en el Registro Nacional de Electores tendr\u00e1n la posibilidad de votar en los comicios generales. Es decir, si un elector no concurre a la votaci\u00f3n en las PASO del 13 de agosto, <strong>est\u00e1 obligado a participar de igual manera el 22 de octubre<\/strong>, seg\u00fan indica el Ministerio de Justicia y Derechos Humanos de la Naci\u00f3n.<\/p>\n<p>\u00danicamente estar\u00e1n exceptuados de votar los argentinos que pertenezcan a los siguientes grupos:<\/p>\n<ul>\n<li>Personas <strong>mayores de 16 y menores de 18 a\u00f1os.<\/strong><\/li>\n<li>Personas <strong>mayores de 70<\/strong> a\u00f1os.<\/li>\n<li><strong>Jueces y auxiliares <\/strong>que se encuentren en funciones durante la elecci\u00f3n.<\/li>\n<li>Quienes vivan <strong>a m\u00e1s de 500 kil\u00f3metros del lugar de votaci\u00f3n<\/strong> y posean una justificaci\u00f3n v\u00e1lida que les impida el traslado.<\/li>\n<li>Personas <strong>enfermas o imposibilitadas de ejercer el sufragio<\/strong> por motivos de fuerza mayor. En este caso tambi\u00e9n se deber\u00e1 presentar una justificaci\u00f3n.<\/li>\n<li><strong>Personal que integre organismos o empresas de servicios p\u00fablicos<\/strong> que cumplan funciones durante el d\u00eda de la elecci\u00f3n.<\/li>\n<\/ul>\n<h2>D\u00f3nde voto: padr\u00f3n electoral 2023<\/h2>\n<p>Ya se encuentra disponible la p\u00e1gina web por donde podr\u00e1s consultar toda la informaci\u00f3n necesaria para la <strong>votaci\u00f3n,<\/strong> ya sea en tu provincia o a nivel nacional:<\/p>\n<h2>Elecciones 2023: c\u00f3mo consultar los resultados de las PASO<\/h2>\n<p>A dos d\u00edas del desarrollo de las <strong>Primarias Abiertas, Simult\u00e1neas y Obligatorias (PASO),<\/strong> surgen varias preguntas en cuanto al acceso de los datos precisos de los resultados de las pr\u00f3ximas <strong>elecciones<\/strong> en nuestro pa\u00eds.<\/p>\n<p>Por tal motivo, la <strong>Direcci\u00f3n Nacional Electoral (DINE) junto al Observatorio Pol\u00edtico Electoral del Ministerio del Interior <\/strong>prepararon una <strong>herramienta muy \u00fatil que servir\u00e1 para despejar todo tipo de dudas.<\/strong><\/p>\n<p>En ese sentido, fuentes de la <strong>Direcci\u00f3n Nacional Electoral (DINE)<\/strong> afirman que se pueden consultar datos de todas las elecciones <strong>a partir de 2011.<\/strong><\/p>\n<p>Quien quiera acceder a dicha herramienta debe ingresar a <strong>https:\/\/resultados.mininterior.gob.ar\/.<\/strong><\/p>\n<p><img decoding=\"async\" src=\"https:\/\/media.ambito.com\/p\/e337e1a9f980fe4197fcf0aeb500ef24\/adjuntos\/239\/imagenes\/036\/756\/0036756602\/pag-urnasjpg.jpg?0000-00-00-00-00-00\" alt=\"Miles de personas con discapacidades votar\u00e1n en estas elecciones. \"\/><br \/>\nMiles de personas con discapacidades votar\u00e1n en estas elecciones.<br \/>\nImagen: Noticias Argentinas.<\/p>\n<h2>Cu\u00e1les son los documentos v\u00e1lidos para votar<\/h2>\n<p>Seg\u00fan la Direcci\u00f3n Nacional Electoral (DNI), ente dependiente del Ministerio del Interior y organizador oficial de las Elecciones 2023 en Argentina, son 5 los documentos v\u00e1lidos para vota:<\/p>\n<ul>\n<li><strong>DNI libreta verde<\/strong> y <strong>libreta celeste<\/strong><\/li>\n<li><strong>DNI tarjeta<\/strong> (incluso el que dice \u201cno v\u00e1lido para votar\u201d)<\/li>\n<li><strong>Libreta de enrolamiento<\/strong><\/li>\n<li><strong>Libreta c\u00edvica<\/strong><\/li>\n<\/ul>\n<p>La p\u00e1gina oficial del gobierno nacional establece que \u00abse vota con el documento c\u00edvico que <strong>figura en el padr\u00f3n electoral, o con una versi\u00f3n posterior del mismo<\/strong>. Si concurr\u00eds a votar con un documento anterior al que consta en el padr\u00f3n, no podr\u00e1s votar. El DNI en el celular no es v\u00e1lido para votar\u00bb. Adem\u00e1s, se aclara que no se considera probatorio de la identidad ning\u00fan comprobante de documento en tr\u00e1mite.<\/p>\n<h2>Elecciones 2023: d\u00f3nde voto, provincia por provincia<\/h2>\n<h3>D\u00f3nde voto CABA<\/h3>\n<p>La <strong>Ciudad de Buenos Aires<\/strong> contar\u00e1 con simultaneidad con las fechas nacionales. Sin embargo, por disposici\u00f3n del<strong> jefe de Gobierno, Horacio Rodr\u00edguez Larreta<\/strong>, los porte\u00f1os tendr\u00e1n <strong>elecciones concurrentes:<\/strong> los cargos nacionales se votar\u00e1n con boleta de papel, mientras que para los cargos locales se utilizar\u00e1 la <strong>Boleta \u00danica Electr\u00f3nica (BUE)<\/strong>.<\/p>\n<p>En la Ciudad de Buenos Aires se elige, adem\u00e1s de los candidatos a presidente y vice, los candidatos a:<\/p>\n<ul>\n<li><strong>Jefe de Gobierno<\/strong><\/li>\n<li>30 <strong>legisladores<\/strong><\/li>\n<li>7 miembros titulares y sus suplentes por cada una de las 15 <strong>Juntas Comunales<\/strong><\/li>\n<\/ul>\n<p>Para acceder al padr\u00f3n de la Ciudad de Buenos Aires, hac\u00e9 click ac\u00e1.<\/p>\n<h3>D\u00f3nde voto Provincia de Buenos Aires<\/h3>\n<p><strong>Buenos Aires deber\u00e1 elegir entre los candidatos a gobernador el pr\u00f3ximo 22 de octubre<\/strong>, misma fecha que las generales presidenciales, tal como lo determina la ley provincial. All\u00ed, los bonaerenses votar\u00e1n por los candidatos a jefe de gobierno, legisladores provinciales e intendentes municipales, entre otros cargos.<\/p>\n<p>En las generales del 22 de octubre<strong> Buenos Aires<\/strong> elige candidatos a:<\/p>\n<ul>\n<li>Gobernador y vicegobernador<\/li>\n<li>23 senadores provinciales y 16 suplentes<\/li>\n<li>46 diputados provinciales y 28 suplentes<\/li>\n<li>135 intendentes<\/li>\n<li>1097 concejales titulares y 706 suplentes<\/li>\n<\/ul>\n<p>Para acceder al padr\u00f3n de la Provincia de Buenos Aires, hac\u00e9 click ac\u00e1.<\/p>\n<h3>D\u00f3nde voto C\u00f3rdoba<\/h3>\n<p>La provincia de <strong>C\u00f3rdoba<\/strong> ya vot\u00f3 sus cargos locales: tanto<strong> las elecciones provinciales como las municipales<\/strong> se desarrollaron en fechas desdobladas a los comicios nacionales.<\/p>\n<p>En este contexto, los cordobeses ir\u00e1n a las urnas por cuarta vez en el a\u00f1o <strong>para elegir a los candidatos nacionales este 22 de octubre<\/strong>.<\/p>\n<p>Para acceder al padr\u00f3n de la C\u00f3rdoba, hac\u00e9 click ac\u00e1.<\/p>\n<h3>D\u00f3nde voto Santa Fe<\/h3>\n<p>La provincia de <strong>Santa Fe <\/strong>ya vot\u00f3 en las PASO de sus cargos locales: tanto<strong> las primarias provinciales como las municipales<\/strong> se desarrollaron en fechas desdobladas a los comicios nacionales, mientras que las generales de la provincia se llevar\u00e1 a cabo <strong>el 10 de septiembre<\/strong>.<\/p>\n<p>Despu\u00e9s de las primarias santafesinas, los electores de esa provincia ir\u00e1n a las urnas por cuarta vez en el a\u00f1o <strong>para elegir a los candidatos nacionales este 22 de octubre<\/strong>. La provincia renovar\u00e1, adem\u00e1s,<strong> 10 cargos a diputados <\/strong>nacionales.<\/p>\n<p>Para acceder al padr\u00f3n de Santa Fe, hac\u00e9 click ac\u00e1.<\/p>\n<h3>D\u00f3nde voto Tucum\u00e1n<\/h3>\n<p>Con el apoyo del gobernador<strong> Juan Manzur<\/strong> y del PJ local, el actual vicegobernador de Tucum\u00e1n, <strong>Osvaldo Jaldo<\/strong>, gan\u00f3 las elecciones con el <strong>58,18%,<\/strong> logrando as\u00ed una amplia diferencia sobre sus adversarios, de m\u00e1s de 20 puntos, y convirti\u00e9ndose en el pr\u00f3ximo mandatario local. Adem\u00e1s se eligieron <strong>49 legisladores provinciales<\/strong>, 19 intendentes, 184 concejales y 93 comisionados comunales.<\/p>\n<p>En las generales, adem\u00e1s de definir para los cargos presidenciales, la provincia de Tucum\u00e1n votar\u00e1 para el Congreso por<strong> 5 diputados nacionales.<\/strong><\/p>\n<p>Para acceder al padr\u00f3n de Tucum\u00e1n, hac\u00e9 click ac\u00e1<a href=\"https:\/\/www.ambito.com\/politica\/donde-voto-tucuman-consulta-el-padron-electoral-las-elecciones-2023-n5718280\" rel=\"noreferrer noopener\" target=\"_blank\">.<\/a><\/p>\n<h3>D\u00f3nde voto Mendoza<\/h3>\n<p>Seg\u00fan el <strong>Tribunal Electoral de Mendoza<\/strong>, pod\u00e9s acceder a la informaci\u00f3n clave para ir a votar a trav\u00e9s de la web oficial e ingresando <strong>n\u00famero de documento, g\u00e9nero y un c\u00f3digo de seguridad<\/strong>. De esa forma conseguir\u00e1s tu<strong> sede de votaci\u00f3n, el n\u00famero de mesa y el n\u00famero de orden<\/strong>.<\/p>\n<p>Para acceder al padr\u00f3n de Mendoza, hac\u00e9 click ac\u00e1.<\/p>\n<h2>Las \u00faltimas novedades de las Elecciones 2023 en Argentina<\/h2>\n<p>Patricia Bullrich y su propuesta econ\u00f3mica en el Debate. \u00abTodos pedimos a gritos terminar con la angustia en la que estamos viviendo. <strong>Nadie en la Argentina aguanta m\u00e1s. Correr detr\u00e1s de los precios, del d\u00f3lar, de los sueldos que no alcanzan<\/strong>, del dinero que no te sirve, de los jubilados que est\u00e1n por debajo de la l\u00ednea de pobreza. Conmigo esto se acaba. Voy a borrar del mapa la inflaci\u00f3n sin atajos, sin mentiras, sin cuentitos. Desde el primer d\u00eda voy a poner orden en los temas que voy a plantear\u00bb, afirm\u00f3 la exministra de Seguridad de la Naci\u00f3n.<\/p>\n<p>\u00abTres temas b\u00e1sicos: el primero, un programa claro y concreto, integral, que soluciones todos los <strong>problemas de fondo de la Argentina, ese programa lo tengo. <\/strong>Segundo, un<strong> equipo econ\u00f3mico coherente y honesto, <\/strong>con <strong>Carlos Melconian a la cabeza. Ese equipo, ese liderazgo y esa realidad ya la tengo. Lo tengo a Carlos Melconian. Tercero, la decisi\u00f3n pol\u00edtica, el temperamento y el coraje para hacer los cambios que la Argentina necesita, y ustedes saben que yo lo tengo. Ustedes han inventado y siguen con la inflaci\u00f3n, yo voy a eliminar la inflaci\u00f3n\u00bb,<\/strong> precis\u00f3.<\/p>\n<p><strong>\u00abCrecer y exportar es lo que te beneficia si no ten\u00e9s inflaci\u00f3n. <\/strong>Ten\u00e9s menos posibilidades de <strong>cerrar empresas, ten\u00e9s m\u00e1s posibilidades de generar empleo, de lograr un pa\u00eds competitivo<\/strong>, de cada uno de los sectores de la producci\u00f3n avance. Cuando no hay inflaci\u00f3n compr\u00e1s sin sorpresas. Pod\u00e9s comprar una casa y sin inflaci\u00f3n no la compr\u00e1s, es as\u00ed de simple y duro. <strong>Por eso, nosotros queremos terminar con la incertidumbre de la inflaci\u00f3n. Tenemos un trabajo claro: vamos a terminar con la inflaci\u00f3n. Esta es una oportunidad hist\u00f3rica.<\/strong> Estoy lista para hacerlo\u00bb, cerr\u00f3.<\/p>\n<p>La entrada <a href=\"https:\/\/diariod3.com\/inicio\/calendario-electoral-2023-cuando-se-vota-para-presidente-en-la-argentina-3\/\" rel=\"noreferrer noopener\" target=\"_blank\">Calendario electoral 2023: cu\u00e1ndo se vota para presidente en la Argentina<\/a> se public\u00f3 primero en <a href=\"https:\/\/diariod3.com\/inicio\" rel=\"noreferrer noopener\" target=\"_blank\">DIARIO D3 NOTICIAS<\/a>.<\/p>\n","protected":false},"excerpt":{"rendered":"<p>Los argentinos ya votaron en el marco de las elecciones Primarias, Abiertas, Simult\u00e1neas y Obligatorias (PASO). \u00bfC\u00f3mo sigue el calendario electoral rumbo a los comicios generales? Elecciones 2023. NA Despu\u00e9s de la realizaci\u00f3n de las elecciones Primarias, Abiertas, Simult\u00e1neas y Obligatorias (PASO), Los argentinos volver\u00e1n a las urnas por segunda vez este a\u00f1o para elegir [&hellip;]<\/p>\n","protected":false},"author":2,"featured_media":5651,"comment_status":"closed","ping_status":"","sticky":false,"template":"","format":"standard","meta":{"footnotes":""},"categories":[12],"tags":[],"_links":{"self":[{"href":"https:\/\/maxradio923.com.ar\/index.php\/wp-json\/wp\/v2\/posts\/5592"}],"collection":[{"href":"https:\/\/maxradio923.com.ar\/index.php\/wp-json\/wp\/v2\/posts"}],"about":[{"href":"https:\/\/maxradio923.com.ar\/index.php\/wp-json\/wp\/v2\/types\/post"}],"author":[{"embeddable":true,"href":"https:\/\/maxradio923.com.ar\/index.php\/wp-json\/wp\/v2\/users\/2"}],"replies":[{"embeddable":true,"href":"https:\/\/maxradio923.com.ar\/index.php\/wp-json\/wp\/v2\/comments?post=5592"}],"version-history":[{"count":1,"href":"https:\/\/maxradio923.com.ar\/index.php\/wp-json\/wp\/v2\/posts\/5592\/revisions"}],"predecessor-version":[{"id":5620,"href":"https:\/\/maxradio923.com.ar\/index.php\/wp-json\/wp\/v2\/posts\/5592\/revisions\/5620"}],"wp:featuredmedia":[{"embeddable":true,"href":"https:\/\/maxradio923.com.ar\/index.php\/wp-json\/wp\/v2\/media\/5651"}],"wp:attachment":[{"href":"https:\/\/maxradio923.com.ar\/index.php\/wp-json\/wp\/v2\/media?parent=5592"}],"wp:term":[{"taxonomy":"category","embeddable":true,"href":"https:\/\/maxradio923.com.ar\/index.php\/wp-json\/wp\/v2\/categories?post=5592"},{"taxonomy":"post_tag","embeddable":true,"href":"https:\/\/maxradio923.com.ar\/index.php\/wp-json\/wp\/v2\/tags?post=5592"}],"curies":[{"name":"wp","href":"https:\/\/api.w.org\/{rel}","templated":true}]}}