{"id":5590,"date":"2023-10-02T14:02:03","date_gmt":"2023-10-02T17:02:03","guid":{"rendered":"https:\/\/maxradio923.com\/index.php\/2023\/10\/02\/banco-central-dolarizacion-inflacion-y-fmi-fueron-los-ejes-del-debate-economico\/"},"modified":"2023-10-02T18:14:01","modified_gmt":"2023-10-02T21:14:01","slug":"banco-central-dolarizacion-inflacion-y-fmi-fueron-los-ejes-del-debate-economico","status":"publish","type":"post","link":"https:\/\/maxradio923.com.ar\/index.php\/2023\/10\/02\/banco-central-dolarizacion-inflacion-y-fmi-fueron-los-ejes-del-debate-economico\/","title":{"rendered":"Banco Central, dolarizaci\u00f3n, inflaci\u00f3n y FMI fueron los ejes del debate econ\u00f3mico"},"content":{"rendered":"<p><img decoding=\"async\" src=\"https:\/\/diariod3.com\/inicio\/wp-content\/uploads\/2023\/10\/651a2aa66674c_1200.jpg\"\/><\/p>\n<p>Los candidatos presidenciales hablaron sobre la necesidad de una reforma tributaria, el rol de las empresas p\u00fablicas, el control de los precios y la creaci\u00f3n de una moneda digital, entre otros temas.<\/p>\n<h2>Massa anunci\u00f3 que crear\u00e1 una \u00abmoneda digital argentina\u00bb y un nuevo blanqueo<\/h2>\n<p>El futuro del Banco Central, la dolarizaci\u00f3n, la inflaci\u00f3n, el rol de las empresas p\u00fablicas, la creaci\u00f3n de una moneda digital, la renegociaci\u00f3n del acuerdo con el FMI y la necesidad de una reforma tributaria fueron los ejes de discusi\u00f3n del cap\u00edtulo econ\u00f3mico que los candidatos desarrollaron este domingo durante el primer debate de cara a las elecciones generales del 22 de octubre.<\/p>\n<p>El actual ministro de Econom\u00eda y candidato de Uni\u00f3n por la Patria (UXP), Sergio Massa, present\u00f3 como su principal propuesta el lanzamiento de una \u00abmoneda digital argentina\u00bb que ir\u00e1 acompa\u00f1ada de una ley de blanqueo que \u00abnos permita que aquellos que tienen dinero en el exterior lo puedan traer y usar libremente, sin nuevos impuestos en paralelo\u00bb, con mayores penas para evasores.<\/p>\n<p>En respuesta a los problemas de inflaci\u00f3n y falta de d\u00f3lares, propuso \u00abun programa de desarrollo exportador, enfocado en los sectores de energ\u00eda, sector agropecuario, miner\u00eda, econom\u00eda del conocimiento y econom\u00edas regionales y pymes\u00bb que, asegur\u00f3, implicar\u00e1 una reducci\u00f3n de impuestos por las nuevas exportaciones.<\/p>\n<p>\u00abLa misma reducci\u00f3n de impuestos que van a tener aquellos que utilicen la moneda digital argentina como mecanismo de transacci\u00f3n econ\u00f3mica\u00bb, dijo Massa, quien alent\u00f3 a impulsar un debate en el Congreso sobre un nuevo r\u00e9gimen impositivo.<\/p>\n<figure><img decoding=\"async\" src=\"https:\/\/www.telam.com.ar\/thumbs\/bluesteel\/advf\/imagenes\/2023\/10\/651a2aa66674c_1200.jpg\" alt=\"Telam SE\"\/><br \/>\n<\/figure>\n<p>Al respecto, llam\u00f3 a discutir \u00ablos 4,8 puntos del PBI que van en beneficios al sector empresario\u00bb de manera de poder ir a \u00abun sistema tributario mucho m\u00e1s progresivo\u00bb que permita \u00abseguir bajando el IVA a todos los trabajadores argentinos, como hicimos con el impuesto a las Ganancias\u00bb<\/p>\n<p>Por \u00faltimo, asegur\u00f3 que la deuda con el FMI \u00abla trajo Macri a la Argentina, la deuda m\u00e1s criminal de la historia argentina\u00bb y apunt\u00f3 contra la propuesta de dolarizaci\u00f3n de Javier Milei, a quien record\u00f3 que \u00abs\u00f3lo la tienen tres pa\u00edses del mundo: Zimbabue, El Salvador y Ecuador\u00bb.<\/p>\n<p>A su vez, acus\u00f3 al candidato de La Libertad Avanza de querer \u00abla vuelta de las AFJP, la privatizaci\u00f3n de YPF y que, de alguna manera, cada hijo de argentinos y argentinas pague la universidad y la escuela secundaria\u00bb.<\/p>\n<p>Por su parte, el candidato de La Libertad Avanza, Javier Milei, se\u00f1al\u00f3 que los problemas de una \u00abinflaci\u00f3n descontrolada\u00bb tienen al pa\u00eds \u00abcamino a la peor crisis de la historia\u00bb producto del \u00abmodelo de la casta\u00bb y de un d\u00e9ficit fiscal que se financia \u00abcon deuda que despu\u00e9s defaulteamos\u00bb o \u00abcon emisi\u00f3n monetaria\u00bb.<\/p>\n<p>\u00abProponemos una reforma del Estado, bajar dr\u00e1sticamente el gasto p\u00fablico, reducir impuestos, simplificar el sistema tributario, desregular a fondo la econom\u00eda, hacer privatizaciones para sacarnos las nefastas empresas del Estado de encima, abrir la econom\u00eda y cerrar el Banco Central\u00bb, dijo Milei.<\/p>\n<figure><img decoding=\"async\" src=\"https:\/\/www.telam.com.ar\/thumbs\/bluesteel\/advf\/imagenes\/2023\/10\/651a170e20664_1200.jpg\" alt=\"Foto Emilio Rapetti\"\/><figcaption>Foto: Emilio Rapetti<\/figcaption><\/figure>\n<p>El candidato libertario sostuvo que la implementaci\u00f3n de estas reformas permitir\u00eda a la Argentina \u00aben 15 a\u00f1os estar alcanzando niveles de vida similares a los que tiene Italia o Francia\u00bb.<\/p>\n<p>Respecto de su propuesta de dolarizaci\u00f3n, sostuvo que \u00abno importa cu\u00e1ntos pa\u00edses lo hacen\u00bb sino que \u00abla emisi\u00f3n monetaria es una estafa, un robo\u00bb.<\/p>\n<p>\u00ab(La dolarizaci\u00f3n) es la \u00fanica forma que tenemos para terminar con la inflaci\u00f3n. La moneda de los argentinos es impresentable\u00bb, enfatiz\u00f3 Milei.<\/p>\n<p>En su exposici\u00f3n Milei tambi\u00e9n busc\u00f3 diferenciarse de sus v\u00ednculos con el sector privado y a modo de ejemplo se\u00f1al\u00f3 su cr\u00edtica a las contrataciones del Estados, en especial una en la habr\u00eda ca\u00eddo en la \u00abvolteada mi exjefe\u00bb, en referencia al presidente de Corporaci\u00f3n Am\u00e9rica, Eduardo Eurneki\u00e1n.<\/p>\n<p>Por su parte, la candidata de Juntos por le Cambio, Patricia Bullrich, asegur\u00f3 que su trabajo ser\u00e1 \u00abborrar del mapa la inflaci\u00f3n sin atajos, sin mentiras y sin cuentitos\u00bb, con base en \u00abun programa claro y concreto, integral, que solucione todos los problemas de fondo de la Argentina\u00bb que estar\u00e1 a cargo de Carlos Melconian, a quien reafirm\u00f3 como eventual ministro de Econom\u00eda.<\/p>\n<p>La clave de su programa, dijo, estar\u00e1 en tener \u00abequilibrio fiscal\u00bb.<\/p>\n<h2>Bullrich: \u00abVengo a terminar con la inflaci\u00f3n\u00bb<\/h2>\n<p>VER VIDEO <\/p>\n<p>La exministra de Seguridad durante el gobierno de Mauricio Macri critic\u00f3 el programa de dolarizaci\u00f3n de Javier Milei, ya que \u00absin d\u00f3lares no se puede dolarizar\u00bb, y de cierre del Banco Central, una pol\u00edtica que tienen muy pocos pa\u00edses como \u00abKiribati, Tuvalu y Micronesia\u00bb que, afirm\u00f3, son \u00abtodos para\u00edsos fiscales\u00bb.<\/p>\n<p>\u00abEso significa que vamos a tener en la Argentina un para\u00edso fiscal\u00bb, subray\u00f3 la candidata a presidenta por JXC.<\/p>\n<p>A su turno, el actual gobernador de C\u00f3rdoba y candidato a presidente por Hacemos por Nuestro Pa\u00eds, Juan Schiaretti, puso el foco en la inflaci\u00f3n, la necesidad de un equilibrio fiscal y de tener un Banco Central que custodie el valor de la moneda y no financie espuriamente al gobierno, para lo que llam\u00f3 a \u00abdarle independencia\u00bb y que el presidente del organismo monetario se un dirigente puesto por \u00abla oposici\u00f3n\u00bb.<\/p>\n<p>\u00abNo hay medida monetaria milagrera que resuelva la inflaci\u00f3n si sigue el d\u00e9ficit fiscal. La propia convertibilidad estall\u00f3 fundamentalmente porque tuvo d\u00e9ficit fiscal durante toda su aplicaci\u00f3n. Y para bajar el d\u00e9ficit fiscal no hace falta hacer un ajuste salvaje, basta con cuidar la no superposici\u00f3n de funciones entre naci\u00f3n, provincia y municipio, darle los subsidios a quien le corresponden y no a todo el mundo indiscriminadamente. Y tambi\u00e9n que las empresas p\u00fablicas no tengan d\u00e9ficit\u00bb, dijo Schiaretti.<\/p>\n<p>Respecto del tema cambiario, sostuvo que \u00abhay que ir a un tipo de cambio libre y \u00fanico, pero hay que evitar la hiperinflaci\u00f3n porque si no vamos a tener una mega devaluaci\u00f3n que va a ser sufrir mucho m\u00e1s al pueblo argentino\u00bb.<\/p>\n<figure><img decoding=\"async\" src=\"https:\/\/www.telam.com.ar\/thumbs\/bluesteel\/advf\/imagenes\/2023\/10\/651a211a95232_1200.jpg\" alt=\"Foto Captura video\"\/><figcaption>Foto: Captura video<\/figcaption><\/figure>\n<p>\u00abEn la transici\u00f3n hay que tener dos tipos de cambio. Tipo de cambio comercial competitivo y tipo de cambio libre\u00bb, se\u00f1al\u00f3 Schiaretti, quien sijo que \u00abel tipo de cambio hoy no es 800 $ ni son los 350 que artificialmente pone Massa\u00bb.<\/p>\n<p>Por \u00faltimo, Bregman recalc\u00f3 la necesidad de \u00abenfrentar al FMI\u00bb, ya que el acuerdo firmado con el organismo \u00abera inflacionario y ten\u00edamos raz\u00f3n\u00bb.<\/p>\n<p>\u00abSi seguimos por este camino del FMI las consecuencias para el pueblo trabajador van a ser mucho peores. No hay salida si no se desconoce esa deuda ilegal, ileg\u00edtima y fraudulenta\u00bb, afirm\u00f3, a la vez que critic\u00f3 a las ideas de dolarizaci\u00f3n como \u00ablas aplic\u00f3 Domingo Felipe Cavallo (durante la convertividilidad), otro gran empleado del FMI, y fueron un desastre\u00bb.<\/p>\n<p>\u00abPara fortalecer la moneda hay que nacionalizar el comercio exterior y terminar con la puerta giratoria de los d\u00f3lares, porque d\u00f3lares hay, lo que sobran son sus fugadores\u00bb, agreg\u00f3.<\/p>\n<p>Por \u00faltimo, en un dardo dirigido a Milei, Bregman, afirm\u00f3 que el libertario \u00abno es un le\u00f3n, sino un gatito mimoso del poder econ\u00f3mico\u00bb.<\/p>\n<p>\u00abDice que no es casta pero hace una alianza con (el sindicalista Luis) Barrionuevo, le hace las listas (Sergio) Massa\u2026Es empleado de los empresarios\u00bb, finaliz\u00f3 Bregman.<\/p>\n<p>La entrada <a href=\"https:\/\/diariod3.com\/inicio\/banco-central-dolarizacion-inflacion-y-fmi-fueron-los-ejes-del-debate-economico\/\" rel=\"noreferrer noopener\" target=\"_blank\">Banco Central, dolarizaci\u00f3n, inflaci\u00f3n y FMI fueron los ejes del debate econ\u00f3mico<\/a> se public\u00f3 primero en <a href=\"https:\/\/diariod3.com\/inicio\" rel=\"noreferrer noopener\" target=\"_blank\">DIARIO D3 NOTICIAS<\/a>.<\/p>\n","protected":false},"excerpt":{"rendered":"<p>Los candidatos presidenciales hablaron sobre la necesidad de una reforma tributaria, el rol de las empresas p\u00fablicas, el control de los precios y la creaci\u00f3n de una moneda digital, entre otros temas. Massa anunci\u00f3 que crear\u00e1 una \u00abmoneda digital argentina\u00bb y un nuevo blanqueo El futuro del Banco Central, la dolarizaci\u00f3n, la inflaci\u00f3n, el rol [&hellip;]<\/p>\n","protected":false},"author":2,"featured_media":5650,"comment_status":"closed","ping_status":"","sticky":false,"template":"","format":"standard","meta":{"footnotes":""},"categories":[12],"tags":[],"_links":{"self":[{"href":"https:\/\/maxradio923.com.ar\/index.php\/wp-json\/wp\/v2\/posts\/5590"}],"collection":[{"href":"https:\/\/maxradio923.com.ar\/index.php\/wp-json\/wp\/v2\/posts"}],"about":[{"href":"https:\/\/maxradio923.com.ar\/index.php\/wp-json\/wp\/v2\/types\/post"}],"author":[{"embeddable":true,"href":"https:\/\/maxradio923.com.ar\/index.php\/wp-json\/wp\/v2\/users\/2"}],"replies":[{"embeddable":true,"href":"https:\/\/maxradio923.com.ar\/index.php\/wp-json\/wp\/v2\/comments?post=5590"}],"version-history":[{"count":1,"href":"https:\/\/maxradio923.com.ar\/index.php\/wp-json\/wp\/v2\/posts\/5590\/revisions"}],"predecessor-version":[{"id":5618,"href":"https:\/\/maxradio923.com.ar\/index.php\/wp-json\/wp\/v2\/posts\/5590\/revisions\/5618"}],"wp:featuredmedia":[{"embeddable":true,"href":"https:\/\/maxradio923.com.ar\/index.php\/wp-json\/wp\/v2\/media\/5650"}],"wp:attachment":[{"href":"https:\/\/maxradio923.com.ar\/index.php\/wp-json\/wp\/v2\/media?parent=5590"}],"wp:term":[{"taxonomy":"category","embeddable":true,"href":"https:\/\/maxradio923.com.ar\/index.php\/wp-json\/wp\/v2\/categories?post=5590"},{"taxonomy":"post_tag","embeddable":true,"href":"https:\/\/maxradio923.com.ar\/index.php\/wp-json\/wp\/v2\/tags?post=5590"}],"curies":[{"name":"wp","href":"https:\/\/api.w.org\/{rel}","templated":true}]}}