{"id":5558,"date":"2023-09-29T21:04:10","date_gmt":"2023-09-30T00:04:10","guid":{"rendered":"https:\/\/maxradio923.com\/index.php\/2023\/09\/29\/fit-2023-san-juan-dara-a-conocer-sus-propuestas-turisticas-al-mundo\/"},"modified":"2023-09-29T21:04:10","modified_gmt":"2023-09-30T00:04:10","slug":"fit-2023-san-juan-dara-a-conocer-sus-propuestas-turisticas-al-mundo","status":"publish","type":"post","link":"https:\/\/maxradio923.com.ar\/index.php\/2023\/09\/29\/fit-2023-san-juan-dara-a-conocer-sus-propuestas-turisticas-al-mundo\/","title":{"rendered":"FIT 2023: San Juan dar\u00e1 a conocer sus propuestas tur\u00edsticas al mundo"},"content":{"rendered":"<p><img decoding=\"async\" src=\"https:\/\/diariod3.com\/inicio\/wp-content\/uploads\/2023\/09\/15d0ef446ab475a37620b400abfc397d_L.jpg\"\/><br \/>\nSer\u00e1 desde el 30 de septiembre hasta el 3 de octubre en La Rural. La provincia tendr\u00e1 su stand que, adem\u00e1s de promocionar los diferentes atractivos, contar\u00e1 con distintas actividades gastron\u00f3micas, art\u00edsticas y l\u00fadicas, entre otras.<\/p>\n<p><a href=\"https:\/\/sisanjuan.b-cdn.net\/media\/k2\/items\/cache\/15d0ef446ab475a37620b400abfc397d_XL.jpg\" rel=\"noreferrer noopener\" target=\"_blank\"><img decoding=\"async\" src=\"https:\/\/sisanjuan.b-cdn.net\/media\/k2\/items\/cache\/15d0ef446ab475a37620b400abfc397d_L.jpg\" alt=\"FIT 2023: San Juan dar\u00e1 a conocer sus propuestas tur\u00edsticas al mundo\"\/><\/a><\/p>\n<p>Con m\u00e1s de 34 mil metros cuadrados de superficie y la presencia de m\u00e1s de 34 mil profesionales, <strong>m\u00e1s de 100 mil visitantes llegar\u00e1n a la edici\u00f3n 2023 de la Feria Internacional de Turismo de Am\u00e9rica Latina<\/strong>. El gran evento de la industria<strong> tendr\u00e1 lugar en La Rural desde el 30 de septiembre hasta el 3 de octubre, donde San Juan contar\u00e1 con un stand oficial.<\/strong><\/p>\n<p>Durante cuatro d\u00edas<strong>, la provincia tendr\u00e1 una oportunidad \u00fanica de mostrar la diversidad de su oferta tur\u00edstica<\/strong> y, adem\u00e1s de promocionar los diferentes atractivos, contar\u00e1 con juegos digitales, degustaciones y maridajes de productos regionales, charlas magistrales de expertos cient\u00edficos sobre productos tur\u00edsticos, actuaci\u00f3n de artistas sanjuaninos, entrega de merchandising, folletos de informaci\u00f3n tur\u00edstica y animaci\u00f3n.<\/p>\n<p>All\u00ed, <strong>estar\u00e1 un grupo de prestadores locales que participar\u00e1n generando v\u00ednculos comerciale<\/strong>s con los principales actores del mercado.<\/p>\n<p>De esta manera, con la participaci\u00f3n del Destino San Juan en la feria m\u00e1s importante de Am\u00e9rica Latina, se apuesta a la promoci\u00f3n, difusi\u00f3n y el impulso econ\u00f3mico, no solamente a nivel local, sino tambi\u00e9n a nivel nacional e internacional.<\/p>\n<p>Este a\u00f1o, la tem\u00e1tica estar\u00e1 basada en mostrar el turismo aventura y las diferentes ofertas que San Juan tiene para disfrutar de los maravillosos paisajes y actividades al aire libre, como ser\u00e1 el pr\u00f3ximo parque a\u00e9reo en la Quebrada de Zonda, por lo que se intentar\u00e1 mostrar uno en escala en el stand.<\/p>\n<p>Los productos regionales acompa\u00f1ar\u00e1n la oferta con <strong>degustaciones dirigidas<\/strong> de gin elaborado en la provincia, de vinos y aceites de oliva con pasta de aceitunas, quesos y, como postre terminando la experiencia gastron\u00f3mica, helados de sabores con productos aut\u00f3ctonos de la provincia.<\/p>\n<p>Los prestadores, operadores y municipios tur\u00edsticos que permanecer\u00e1n en el stand oficial de San Juan son Money Tur, Degustur App, Monte Ecoturismo, Yafar Destinos, Gustavo Ch\u00e1vez Turismo, Turismo Bacur, Del Bono Hotels, Municipalidad de Calingasta, , Municipalidad de Valle F\u00e9rtil, Parque Provincial Ischigualasto, Teatro Bicentenario, Nielsen Expediciones S.A, Experiencias Gastron\u00f3micas SJ, Helader\u00eda Las Malvinas, Interlagos Adventure, C\u00e1mara de Prestadores de Servicios Tur\u00edsticos de la Provincia de San Juan Rep\u00fablica Argentina, C\u00e1mara de Turismo de J\u00e1chal y C\u00e1mara Empresaria Hotelera Gastron\u00f3mica.<\/p>\n<h3>Cronograma<\/h3>\n<p><strong>S\u00e1bado 30\/9<\/strong><\/p>\n<p>12 hs: Inauguraci\u00f3n FIT.<\/p>\n<p>14 hs: Apertura del stand al p\u00fablico.<\/p>\n<p>15 hs: Degustaci\u00f3n de productos regionales.<\/p>\n<p>16 hs. Presentaci\u00f3n art\u00edstica<\/p>\n<p>17 hs: Degustaci\u00f3n de Vinos.<\/p>\n<p>18:30 hs: Presentaci\u00f3n art\u00edstica.<\/p>\n<p>19 hs: Presentaci\u00f3n Enoturismo en San Juan y degustaci\u00f3n de vinos a cargo de Diego Mingorance en el stand Tierra de Vinos.<\/p>\n<p>20 hs: Degustaci\u00f3n de gin elaborado en San Juan.<\/p>\n<p>Animaci\u00f3n permanente y entrega de merchandising.<\/p>\n<p><strong>Domingo 1\/10<\/strong><\/p>\n<p>14 hs: Apertura Stand.<\/p>\n<p>15 hs: Degustaci\u00f3n de productos regionales.<\/p>\n<p>16 hs: Presentaci\u00f3n art\u00edstica.<\/p>\n<p>17 hs: Degustaci\u00f3n de Vinos.<\/p>\n<p>18:30 hs; Presentaci\u00f3n art\u00edstica.<\/p>\n<p>19 hs: Degustaci\u00f3n de Productos Regionales.<\/p>\n<p>20 hs: Degustaci\u00f3n de Gin elaborado en San Juan.<\/p>\n<p>Animaci\u00f3n permanente y entrega de merchandising.<\/p>\n<p><strong>Lunes 02\/10<\/strong><\/p>\n<p>10 hs: Apertura Stand solo a Publico Profesional del Turismo.<\/p>\n<p>15 hs: Degustaci\u00f3n de productos.<\/p>\n<p>16 hs: Rondas de Negocios.<\/p>\n<p>17 hs: Degustaci\u00f3n de Vinos.<\/p>\n<p>18 hs: Rondas de negocios.<\/p>\n<p>19 hs: Degustaci\u00f3n de Productos Regionales.<\/p>\n<p>20 hs: Degustaci\u00f3n de gin elaborado en San Juan. Entrega de merchandising.<\/p>\n<p><strong>Martes 3\/10<\/strong><\/p>\n<p>10 hs: Apertura Stand solo a Publico Profesional del Turismo.<\/p>\n<p>13 hs: Presentaci\u00f3n de Promover Destinos en San Juan en stand Ministerio de Turismo Naci\u00f3n.<\/p>\n<p>15 hs: Degustaci\u00f3n de productos.<\/p>\n<p>16 hs: Rondas de Negocios.<\/p>\n<p>17 hs: Degustaci\u00f3n de Vinos.<\/p>\n<p>18 hs: Rondas de negocios.<\/p>\n<p>19 hs: Degustaci\u00f3n de Productos Regionales.<\/p>\n<p>20 hs: Degustaci\u00f3n de Gin elaborado en San Entrega de merchandising.<\/p>\n<p>La entrada <a href=\"https:\/\/diariod3.com\/inicio\/fit-2023-san-juan-dara-a-conocer-sus-propuestas-turisticas-al-mundo\/\" rel=\"noreferrer noopener\" target=\"_blank\">FIT 2023: San Juan dar\u00e1 a conocer sus propuestas tur\u00edsticas al mundo<\/a> se public\u00f3 primero en <a href=\"https:\/\/diariod3.com\/inicio\" rel=\"noreferrer noopener\" target=\"_blank\">DIARIO D3 NOTICIAS<\/a>.<\/p>\n","protected":false},"excerpt":{"rendered":"<p>Ser\u00e1 desde el 30 de septiembre hasta el 3 de octubre en La Rural. La provincia tendr\u00e1 su stand que, adem\u00e1s de promocionar los diferentes atractivos, contar\u00e1 con distintas actividades gastron\u00f3micas, art\u00edsticas y l\u00fadicas, entre otras. Con m\u00e1s de 34 mil metros cuadrados de superficie y la presencia de m\u00e1s de 34 mil profesionales, m\u00e1s [&hellip;]<\/p>\n","protected":false},"author":1,"featured_media":0,"comment_status":"","ping_status":"","sticky":false,"template":"","format":"standard","meta":{"footnotes":""},"categories":[10],"tags":[],"_links":{"self":[{"href":"https:\/\/maxradio923.com.ar\/index.php\/wp-json\/wp\/v2\/posts\/5558"}],"collection":[{"href":"https:\/\/maxradio923.com.ar\/index.php\/wp-json\/wp\/v2\/posts"}],"about":[{"href":"https:\/\/maxradio923.com.ar\/index.php\/wp-json\/wp\/v2\/types\/post"}],"author":[{"embeddable":true,"href":"https:\/\/maxradio923.com.ar\/index.php\/wp-json\/wp\/v2\/users\/1"}],"replies":[{"embeddable":true,"href":"https:\/\/maxradio923.com.ar\/index.php\/wp-json\/wp\/v2\/comments?post=5558"}],"version-history":[{"count":0,"href":"https:\/\/maxradio923.com.ar\/index.php\/wp-json\/wp\/v2\/posts\/5558\/revisions"}],"wp:attachment":[{"href":"https:\/\/maxradio923.com.ar\/index.php\/wp-json\/wp\/v2\/media?parent=5558"}],"wp:term":[{"taxonomy":"category","embeddable":true,"href":"https:\/\/maxradio923.com.ar\/index.php\/wp-json\/wp\/v2\/categories?post=5558"},{"taxonomy":"post_tag","embeddable":true,"href":"https:\/\/maxradio923.com.ar\/index.php\/wp-json\/wp\/v2\/tags?post=5558"}],"curies":[{"name":"wp","href":"https:\/\/api.w.org\/{rel}","templated":true}]}}