{"id":553,"date":"2023-08-28T05:35:19","date_gmt":"2023-08-28T03:35:19","guid":{"rendered":"https:\/\/maxradio923.com\/index.php\/2023\/08\/28\/segun-duran-barba-milei-fue-torpe-al-sumar-a-macri-a-la-campana\/"},"modified":"2023-08-28T13:54:55","modified_gmt":"2023-08-28T11:54:55","slug":"segun-duran-barba-milei-fue-torpe-al-sumar-a-macri-a-la-campana","status":"publish","type":"post","link":"https:\/\/maxradio923.com.ar\/index.php\/2023\/08\/28\/segun-duran-barba-milei-fue-torpe-al-sumar-a-macri-a-la-campana\/","title":{"rendered":"Seg\u00fan Dur\u00e1n Barba, Milei fue \u00abtorpe\u00bb al sumar a Macri a la campa\u00f1a"},"content":{"rendered":"<p>Seg\u00fan Dur\u00e1n Barba, Milei fue \u00abtorpe\u00bb al sumar a Macri a la campa\u00f1a<\/p>\n<p>El reconocido consultor pol\u00edtico ecuatoriano analiz\u00f3 la jugada del candidato presidencial libertario, en la que hizo referencia al rol que podr\u00eda tener el expresidente en su eventual gobierno si gana las elecciones.<\/p>\n<figure><figcaption>\n<p>Jaime Dur\u00e1n Barba habl\u00f3 de MIlei.<\/p>\n<p>Wikipedia<\/p>\n<\/figcaption><\/figure>\n<p>El reconocido consultor pol\u00edtico, <strong>Jaime Dur\u00e1n Barba<\/strong>, calific\u00f3 de \u00abtorpe\u00bb la decisi\u00f3n del candidato de La Libertad Avanza (LLA)<strong>, Javier Milei<\/strong>, de sumar al expresidente <strong>Mauricio Macri<\/strong> a la campa\u00f1a. Seg\u00fan el gur\u00fa, ese movimiento de piezas lo pone al libertario como uno m\u00e1s de \u00abla casta\u00bb a la que tanto critica, en la carrera hacia las elecciones 2023.En declaraciones a la prensa, <strong>Dur\u00e1n Barba<\/strong> analiz\u00f3 el resultado de las <strong>PASO<\/strong>, en las que Milei logr\u00f3 una gran performance de m\u00e1s del 30% de los votos, fuera de todos los vaticinios. Sin embargo, para el analista pol\u00edtico ecuatoriano el candidato de <strong>LLA cometi\u00f3 un error que podr\u00eda tener alg\u00fan tipo de costo<\/strong>, aunque ello no afecte las aspiraciones presidenciales.<\/p>\n<h2>Dur\u00e1n Barba analiz\u00f3 la campa\u00f1a de Javier Milei<\/h2>\n<p>Para el gur\u00fa ecuatoriano, <strong>Javier Milei<\/strong> est\u00e1 en condiciones de ganar las <strong>elecciones 2023 <\/strong>en primera vuelta. Sin embargo, la decisi\u00f3n de sumar a <strong>Mauricio Macri <\/strong>a un eventual gobierno de LLA lo pone al candidato libertario en el mismo lugar de \u00abla casta\u00bb a la que cuestiona.<\/p>\n<p>Calific\u00f3 as\u00ed esa movida del candidato de <strong>LLA como \u201ctorpe\u201d <\/strong>y expres\u00f3 que eso lo asocia a la \u00abcasta\u00bb: <strong>\u00abEs muy peligroso, y torpe de Milei, porque lo pone dentro de la \u2018casta\u2019\u201d, manifest\u00f3 Dur\u00e1n Barba<\/strong> en declaraciones a LN+ este s\u00e1bado.<\/p>\n<p><strong>\u201cSi Milei es presidente le dar\u00e1 a Mauricio tanto espacio como (N\u00e9stor) Kirchner a (Euardo) Duhalde, nada\u201d,<\/strong> agreg\u00f3 <strong>Dur\u00e1n Barba. <\/strong>Sin embargo, a pesar de este mal movmiento, el analista ecuatoriano vaticin\u00f3 que el economista puede ganar sin problemas las elecciones.<\/p>\n<p>\u201cTiene much\u00edsimas chances y no es imposible que gane en una vuelta. No creo que de ninguna manera lo hagan <strong>Patricia Bullrich o Sergio Massa<\/strong>\u201d, sostuvo <strong>Dur\u00e1n Barba<\/strong> este s\u00e1bado. \u201c<strong>Milei <\/strong>es una persona autoritaria, ambiciosa de poder, con temperamento fuerte y las personas as\u00ed no tienen un padre que les haga sombra. Asesinan al padre al otro d\u00eda. En la campa\u00f1a lo dir\u00e1, pero un presidente es presidente\u201d, defini\u00f3 el analista.<\/p>\n<p>Seg\u00fan <strong>Dur\u00e1n Barba, <\/strong>\u201ca <strong>Milei <\/strong>lo votan porque grita y por su lenguaje corporal\u201d. Tambi\u00e9n marc\u00f3 que transmite en mejor medida el \u201ccambio\u201d. El analista profundiz\u00f3 la intenci\u00f3n de voto sobre el candidato libertario y consider\u00f3 que los electores del candidato libertario no votan en s\u00ed por \u00e9l, \u201csino contra el sistema\u201d.<\/p>\n<p><strong>\u201cCambio significa cualquier cosa. Cambio era la izquierda de Pedro Castillo en Per\u00fa; en Chile, (Gabriel) Boric; y la derecha con (Jair) Bolsonaro en Brasil. La gente quiere algo distinto sin importar el contenido\u201d, enfatiz\u00f3 Dur\u00e1n Barba.<\/strong><\/p>\n","protected":false},"excerpt":{"rendered":"<p>Seg\u00fan Dur\u00e1n Barba, Milei fue \u00abtorpe\u00bb al sumar a Macri a la campa\u00f1a El reconocido consultor pol\u00edtico ecuatoriano analiz\u00f3 la jugada del candidato presidencial libertario, en la que hizo referencia al rol que podr\u00eda tener el expresidente en su eventual gobierno si gana las elecciones. Jaime Dur\u00e1n Barba habl\u00f3 de MIlei. Wikipedia El reconocido consultor [&hellip;]<\/p>\n","protected":false},"author":2,"featured_media":0,"comment_status":"open","ping_status":"open","sticky":false,"template":"","format":"standard","meta":{"footnotes":""},"categories":[12],"tags":[],"_links":{"self":[{"href":"https:\/\/maxradio923.com.ar\/index.php\/wp-json\/wp\/v2\/posts\/553"}],"collection":[{"href":"https:\/\/maxradio923.com.ar\/index.php\/wp-json\/wp\/v2\/posts"}],"about":[{"href":"https:\/\/maxradio923.com.ar\/index.php\/wp-json\/wp\/v2\/types\/post"}],"author":[{"embeddable":true,"href":"https:\/\/maxradio923.com.ar\/index.php\/wp-json\/wp\/v2\/users\/2"}],"replies":[{"embeddable":true,"href":"https:\/\/maxradio923.com.ar\/index.php\/wp-json\/wp\/v2\/comments?post=553"}],"version-history":[{"count":0,"href":"https:\/\/maxradio923.com.ar\/index.php\/wp-json\/wp\/v2\/posts\/553\/revisions"}],"wp:attachment":[{"href":"https:\/\/maxradio923.com.ar\/index.php\/wp-json\/wp\/v2\/media?parent=553"}],"wp:term":[{"taxonomy":"category","embeddable":true,"href":"https:\/\/maxradio923.com.ar\/index.php\/wp-json\/wp\/v2\/categories?post=553"},{"taxonomy":"post_tag","embeddable":true,"href":"https:\/\/maxradio923.com.ar\/index.php\/wp-json\/wp\/v2\/tags?post=553"}],"curies":[{"name":"wp","href":"https:\/\/api.w.org\/{rel}","templated":true}]}}