{"id":5524,"date":"2023-09-29T18:54:11","date_gmt":"2023-09-29T21:54:11","guid":{"rendered":"https:\/\/maxradio923.com\/index.php\/2023\/09\/29\/debate-camara-electoral-espera-que-no-haya-descalificaciones-personales-o-agresiones\/"},"modified":"2023-09-29T23:14:35","modified_gmt":"2023-09-30T02:14:35","slug":"debate-camara-electoral-espera-que-no-haya-descalificaciones-personales-o-agresiones","status":"publish","type":"post","link":"https:\/\/maxradio923.com.ar\/index.php\/2023\/09\/29\/debate-camara-electoral-espera-que-no-haya-descalificaciones-personales-o-agresiones\/","title":{"rendered":"Debate: C\u00e1mara Electoral espera que \u00abno haya descalificaciones personales o agresiones\u00bb"},"content":{"rendered":"<p><img decoding=\"async\" src=\"https:\/\/diariod3.com\/inicio\/wp-content\/uploads\/2023\/09\/chc.png_1536916664.webp\"\/><\/p>\n<p>La C\u00e1mara Nacional Electoral (CNE), organizadora de los debates presidenciales obligatorios, espera que la primera instancia entre los cinco candidatos que se realizar\u00e1 este domingo en Santiago del Estero no se convierta en un \u00abshow televisivo\u00bb sino en una oportunidad para que la ciudadan\u00eda conozca las propuestas de los postulantes, de cara a las elecciones del 22 de octubre, y aguardan que \u00abno haya descalificaciones personales o agresiones\u00bb entre ellos.<\/p>\n<p>As\u00ed lo afirm\u00f3 hoy el secretario de actuaci\u00f3n de la C\u00e1mara Nacional Electoral (CNE), Sebasti\u00e1n Schimmel, en declaraciones a radio La Red.<\/p>\n<p>\u00abLa idea es que sea un debate donde se puedan incluir exposiciones muy firmes y hasta vehementes, pero que no haya descalificaciones personales o agresiones. Se trata de un episodio del instituto democr\u00e1tico por excelencia que es el proceso electoral. Lo importante es que la ciudadan\u00eda conozca que tienen para decirnos los candidatos\u00bb, dijo Schimmel.<\/p>\n<p>El integrante de la C\u00e1mara record\u00f3 que se trata de un debate obligatorio pautado en la legislaci\u00f3n que mantiene un inter\u00e9s en \u00abllevar informaci\u00f3n a la ciudadan\u00eda\u00bb sin enfocarse tanto en \u00abel producto televisivo\u00bb.<\/p>\n<p>\u00abDesde la CNE sabemos que es un episodio institucional y tenemos que ser muy prudentes para garantizar la equidad de los candidatos y que no se convierta en un show, sino una instancia para conocer las plataformas y propuestas de candidatos y candidatas\u00bb, asever\u00f3.<\/p>\n<p>Los postulantes presidenciales Javier Milei (La Libertad Avanza). Sergio Massa (Uni\u00f3n por la Patria), Patricia Bullrich (Juntos por el Cambio), Juan Schiaretti (Hacemos por Nuestro Pa\u00eds) y Myriam Bregman (FIT) debatir\u00e1n este domingo desde las 21 en la Universidad Nacional de Santiago del Estero y el pr\u00f3ximo domingo 8 desde la Facultad de Derecho de la UBA en la Ciudad de Buenos Aires.<\/p>\n<p>La autoridad de la CNE sostuvo que en Santiago del Estero \u00abla parte log\u00edstica\u00bb ya est\u00e1 preparada para este domingo cuando \u00abla atenci\u00f3n tiene que estar puesta en escuchar a los candidatos\u00bb y record\u00f3 que los tres ejes tem\u00e1ticos de este domingo ser\u00e1n econom\u00eda, educaci\u00f3n y derechos humanos y convivencia democr\u00e1tica.<\/p>\n<p>Este \u00faltimo eje fue definido por la ciudadan\u00eda \u00aba trav\u00e9s de un mecanismo de participaci\u00f3n\u00bb y se trat\u00f3 de \u00abuna de las innovaciones\u00bb en estos debates.<\/p>\n<p>Otra de las novedades es que durante los tres bloques tem\u00e1ticos \u00abel candidato que no est\u00e9 en uso de la pablara pero se sienta aludido por lo que esta expresando el otro candidato o candidata puede pedir el derecho a replica\u00bb.<\/p>\n<p>\u00abVa a tener 45 segundos para expresar su propia posici\u00f3n o responder lo que escuch\u00f3 en base a lo que se sinti\u00f3 aludido. Son hasta cinco oportunidades por debate por candidato y tienen que pedirlos mientras el otro candidato est\u00e1 en uso de la palabra\u00bb, afirm\u00f3 Schimmel.<\/p>\n<p>Adem\u00e1s detall\u00f3 que los postulantes van a poder pedir \u00abvarias replicas respecto de la exposici\u00f3n de un candidato e incluso una r\u00e9plica respecto de la r\u00e9plica\u00bb con el objetivo de que exista \u00abun di\u00e1logo y una contraposici\u00f3n de las posturas y propuestas\u00bb.<\/p>\n<p>\u00abCada candidato tiene un minuto de introducci\u00f3n. Luego habr\u00e1 un bloque de preguntas cruzadas que es otra innovaci\u00f3n de estos debates: todos los candidatos van a realizar una pregunta de modo alternado para que no sea mon\u00f3tono\u00bb, a\u00f1adi\u00f3.<\/p>\n<p>El candidato va a contar con 15 segundos para realizar una \u00abpregunta muy concreta\u00bb y el otro postulante va a contar con 45 segundos para responder y \u00aben total va a haber 20 preguntas y 20 respuestas intercaladas\u00bb, seg\u00fan explic\u00f3.<\/p>\n<p>El debate tendr\u00e1 una duraci\u00f3n de aproximadamente dos horas y veinte minutos aproximadamente, y se prev\u00e9n dos cortes entre ejes tem\u00e1ticos.<\/p>\n<p>\u00abLos candidatos no pueden mostrar ni im\u00e1genes ni texto. Pueden tener papeles para hacer anotaciones o llevar apuntes en texto m\u00ednimos simplemente a modo de ayuda memoria. Fue pautado muy estrictamente con los equipos de los candidatos que papeles est\u00e1n permitidos y que tama\u00f1os\u00bb, a\u00f1adi\u00f3 Schimmel.<\/p>\n<p>Por: Graciela Herrera<\/p>\n<p>La entrada <a href=\"https:\/\/diariod3.com\/inicio\/debate-camara-electoral-espera-que-no-haya-descalificaciones-personales-o-agresiones\/\" rel=\"noreferrer noopener\" target=\"_blank\">Debate: C\u00e1mara Electoral espera que \u00abno haya descalificaciones personales o agresiones\u00bb<\/a> se public\u00f3 primero en <a href=\"https:\/\/diariod3.com\/inicio\" rel=\"noreferrer noopener\" target=\"_blank\">DIARIO D3 NOTICIAS<\/a>.<\/p>\n","protected":false},"excerpt":{"rendered":"<p>La C\u00e1mara Nacional Electoral (CNE), organizadora de los debates presidenciales obligatorios, espera que la primera instancia entre los cinco candidatos que se realizar\u00e1 este domingo en Santiago del Estero no se convierta en un \u00abshow televisivo\u00bb sino en una oportunidad para que la ciudadan\u00eda conozca las propuestas de los postulantes, de cara a las elecciones [&hellip;]<\/p>\n","protected":false},"author":2,"featured_media":0,"comment_status":"closed","ping_status":"","sticky":false,"template":"","format":"standard","meta":{"footnotes":""},"categories":[12],"tags":[],"_links":{"self":[{"href":"https:\/\/maxradio923.com.ar\/index.php\/wp-json\/wp\/v2\/posts\/5524"}],"collection":[{"href":"https:\/\/maxradio923.com.ar\/index.php\/wp-json\/wp\/v2\/posts"}],"about":[{"href":"https:\/\/maxradio923.com.ar\/index.php\/wp-json\/wp\/v2\/types\/post"}],"author":[{"embeddable":true,"href":"https:\/\/maxradio923.com.ar\/index.php\/wp-json\/wp\/v2\/users\/2"}],"replies":[{"embeddable":true,"href":"https:\/\/maxradio923.com.ar\/index.php\/wp-json\/wp\/v2\/comments?post=5524"}],"version-history":[{"count":1,"href":"https:\/\/maxradio923.com.ar\/index.php\/wp-json\/wp\/v2\/posts\/5524\/revisions"}],"predecessor-version":[{"id":5552,"href":"https:\/\/maxradio923.com.ar\/index.php\/wp-json\/wp\/v2\/posts\/5524\/revisions\/5552"}],"wp:attachment":[{"href":"https:\/\/maxradio923.com.ar\/index.php\/wp-json\/wp\/v2\/media?parent=5524"}],"wp:term":[{"taxonomy":"category","embeddable":true,"href":"https:\/\/maxradio923.com.ar\/index.php\/wp-json\/wp\/v2\/categories?post=5524"},{"taxonomy":"post_tag","embeddable":true,"href":"https:\/\/maxradio923.com.ar\/index.php\/wp-json\/wp\/v2\/tags?post=5524"}],"curies":[{"name":"wp","href":"https:\/\/api.w.org\/{rel}","templated":true}]}}