{"id":55,"date":"2023-08-23T09:08:29","date_gmt":"2023-08-23T07:08:29","guid":{"rendered":"https:\/\/maxradio923.com\/la-inflacion-mayorista-fue-del-7-en-julio-y-del-1127-el-ultimo-ano\/"},"modified":"2023-08-23T09:08:29","modified_gmt":"2023-08-23T07:08:29","slug":"la-inflacion-mayorista-fue-del-7-en-julio-y-del-1127-el-ultimo-ano","status":"publish","type":"post","link":"https:\/\/maxradio923.com.ar\/index.php\/2023\/08\/23\/la-inflacion-mayorista-fue-del-7-en-julio-y-del-1127-el-ultimo-ano\/","title":{"rendered":"La inflaci\u00f3n mayorista fue del 7% en julio y del 112,7% el \u00faltimo a\u00f1o"},"content":{"rendered":"<p><img decoding=\"async\" src=\"http:\/\/maxradio923.com\/wp-content\/uploads\/2023\/08\/35147w850h477c-1.jpg\"\/><\/p>\n<p>Los productos comercializados al por mayor aumentaron 0,7 puntos m\u00e1s que los insumos del mercado minorista., pero en el acumulado de los primeros siete meses su incremento sigue siendo m\u00e1s moderado.<\/p>\n<p>El \u00edndice de precios mayoristas (IPIM), estudio que mide la variaci\u00f3n de los valores a los que los productores e importadores venden en el mercado interno (incluyendo impuestos) aumentaron 7% en julio. De esa manera, el IPIM avanz\u00f3 0,7 puntos porcentuales por encima del \u00cdndice de Precios al Consumidor (IPC) de ese mes, que registr\u00f3 un avance del 6,3%, seg\u00fan el Instituto Nacional de Estad\u00edsticas y Censos (Indec).<\/p>\n<p>De todas formas, en el acumulado de los primeros siete meses del a\u00f1o la inflaci\u00f3n general muestra un aumento mayor (60,2% contra 57,7% de los precios al por mayor), al igual que en la medici\u00f3n interanual (113,4% contra 112,7%).<\/p>\n<h4>M\u00e1s aumento en los importados<\/h4>\n<p>Si se analizan los aumentos del mercado mayorista seg\u00fan el punto de origen de la mercader\u00eda, se encuentra que los productos nacionales tuvieron un incremento del 7% en julio, mientras que los importados se encarecieron un 7,7% el mes pasado.<\/p>\n<p>Ese dato, cabe recordar, es anterior a la devaluaci\u00f3n realizada por el Gobierno luego de las PASO nacionales, por lo que es reflejo del ritmo que tra\u00eda la suba del tipo de cambio en los meses anteriores. El ajuste producto de la devaluaci\u00f3n se ver\u00e1 reflejado reci\u00e9n en el informe de agosto.<\/p>\n<p>El informe del Indec de julio hace una discriminaci\u00f3n de los aumentos de los productos nacionales seg\u00fan el rubro. En ese caso, se destaca que la energ\u00eda el\u00e9ctrica se encareci\u00f3 7,2%, mientras que los productos primarios subieron 7% y los productos manufacturados tuvieron un incremento de precios del 6,9%.<\/p>\n<p>Entre los productos primarios, sobresali\u00f3 la suba de los insumos pesqueros, que tuvieron un incremento del 23,2%. En los manufacturados, los incrementos m\u00e1s pronunciados se produjeron en el tabaco (12,3%) y los equipos para medicina e instrumentos de medici\u00f3n (10,1%).<\/p>\n<p>Por otro lado, si se toman como referencia los mismos productos, pero se le resta el componente impositivo -\u00edndice de precios b\u00e1sicos al por mayor (IPIM)- el aumento de julio es del 6,7% y si se mide s\u00f3lo la variaci\u00f3n de los precios de la producci\u00f3n local, tambi\u00e9n excluyendo impuestos -\u00edndice de precios b\u00e1sicos del productor (IPP)- la suba es del 6,4%.<\/p>\n<h4>Qu\u00e9 subi\u00f3 m\u00e1s en el a\u00f1o<\/h4>\n<p>El aumento de los productos importados por encima del promedio no fue una situaci\u00f3n at\u00edpica. De hecho, las estad\u00edsticas muestran que la mercader\u00eda tra\u00edda desde el exterior acumula un incremento mucho m\u00e1s alto que el de los productos nacionales.<\/p>\n<p>De acuerdo al Indec, entre enero y julio los importados subieron un 77,4%, mientras que los primarios tuvieron una variaci\u00f3n de precio del 55,5%.<\/p>\n<p>Por su parte, los manufacturados y la energ\u00eda el\u00e9ctrica, aumentaron en forma conjunta un 56,1%, en ese per\u00edodo.<\/p>\n<p>Ahora bien, cuando se analiza cada producto por separado, se encuentra que el aumento m\u00e1s pronunciado dentro del mercado mayorista en el acumulado de los primeros siete meses del a\u00f1o lo tuvo el az\u00facar, con una fuerte variaci\u00f3n del 116%.<\/p>\n<p>Le siguieron bastante por detr\u00e1s algunos insumos de la industria manufacturera, como los motores a combusti\u00f3n (83%), los rodamientos (83%) y los aparatos de distribuci\u00f3n y control el\u00e9ctrico (81%).<\/p>\n<p>Se destac\u00f3 tambi\u00e9n la suba de las frutas, que con una variaci\u00f3n del 78% no s\u00f3lo superaron ampliamente el aumento promedio del \u00edndice de precios mayoristas (57,7%), sino tambi\u00e9n el del \u00cdndice de Precios al Consumidor (60,2%).<\/p>\n<p>Es importante tener en cuenta que tanto las frutas como las verduras han tenido aumentos particularmente altos por la incidencia de la sequ\u00eda en los vol\u00famenes de producci\u00f3n, adem\u00e1s por supuesto de las subas de costos propias del escenario inflacionario.<\/p>\n<p>Por: Graciela Herrera<\/p>\n<p>La entrada La inflaci\u00f3n mayorista fue del 7% en julio y del 112,7% el \u00faltimo a\u00f1o se public\u00f3 primero en DIARIO D3 NOTICIAS.<\/p>\n","protected":false},"excerpt":{"rendered":"<p>Los productos comercializados al por mayor aumentaron 0,7 puntos m\u00e1s que los insumos del mercado minorista., pero en el acumulado de los primeros siete meses su incremento sigue siendo m\u00e1s moderado.<br \/>\n El \u00edndice de precios mayoristas (IPIM), estudio que mide la variaci\u00f3n de los valores a los que los productores e importadores venden en el mercado interno (incluyendo impuestos) aumentaron 7% en julio. De esa manera, el IPIM avanz\u00f3 0,7 puntos porcentuales por encima del \u00cdndice de Precios al Consumidor (IPC) de ese mes, que registr\u00f3 un avance del 6,3%, seg\u00fan el Instituto Nacional de Estad\u00edsticas y Censos (Indec).<br \/>\n De todas formas, en el acumulado de los primeros siete meses del a\u00f1o la inflaci\u00f3n general muestra un aumento mayor (60,2% contra 57,7% de los precios al por mayor), al igual que en la medici\u00f3n interanual (113,4% contra 112,7%).<br \/>\n M\u00e1s aumento en los importados Si se analizan los aumentos del mercado mayorista seg\u00fan el punto de origen de la mercader\u00eda, se encuentra que los productos ..<\/p>\n","protected":false},"author":1,"featured_media":0,"comment_status":"closed","ping_status":"open","sticky":false,"template":"","format":"standard","meta":{"footnotes":""},"categories":[2],"tags":[],"_links":{"self":[{"href":"https:\/\/maxradio923.com.ar\/index.php\/wp-json\/wp\/v2\/posts\/55"}],"collection":[{"href":"https:\/\/maxradio923.com.ar\/index.php\/wp-json\/wp\/v2\/posts"}],"about":[{"href":"https:\/\/maxradio923.com.ar\/index.php\/wp-json\/wp\/v2\/types\/post"}],"author":[{"embeddable":true,"href":"https:\/\/maxradio923.com.ar\/index.php\/wp-json\/wp\/v2\/users\/1"}],"replies":[{"embeddable":true,"href":"https:\/\/maxradio923.com.ar\/index.php\/wp-json\/wp\/v2\/comments?post=55"}],"version-history":[{"count":0,"href":"https:\/\/maxradio923.com.ar\/index.php\/wp-json\/wp\/v2\/posts\/55\/revisions"}],"wp:attachment":[{"href":"https:\/\/maxradio923.com.ar\/index.php\/wp-json\/wp\/v2\/media?parent=55"}],"wp:term":[{"taxonomy":"category","embeddable":true,"href":"https:\/\/maxradio923.com.ar\/index.php\/wp-json\/wp\/v2\/categories?post=55"},{"taxonomy":"post_tag","embeddable":true,"href":"https:\/\/maxradio923.com.ar\/index.php\/wp-json\/wp\/v2\/tags?post=55"}],"curies":[{"name":"wp","href":"https:\/\/api.w.org\/{rel}","templated":true}]}}