{"id":5476,"date":"2023-09-29T12:24:45","date_gmt":"2023-09-29T15:24:45","guid":{"rendered":"https:\/\/maxradio923.com\/index.php\/2023\/09\/29\/debate-presidencial-2023-estos-son-los-temas-elegidos-por-la-ciudadania\/"},"modified":"2023-09-29T16:44:13","modified_gmt":"2023-09-29T19:44:13","slug":"debate-presidencial-2023-estos-son-los-temas-elegidos-por-la-ciudadania","status":"publish","type":"post","link":"https:\/\/maxradio923.com.ar\/index.php\/2023\/09\/29\/debate-presidencial-2023-estos-son-los-temas-elegidos-por-la-ciudadania\/","title":{"rendered":"Debate presidencial 2023: estos son los temas elegidos por la ciudadania"},"content":{"rendered":"<p><img decoding=\"async\" src=\"https:\/\/diariod3.com\/inicio\/wp-content\/uploads\/2023\/09\/debate-presidencial-2019jpg.jpg\"\/><\/p>\n<h2>Los cruces entre los principales candidatos a la presidencia en Argentina se llevar\u00e1n a cabo en la previa de las elecciones generales del 22 de octubre.<\/h2>\n<figure><img decoding=\"async\" src=\"https:\/\/media.ambito.com\/p\/1e8a729f4c858e6434b796e6551bc686\/adjuntos\/239\/imagenes\/041\/007\/0041007107\/debate-presidencial-20192jpg.jpg\" alt=\"Los votantes tuvieron un rol activo en la organizaci\u00f3n del debate.&nbsp;\"\/><figcaption>\n<p>Los votantes tuvieron un rol activo en la organizaci\u00f3n del debate.<\/p>\n<p>CNE<\/p>\n<\/figcaption><\/figure>\n<p>Restan pocos d\u00edas para la realizaci\u00f3n del <strong>debate presidencial<\/strong> en <strong>Santiago del Estero<\/strong> de cara a las <strong>elecciones generales<\/strong> del <strong>22 de octubre<\/strong> y los <strong>candidatos<\/strong> que aspiran al sill\u00f3n de Rivadavia ya preparan su <strong>estrategia<\/strong> electoral para captar la mayor cantidad de <strong>votos. <\/strong>En este contexto, \u00bfcu\u00e1les son los <strong>temas<\/strong> elegidos por la <strong>ciudadan\u00eda<\/strong>?<\/p>\n<p>En esta nueva edici\u00f3n del debate presidencial, los candidatos participar\u00e1n de un evento con herramientas innovadoras en relaci\u00f3n a las experiencias de 2015 y 2019: desde preguntas cruzadas hasta derechos a r\u00e9plicas, la<strong> C\u00e1mara Nacional Electoral (CNE) <\/strong>y el Consejo Asesor anunciaron la implementaci\u00f3n de nuevas funciones que buscan generar m\u00e1s dinamismo y entretenimiento en el espectador.<\/p>\n<p>Seg\u00fan expres\u00f3 la <strong>C\u00e1mara Nacional Electoral (CNE)<\/strong> en la oficializaci\u00f3n del debate, \u00abse busc\u00f3 darle m\u00e1s din\u00e1mica este debate. Ya tuvimos la experiencia de 2019 y entendemos que el debate es institucional, por lo que resguardamos las formas y conformamos un reglamento. Dentro de esta nueva din\u00e1mica, el <strong>Consejo Asesor<\/strong> y los equipos de campa\u00f1a definieron los temas centrales\u00bb.<\/p>\n<p>El primer encuentro se llevar\u00e1 a cabo este domingo 1 de octubre en el <strong>Centro de Convenciones Provincial Forum<\/strong>, en <strong>Santiago del Estero.<\/strong> Una semana despu\u00e9s, el 8 de octubre, los candidatos replicar\u00e1n sus propuestas en la<strong> Facultad de Derecho de la Universidad de Buenos Aires (UBA)<\/strong>.<\/p>\n<p>En este marco, los electores tuvieron un rol activo en estos debates presidenciales a partir de<strong> la votaci\u00f3n de dos de los seis ejes tem\u00e1ticos de exposici\u00f3n<\/strong>.<\/p>\n<p><img decoding=\"async\" src=\"https:\/\/media.ambito.com\/p\/96f863282efa9331d811f6ac1c4e7804\/adjuntos\/239\/imagenes\/041\/007\/0041007093\/debate-presidencial-2019jpg.jpg?2023-09-27-10-03-16\"\/><br \/>\nCNE<\/p>\n<h2>Elecciones 2023: cu\u00e1les son los temas elegidos por la ciudadan\u00eda en el debate presidencial<\/h2>\n<p>Seg\u00fan pudo saber \u00c1mbito, en orden decreciente, los siguientes ejes m\u00e1s votados fueron: Derechos Humanos y Convivencia democr\u00e1tica (57,94%), Desarrollo Humano, Vivienda y protecci\u00f3n del Ambiente (18,60%), Salud (6,82%), Justicia, Instituciones y Transparencia (6,62%), Relaciones de Argentina con el Mundo (5,53%), Federalismo y Desarrollo Regional (3,35%) y Defensa (1,14%).<\/p>\n<p>De esta manera, el t\u00f3pico \u00ab<strong>Derechos Humanos y Convivencia democr\u00e1tica<\/strong>\u00bb se sumar\u00e1 a los bloques de <strong>Econom\u00eda<\/strong> y <strong>Educaci\u00f3n<\/strong> para el primer debate, mientras que \u00ab<strong>Desarrollo Humano, Vivienda y protecci\u00f3n del Ambiente<\/strong>\u00bb se incorpora al segundo evento junto con \u00ab<strong>Seguridad<\/strong>\u00bb y <strong>\u00abTrabajo y<\/strong> <strong>Producci\u00f3n\u00bb.<\/strong><\/p>\n<h2>Las \u00fatimas novedades del debate presidencial y las Elecciones 2023 en Argentina<\/h2>\n<p>Mientras el <strong>Senado <\/strong>nacional debate la <strong>ley de Alquileres<\/strong>, un nuevo spot de campa\u00f1a de <strong>Leandro Santoro<\/strong> critica las condiciones que se les imponen a los inquilinos en la <strong>ciudad de Buenos Aires<\/strong>. \u00abHay cosas en esta Ciudad que no tienen sentido. Lo sab\u00e9s vos, lo sabemos todos. Hay un <strong>Toro <\/strong>que tambi\u00e9n lo sabe\u00bb, escribi\u00f3 el candidato en la publicaci\u00f3n que acompa\u00f1a el video, en su cuenta de la red social <strong>X<\/strong>.<\/p>\n<p>El spot simula la presencia de una inquilina en una<strong> inmobiliaria<\/strong>, que ofrece departamentos en distintos barrios porte\u00f1os con <strong>precios dolarizados<\/strong>. A la hora de mencionarle las<strong> condiciones de ingreso<\/strong>, el corredor inmobiliario enumera: \u00abDos meses de <strong>dep\u00f3sito<\/strong>, un mes de <strong>garant\u00eda<\/strong>, dos meses de <strong>comisi\u00f3n inmobiliaria<\/strong>, todo<strong> efectivo.<\/strong> El due\u00f1o no acepta transferencias\u00bb.<\/p>\n<p>La entrada <a href=\"https:\/\/diariod3.com\/inicio\/debate-presidencial-2023-estos-son-los-temas-elegidos-por-la-ciudadania\/\" rel=\"noreferrer noopener\" target=\"_blank\">Debate presidencial 2023: estos son los temas elegidos por la ciudadania<\/a> se public\u00f3 primero en <a href=\"https:\/\/diariod3.com\/inicio\" rel=\"noreferrer noopener\" target=\"_blank\">DIARIO D3 NOTICIAS<\/a>.<\/p>\n","protected":false},"excerpt":{"rendered":"<p>Los cruces entre los principales candidatos a la presidencia en Argentina se llevar\u00e1n a cabo en la previa de las elecciones generales del 22 de octubre. Los votantes tuvieron un rol activo en la organizaci\u00f3n del debate. CNE Restan pocos d\u00edas para la realizaci\u00f3n del debate presidencial en Santiago del Estero de cara a las [&hellip;]<\/p>\n","protected":false},"author":2,"featured_media":0,"comment_status":"closed","ping_status":"","sticky":false,"template":"","format":"standard","meta":{"footnotes":""},"categories":[12],"tags":[],"_links":{"self":[{"href":"https:\/\/maxradio923.com.ar\/index.php\/wp-json\/wp\/v2\/posts\/5476"}],"collection":[{"href":"https:\/\/maxradio923.com.ar\/index.php\/wp-json\/wp\/v2\/posts"}],"about":[{"href":"https:\/\/maxradio923.com.ar\/index.php\/wp-json\/wp\/v2\/types\/post"}],"author":[{"embeddable":true,"href":"https:\/\/maxradio923.com.ar\/index.php\/wp-json\/wp\/v2\/users\/2"}],"replies":[{"embeddable":true,"href":"https:\/\/maxradio923.com.ar\/index.php\/wp-json\/wp\/v2\/comments?post=5476"}],"version-history":[{"count":1,"href":"https:\/\/maxradio923.com.ar\/index.php\/wp-json\/wp\/v2\/posts\/5476\/revisions"}],"predecessor-version":[{"id":5494,"href":"https:\/\/maxradio923.com.ar\/index.php\/wp-json\/wp\/v2\/posts\/5476\/revisions\/5494"}],"wp:attachment":[{"href":"https:\/\/maxradio923.com.ar\/index.php\/wp-json\/wp\/v2\/media?parent=5476"}],"wp:term":[{"taxonomy":"category","embeddable":true,"href":"https:\/\/maxradio923.com.ar\/index.php\/wp-json\/wp\/v2\/categories?post=5476"},{"taxonomy":"post_tag","embeddable":true,"href":"https:\/\/maxradio923.com.ar\/index.php\/wp-json\/wp\/v2\/tags?post=5476"}],"curies":[{"name":"wp","href":"https:\/\/api.w.org\/{rel}","templated":true}]}}