{"id":5474,"date":"2023-09-29T12:24:43","date_gmt":"2023-09-29T15:24:43","guid":{"rendered":"https:\/\/maxradio923.com\/index.php\/2023\/09\/29\/soria-sobre-pliego-de-figueroa-el-unico-conflicto-es-entre-la-corte-y-la-constitucion\/"},"modified":"2023-09-29T16:44:12","modified_gmt":"2023-09-29T19:44:12","slug":"soria-sobre-pliego-de-figueroa-el-unico-conflicto-es-entre-la-corte-y-la-constitucion","status":"publish","type":"post","link":"https:\/\/maxradio923.com.ar\/index.php\/2023\/09\/29\/soria-sobre-pliego-de-figueroa-el-unico-conflicto-es-entre-la-corte-y-la-constitucion\/","title":{"rendered":"Soria, sobre pliego de Figueroa: \u00abEl \u00fanico conflicto es entre la Corte y la Constituci\u00f3n\u00bb"},"content":{"rendered":"<p><img decoding=\"async\" src=\"https:\/\/diariod3.com\/inicio\/wp-content\/uploads\/2023\/09\/soriolffonntlgowmrr.wwfog\u00b4wwl.jpg\"\/><\/p>\n<p>\u00abEl \u00fanico conflicto de poderes es entre la Corte y la Constituci\u00f3n. Si insisten con hacer cesar a una jueza porque no es del Partido Judicial, estar\u00e1n violando -una vez m\u00e1s- facultades constitucionales propias del Consejo de la Magistratura (Art 114) y del Senado (Art 99.4)\u00bb, expres\u00f3 el ministro en redes.<\/p>\n<figure><img decoding=\"async\" src=\"https:\/\/www.telam.com.ar\/thumbs\/bluesteel\/advf\/imagenes\/2022\/10\/635691c7ef14b_1200.jpg\" alt=\"Martn Soria ministro de Justicia y Derechos Humanos Foto Leo Vaca\"\/><figcaption>Mart\u00edn Soria, ministro de Justicia y Derechos Humanos \/ Foto: Leo Vaca<\/figcaption><\/figure>\n<p>El ministro de Justicia y Derechos Humanos, Mart\u00edn Soria, afirm\u00f3 este viernes que, con la aprobaci\u00f3n por parte del Senado del pliego para que contin\u00fae cinco a\u00f1os m\u00e1s en su cargo la camarista Ana Mar\u00eda Figueroa, qued\u00f3 en evidencia que <strong>\u00abel \u00fanico conflicto de poderes es entre la Corte y la Constituci\u00f3n\u00bb<\/strong>, y advirti\u00f3 que buscan \u00abhacer cesar a una jueza porque no es del Partido Judicial\u00bb.<\/p>\n<p>\u00abEl \u00fanico conflicto de poderes es entre la Corte y la Constituci\u00f3n. Si insisten con hacer cesar a una jueza porque no es del Partido Judicial, estar\u00e1n violando -una vez m\u00e1s- facultades constitucionales propias del Consejo de la Magistratura (Art 114) y del Senado (Art 99.4)\u00bb, dijo Soria desde su cuenta en X (antes Twitter).<\/p>\n<p>El funcionario complet\u00f3 su posteo con una imagen de la tapa del diario La Naci\u00f3n de este viernes, cuyo t\u00edtulo principal se\u00f1ala que \u00abEl kirchnerismo vot\u00f3 el pliego de una exjueza contra la Constituci\u00f3n\u00bb .<\/p>\n<h2>La aprobaci\u00f3n del pliego<\/h2>\n<p>La C\u00e1mara de Senadores aprob\u00f3 este jueves el pliego de la jueza Ana Mar\u00eda Figueroa, la camarista de Casaci\u00f3n cuyo retiro hab\u00eda sido indicado por la <strong>Corte Suprema de Justicia de la Naci\u00f3n<\/strong> en un fallo en el que consider\u00f3 que la magistrada, integrante de la C\u00e1mara Federal de Casaci\u00f3n Penal, deb\u00eda cesar de ejercer su cargo a partir del d\u00eda de su cumplea\u00f1os n\u00famero 75 pese a que a\u00fan estaba en consideraci\u00f3n de la C\u00e1mara alta el pliego con su pedido para continuar en funciones por cinco a\u00f1os m\u00e1s.<\/p>\n<p>La decisi\u00f3n del cuerpo fue tomada en una ajustada votaci\u00f3n en la que debi\u00f3 desempatar la presidenta provisional del Senado, Claudia Ledesma Abdala de Zamora.<\/p>\n<p>Luego de tres horas de debate, el oficialismo logr\u00f3 imponer su decisi\u00f3n de aprobar el pliego, aunque tuvo que aceptar una moci\u00f3n presentada por <strong>Juntos por el Cambio <\/strong>para votarlo de manera separada de los otros 32 que formaron parte de la discusi\u00f3n.<\/p>\n<p>La primera votaci\u00f3n result\u00f3 empatada en 35: por un lado sumaron apoyos el Frente de Todos, su aliada riojana Mar\u00eda Clara del Valle Vega y tres de los integrantes del bloque Unidad Federal, Guillermo Snopek, Mar\u00eda Eugenia Catalfamo y Edgardo Kueider.<\/p>\n<figure><img decoding=\"async\" src=\"https:\/\/www.telam.com.ar\/thumbs\/bluesteel\/advf\/imagenes\/2023\/09\/6516102ea4681_1200.jpg\" alt=\"Votacin en el Senado \"\/><figcaption>Votaci\u00f3n en el Senado.<\/figcaption><\/figure>\n<p>Del otro, votaron el interbloque de Juntos por el Cambio, el representante de Juntos Somos R\u00edo Negro y habitual aliado del oficialismo, Alberto Weretilneck; y los otros dos senadores de Unidad Federal: el correntino Carlos Esp\u00ednola y la cordobesa Alejandra Vigo.<\/p>\n<p>Las dos ausentes a la hora de votar fueron la misionera Magdalena Solari Quintana, del aliado al oficialismo Frente Renovador de la Concordia, y la opositora Lucila Crexell.<\/p>\n<p>De acuerdo con el <strong>Reglamento de la C\u00e1mara<\/strong>, si la primera votaci\u00f3n sale empatada, debe realizarse una segunda y, de continuar con la paridad, quien ejerce la presidenta del cuerpo debe desempatar.<\/p>\n<p>En este caso, la oficialista Abdala de Zamora, que presid\u00eda la sesi\u00f3n al momento de la votaci\u00f3n, manifest\u00f3 su voto favorable al pliego de la jueza Figueroa.<\/p>\n<p>La extensi\u00f3n por cinco a\u00f1os del cargo de la jueza Figueroa hab\u00eda sido incluido desde mayo pasado en distintas oportunidades en el temario de asuntos a tratar por la C\u00e1mara, pero la falta de qu\u00f3rum hab\u00eda hecho que, hasta el jueves, no se pudiera ratificar o rechazar el asunto.<\/p>\n<p>La entrada <a href=\"https:\/\/diariod3.com\/inicio\/soria-sobre-pliego-de-figueroa-el-unico-conflicto-es-entre-la-corte-y-la-constitucion\/\" rel=\"noreferrer noopener\" target=\"_blank\">Soria, sobre pliego de Figueroa: \u00abEl \u00fanico conflicto es entre la Corte y la Constituci\u00f3n\u00bb<\/a> se public\u00f3 primero en <a href=\"https:\/\/diariod3.com\/inicio\" rel=\"noreferrer noopener\" target=\"_blank\">DIARIO D3 NOTICIAS<\/a>.<\/p>\n","protected":false},"excerpt":{"rendered":"<p>\u00abEl \u00fanico conflicto de poderes es entre la Corte y la Constituci\u00f3n. Si insisten con hacer cesar a una jueza porque no es del Partido Judicial, estar\u00e1n violando -una vez m\u00e1s- facultades constitucionales propias del Consejo de la Magistratura (Art 114) y del Senado (Art 99.4)\u00bb, expres\u00f3 el ministro en redes. Mart\u00edn Soria, ministro de [&hellip;]<\/p>\n","protected":false},"author":2,"featured_media":0,"comment_status":"closed","ping_status":"","sticky":false,"template":"","format":"standard","meta":{"footnotes":""},"categories":[12],"tags":[],"_links":{"self":[{"href":"https:\/\/maxradio923.com.ar\/index.php\/wp-json\/wp\/v2\/posts\/5474"}],"collection":[{"href":"https:\/\/maxradio923.com.ar\/index.php\/wp-json\/wp\/v2\/posts"}],"about":[{"href":"https:\/\/maxradio923.com.ar\/index.php\/wp-json\/wp\/v2\/types\/post"}],"author":[{"embeddable":true,"href":"https:\/\/maxradio923.com.ar\/index.php\/wp-json\/wp\/v2\/users\/2"}],"replies":[{"embeddable":true,"href":"https:\/\/maxradio923.com.ar\/index.php\/wp-json\/wp\/v2\/comments?post=5474"}],"version-history":[{"count":1,"href":"https:\/\/maxradio923.com.ar\/index.php\/wp-json\/wp\/v2\/posts\/5474\/revisions"}],"predecessor-version":[{"id":5492,"href":"https:\/\/maxradio923.com.ar\/index.php\/wp-json\/wp\/v2\/posts\/5474\/revisions\/5492"}],"wp:attachment":[{"href":"https:\/\/maxradio923.com.ar\/index.php\/wp-json\/wp\/v2\/media?parent=5474"}],"wp:term":[{"taxonomy":"category","embeddable":true,"href":"https:\/\/maxradio923.com.ar\/index.php\/wp-json\/wp\/v2\/categories?post=5474"},{"taxonomy":"post_tag","embeddable":true,"href":"https:\/\/maxradio923.com.ar\/index.php\/wp-json\/wp\/v2\/tags?post=5474"}],"curies":[{"name":"wp","href":"https:\/\/api.w.org\/{rel}","templated":true}]}}