{"id":545,"date":"2023-08-28T05:32:12","date_gmt":"2023-08-28T03:32:12","guid":{"rendered":"https:\/\/maxradio923.com\/index.php\/2023\/08\/28\/pablo-alarcon-convoco-y-conmovio-a-una-multitud-en-plaza-francia-con-su-espectaculo-a-la-gorra\/"},"modified":"2023-08-28T13:34:28","modified_gmt":"2023-08-28T11:34:28","slug":"pablo-alarcon-convoco-y-conmovio-a-una-multitud-en-plaza-francia-con-su-espectaculo-a-la-gorra","status":"publish","type":"post","link":"https:\/\/maxradio923.com.ar\/index.php\/2023\/08\/28\/pablo-alarcon-convoco-y-conmovio-a-una-multitud-en-plaza-francia-con-su-espectaculo-a-la-gorra\/","title":{"rendered":"Pablo Alarc\u00f3n convoc\u00f3 y conmovi\u00f3 a una multitud en Plaza Francia con su espect\u00e1culo a la gorra"},"content":{"rendered":"<p>Pablo Alarc\u00f3n convoc\u00f3 y conmovi\u00f3 a una multitud en Plaza Francia con su espect\u00e1culo a la gorra  <\/p>\n<h2>El ex gal\u00e1n caus\u00f3 revuelo en la semana cuando cont\u00f3 que actuaba en la calle para pagar el gas. Y este domingo &quot;rompi\u00f3 taquilla&quot;. <strong>Hasta Alfa de &quot;Gran hermano&quot; fue a verlo<\/strong>.<\/h2>\n<figure> <img decoding=\"async\" src=\"https:\/\/www.clarin.com\/img\/authors\/hernan-firpo___60fb3aba1340c300175a2cc6.png\" alt=\"Hern\u00e1n Firpo\"\/> <\/figure>\n<p>Hern\u00e1n Firpo<\/p>\n<p>       27\/08\/2023 18:45 <\/p>\n<ul>\n<li>  <strong>Clar\u00edn.com<\/strong>  <\/li>\n<li>  Espect\u00e1culos  <\/li>\n<\/ul>\n<p> Actualizado al 27\/08\/2023 18:48       <\/p>\n<p> El escenario es un pedazo de lona azul tirado en el piso. <strong>Pablo Alarc\u00f3n est\u00e1 vestido como si fuera el Arcipreste de Hita<\/strong>. Al lado, el m\u00fasico que lo acompa\u00f1a en esta faena a la gorra: Augusto Gavil\u00e1n. Igual que la semana pasada, cuando<strong> produjo flor de revuelo viral, el gal\u00e1n maduro se encuentra frente a la Iglesia del Pilar<\/strong>, en Plaza Francia, listo para una de las cuatro funciones gratuitas del d\u00eda.<\/p>\n<p>Durante una entrevista con este diario, Alarc\u00f3n hab\u00eda dicho que la apuesta no era pasajera y que buscaba dos cosas:<strong> \u201cHacer guita y hablar mal de los corruptos\u201d<\/strong>. Lo que est\u00e1 por arrancar este domingo es una nueva presentaci\u00f3n de<strong> El discurso de la servidumbre voluntaria<\/strong>, escrito por el fil\u00f3sofo franc\u00e9s <strong>\u00c9tienne de La Bo\u00e9tie <\/strong>en 1548.<\/p>\n<p>La envidia de la estatua viviente, Pablo Alarc\u00f3n. Por tratarse de teatro a la gorra, <strong>una aut\u00e9ntica multitud lo rodea en una tarde de domingo casi perfecta<\/strong>. No hace fr\u00edo y el sol acaricia las mejillas acicaladas del actor. <strong>Ser\u00e1n casi dos horas de shows en continuado<\/strong>.<\/p>\n<p>   <img decoding=\"async\" src=\"https:\/\/www.clarin.com\/img\/2023\/08\/27\/Dvwdn1xj6_720x0__1.jpg\" alt=\"Pablo Alarc\u00f3n lleg\u00f3 a la plaza de Recoleta con su vestuario. Pura autogesti\u00f3n. Y su gorra recibi\u00f3 su merecido. Foto Constanza Niscovolos.\"\/><figcaption>Pablo Alarc\u00f3n lleg\u00f3 a la plaza de Recoleta con su vestuario. Pura autogesti\u00f3n. Y su gorra recibi\u00f3 su merecido. Foto Constanza Niscovolos. <\/figcaption><p>Alarc\u00f3n viene siendo noticia porque, al igual que muchos argentinos, encontr\u00f3 una forma alternativa de esquivar la crisis econ\u00f3mica haciendo un espect\u00e1culo que no tiene un valor determinado. <strong>Cada uno puede colaborar con lo que desee<\/strong>.<\/p>\n<p>Perturba,<strong> desordena ver a un tipo con 80 ficciones en sus espaldas, a un int\u00e9rprete que fue de Chejov a Muscari, recibiendo billetes sueltos<\/strong>. Una se\u00f1ora que lo celebra desde una supuesta primera fila <strong>pone dos de 500<\/strong>. A cambio de cada contribuci\u00f3n, el p\u00fablico <strong>recibe un cuadernito fotocopiado con el texto del fil\u00f3sofo franc\u00e9s<\/strong>.<\/p>\n<p>En t\u00e9rminos teatrales podr\u00eda tratarse de una pieza breve. <strong>En t\u00e9rminos pol\u00edticos, de una arenga opositora<\/strong>. Por estas horas, leemos en las redes que Pablo Alarc\u00f3n deber\u00eda ser declarado \u201cciudadano ilustre\u201d. Tambi\u00e9n hay gente que se comunica con este diario para decir: \u201cPablo es un actorazo, quiero depositarle un regalito en su cuenta\u201d. <strong>O un mail desde donde preguntan si \u201caceptar\u00e1 algunas frazadas\u201d<\/strong>.<\/p>\n<p>Un vendedor ambulante que cobra 1.800 pesos por un licuado de frutas se acerca al actor y le regala uno:<strong> &quot;Invita la casa<\/strong>&quot;. Una se\u00f1ora de capa y zapatillas aladas, como arrancada de Harry Potter, lleva un cartel manuscrito: \u201cM\u00e1s amor, por favor\u201d. <strong>Dos mil pesos pone otra mujer: \u201cLo m\u00ednimo que puedo hacer por un artista<\/strong> de su envergadura\u201d.<\/p>\n<p>   <img decoding=\"async\" src=\"https:\/\/www.clarin.com\/img\/2023\/08\/27\/PMikxFPxc_720x0__1.jpg\" alt=\"Pablo Alarc\u00f3n present\u00f3 &quot;El discurso de la servidumbre voluntaria&quot;. foto Constanza Niscovolos\"\/><figcaption>Pablo Alarc\u00f3n present\u00f3 &quot;El discurso de la servidumbre voluntaria&quot;. foto Constanza Niscovolos <\/figcaption><p>Si \u00e9ste fuera el p\u00fablico de Alarc\u00f3n, habr\u00eda que decir que <strong>es gente que creci\u00f3 con el Magiclick y debut\u00f3 en internet con hijos ya egresados<\/strong>. Personas transitando la madurez con elegancia y carillas dentales. Runners electrizantes que hablan de \u201csociedad decadente y enferma\u201d. Personas que escuchan a C\u00e9line Dion y si eligen series preferidas deber\u00edan dudar entre <strong>Bonanza<\/strong> y <strong>Valle de pasiones<\/strong>.<\/p>\n<p>La obra se llama <strong>El discurso de la servidumbre voluntaria<\/strong> y podr\u00eda codearse con uno de esos t\u00edpicos sermones anti \u201ccasta\u201d que o\u00edmos por estos d\u00edas.<\/p>\n<p>Ser\u00eda algo anacr\u00f3nico tildarlo de \u201canarquista\u201d, pero <strong>la tesis de lo que manipula Alarc\u00f3n zumba una reflexi\u00f3n libertaria sobre el principio de autoridad<\/strong>. La Bo\u00e9tie le hablaba a personas privadas de su libertad: \u201c\u00bfC\u00f3mo puede ser que tantos hombres, tantos pueblos, tantas ciudades, tantas naciones soporten a veces a un tirano solo, que s\u00f3lo tiene el poder que le dan?\u201d.<\/p>\n<h2>Teatro en la plaza sobre arenas pol\u00edticas<\/h2>\n<p>A la manera de un juglar, Alarc\u00f3n reproduce fragmentos para un auditorio que entiende la consigna<strong>: \u201c\u00a1Ya se van!\u201d, grita una persona de negro. \u201cYa se fueron\u2026\u201d, devuelve otro<\/strong>.<\/p>\n<p>   <img decoding=\"async\" src=\"https:\/\/www.clarin.com\/img\/2023\/08\/27\/B-oG6aXV2_720x0__1.jpg\" alt=\"Como si hubiera sacado entrada, la gente fue especialmente a verlo al aire libre. Y a escuchar su propio discurso. Foto Constanza Niscovolos\"\/><figcaption>Como si hubiera sacado entrada, la gente fue especialmente a verlo al aire libre. Y a escuchar su propio discurso. Foto Constanza Niscovolos <\/figcaption><p><strong>\u201cEs una intervenci\u00f3n pol\u00edtica\u201d<\/strong>, repiti\u00f3 el actor, lamentando que su vocaci\u00f3n sea cada vez m\u00e1s dif\u00edcil de ejercer. Y lo dijo estimando, por las nubes, que<strong> \u201cel 99 por ciento de la colonia art\u00edstica no tiene trabajo\u201d<\/strong>.<\/p>\n<p>La aglomeraci\u00f3n de curiosos, sin propon\u00e9rselo, se transform\u00f3 en <strong>el acontecimiento teatral m\u00e1s promocionado del a\u00f1o: viejo gal\u00e1n conocido actuando a la gorra<\/strong> en espacio p\u00fablico. Ni a Carlos Rottemberg, con 40 a\u00f1os de empresario teatral, se le hubiera ocurrido semejante cosa.<\/p>\n<p>El ex gal\u00e1n lleg\u00f3 caminando despacio, serio. Con el vestuario encima. Todav\u00eda faltaba media hora para la actuaci\u00f3n cuando un tipo m\u00e1s abrigado que el rey de espadas pidi\u00f3 un \u201cfuerte aplauso\u201d.<\/p>\n<p>Ah\u00ed vienen dos mujeres a paso vivo. Quieren saber d\u00f3nde es \u201clo de Pablo Alarc\u00f3n\u201d. Una tarotista les se\u00f1ala el lugar apuntando con el ment\u00f3n. Enseguida se sacude el ambiente porque surge una presencia sutil que parece vigilada por un buf\u00f3n a\u00f1oso. Alguien arriesga: \u201c\u00a1Jos\u00e9 Sacrist\u00e1n!\u201d, en referencia al actor espa\u00f1ol. Falsa alarma.<\/p>\n<h2>Con Alfa en la platea<\/h2>\n<p><strong>El que s\u00ed llega y eclipsa un poco es Alfa, de Gran hermano<\/strong>. Los tel\u00e9fonos se distraen y la atenci\u00f3n en Alarc\u00f3n se despilfarra.<strong> \u201cViniste a hacerme competencia\u201d<\/strong>, sonr\u00ede el actor. \u201cNaaa, che, no digas as\u00ed\u2026\u201d, suplica el medi\u00e1tico con su pa\u00f1uelo en la cabeza a lo Leonardo Favio.<\/p>\n<p>   <img decoding=\"async\" src=\"https:\/\/www.clarin.com\/img\/2023\/08\/27\/Lez-uupeV_720x0__1.jpg\" alt=\"Alfa, el personaje m\u00e1s televisivo de &quot;Gran hermano&quot;, fue a apoyar la iniciativa de Alarc\u00f3n. Foto Constanza Niscovolos.\"\/><figcaption>Alfa, el personaje m\u00e1s televisivo de &quot;Gran hermano&quot;, fue a apoyar la iniciativa de Alarc\u00f3n. Foto Constanza Niscovolos. <\/figcaption><p>Pareciera que todo el mundo sabe qui\u00e9n act\u00faa hoy en Plaza Francia. <strong>Hay algo de reminiscencia tribal. S\u00f3lo faltar\u00eda compartir un fuego colectivo<\/strong>. El guion escrito en el 1500 tiene alcances de tribuna de doctrina y Alarc\u00f3n dice que el texto es glorioso.<\/p>\n<p><strong>\u201cHabla sobre el hartazgo de un ciudadano sometido un gobierno corrupto, insaciable, voraz y ladr\u00f3n\u201d<\/strong>. A los 77 a\u00f1os, este <strong>confeso votante de Patricia Bullrich<\/strong>, y ex gal\u00e1n de telenovelas como <strong>Rosa de lejos<\/strong>, luce entero, \u00edntegro, \u00e1gil, enfocado.<\/p>\n<p>\u201cSomos millones los que estamos en la misma situaci\u00f3n&#8230; Zafando como se puede\u201d, se enoja una mujer. \u201cUn gran actor que gan\u00f3 mucho dinero sin pensar en el ma\u00f1ana. No somos eternamente j\u00f3venes\u201d, opina Marta, vecina de San Pedro.<strong> \u201c\u00a1Qu\u00e9 actorazo! Me da verg\u00fcenza y tristeza la situaci\u00f3n que est\u00e1 pasando\u2026\u201d<\/strong>, suma Laura Aguiar.<\/p>\n<p>Entre funci\u00f3n y funci\u00f3n, algunos caminan hacia \u00e9l, <strong>pisan la lona del escenario y, sin querer, ya est\u00e1n entre bambalinas<\/strong>. Saludos. Manos al hombro del actor. Fotos y entrevistas a dos canales de television.<\/p>\n<p>   <img decoding=\"async\" src=\"https:\/\/www.clarin.com\/img\/2023\/08\/27\/YvQKNHgNG_720x0__1.jpg\" alt=\"Una selfie con el gal\u00e1n maduro de novelas inolvidables. Foto Constanza Niscovolos.\"\/><figcaption>Una selfie con el gal\u00e1n maduro de novelas inolvidables. Foto Constanza Niscovolos. <\/figcaption><p>Alarc\u00f3n, que conoce el oficio de sonre\u00edr en p\u00fablico, manda su mirada satisfecha hacia la gente y, antes de perderse detr\u00e1s de unos \u00e1rboles, <strong>anuncia que pr\u00f3ximamente habr\u00e1 m\u00e1s: &quot;Plaza de Mayo y Congreso<\/strong>&quot;.<\/p>\n<p>    Mir\u00e1 tambi\u00e9n     <img decoding=\"async\" src=\"https:\/\/www.clarin.com\/img\/2023\/08\/27\/XurFg5IAH_300x168__1.jpg\"\/>  <\/p>\n<h3>Un cuento perfecto: la serie espa\u00f1ola que le da una vuelta de tuerca a la f\u00f3rmula de ni\u00f1a rica y chico pobre<\/h3>\n<p>       <img decoding=\"async\" src=\"https:\/\/www.clarin.com\/img\/2023\/08\/19\/Cspzumgpn_300x168__1.jpg\"\/>  <\/p>\n<h3>C\u00f3mo fue la primera semana de Got Talent, el reality que busca repetir el rating de Gran hermano<\/h3>\n<p>Suscribite para comentar<\/p>\n<p>Ya tengo suscripci\u00f3n<\/p>\n<p>                                 Noticias destacadas     <\/p>\n<ul>\n<li>\n<p>Elecciones 2023, EN VIVO: Dur\u00e1n Barba calific\u00f3 de &quot;torpe&quot; el ofrecimiento de Milei a Macri porque &quot;lo pone dentro de la casta&quot;<\/p>\n<p>                         Pol\u00edtica                                                                                                                                             <img decoding=\"async\" src=\"https:\/\/www.clarin.com\/img\/2023\/08\/10\/AWSXpcnJ4_300x168__1.jpg\" title=\"Elecciones 2023, EN VIVO: Dur\u00e1n Barba calific\u00f3 de &quot;torpe&quot; el ofrecimiento de Milei a Macri porque &quot;lo pone dentro de la casta&quot;\"\/>                                                                                                                     <\/li>\n<li>\n<p>Muri\u00f3 el fiscal federal Federico Delgado<\/p>\n<p>                         Pol\u00edtica                                                                                                                                                                                <img decoding=\"async\" src=\"https:\/\/www.clarin.com\/img\/2018\/06\/02\/SkAjpSQgX_300x168__1.jpg\" title=\"Muri\u00f3 el fiscal federal Federico Delgado\"\/>                                                                                                                     <\/li>\n<li>\n<p>Dos nuevas encuestas midieron para octubre: c\u00f3mo est\u00e1 la pelea de Milei, Bullrich y Massa<\/p>\n<p>                         Pol\u00edtica                                                                                                                                                                                <img decoding=\"async\" src=\"https:\/\/www.clarin.com\/img\/2023\/08\/16\/bhbiwp0QL_300x168__1.jpg\" alt=\"Adelanto de Clar\u00edn\" title=\"Dos nuevas encuestas midieron para octubre: c\u00f3mo est\u00e1 la pelea de Milei, Bullrich y Massa\"\/>                                                                                                                     <\/li>\n<li>\n<p>21k de Buenos Aires: con ayuda de sus amigos, Esteban Bullrich se sum\u00f3 a la media marat\u00f3n de la Ciudad<\/p>\n<p>                         Ciudades                                                                                                                                                                                <img decoding=\"async\" src=\"https:\/\/www.clarin.com\/img\/2023\/08\/27\/IuoJaI2yW_300x168__1.jpg\" title=\"21k de Buenos Aires: con ayuda de sus amigos, Esteban Bullrich se sum\u00f3 a la media marat\u00f3n de la Ciudad\"\/>                                                                                                                     <\/li>\n<li>\n<p>Sergio Massa confirm\u00f3 que anunciar\u00e1 medidas para paliar el impacto de la devaluaci\u00f3n luego de las PASO<\/p>\n<p>                         Pol\u00edtica                                                                                                                                                                                <img decoding=\"async\" src=\"https:\/\/www.clarin.com\/img\/2023\/08\/27\/NDLWVVxWS_300x168__1.jpg\" title=\"Sergio Massa confirm\u00f3 que anunciar\u00e1 medidas para paliar el impacto de la devaluaci\u00f3n luego de las PASO\"\/>                                                                                                                     <\/li>\n<li>\n<p>Independiente vs V\u00e9lez por la Copa de la Liga: hora y c\u00f3mo ver el debut de Carlos T\u00e9vez<\/p>\n<p>                         Deportes                                                                                                                                                                                <img decoding=\"async\" src=\"https:\/\/www.clarin.com\/img\/2023\/08\/22\/FemtvYdqC_300x168__1.jpg\" title=\"Independiente vs V\u00e9lez por la Copa de la Liga: hora y c\u00f3mo ver el debut de Carlos T\u00e9vez\"\/>                                                                                                                     <\/li>\n<\/ul>\n<p>Piedras 1743. C.A.B.A, Argentina<\/p>\n<p>Responsable:  Ricardo Kirschbaum<\/p>\n<p>Registro de Propiedad Intelectual:  4347221<\/p>\n<p>Edici\u00f3n N\u00ba: 10006, 27 de Agosto de 2023<\/p>\n<p>      Area Digital <\/p>\n<ul>\n<li> Diario Ol\u00e9<\/li>\n<li>Gran Dt<\/li>\n<li>Argenprop<\/li>\n<li>Gu\u00eda Clar\u00edn<\/li>\n<li>Clasificados<\/li>\n<li>Receptoria Online<\/li>\n<li>Colecciones Clar\u00edn<\/li>\n<li>Elle<\/li>\n<\/ul>\n<p>    Grupo Clar\u00edn <\/p>\n<ul>\n<li>Grupo Clar\u00edn<\/li>\n<li>Noticias Clar\u00edn<\/li>\n<li>TN<\/li>\n<li>El Trece TV<\/li>\n<li>Mitre<\/li>\n<li>La 100<\/li>\n<li>Ciudad<\/li>\n<li>Cienradios<\/li>\n<li>TyCSports<\/li>\n<li>La Voz del Interior<\/li>\n<li>Los Andes<\/li>\n<li>ViaPais<\/li>\n<li>Rumbos<\/li>\n<\/ul>\n","protected":false},"excerpt":{"rendered":"<p>Pablo Alarc\u00f3n convoc\u00f3 y conmovi\u00f3 a una multitud en Plaza Francia con su espect\u00e1culo a la gorra El ex gal\u00e1n caus\u00f3 revuelo en la semana cuando cont\u00f3 que actuaba en la calle para pagar el gas. Y este domingo &quot;rompi\u00f3 taquilla&quot;. Hasta Alfa de &quot;Gran hermano&quot; fue a verlo. Hern\u00e1n Firpo 27\/08\/2023 18:45 Clar\u00edn.com Espect\u00e1culos [&hellip;]<\/p>\n","protected":false},"author":2,"featured_media":0,"comment_status":"open","ping_status":"open","sticky":false,"template":"","format":"standard","meta":{"footnotes":""},"categories":[4],"tags":[],"_links":{"self":[{"href":"https:\/\/maxradio923.com.ar\/index.php\/wp-json\/wp\/v2\/posts\/545"}],"collection":[{"href":"https:\/\/maxradio923.com.ar\/index.php\/wp-json\/wp\/v2\/posts"}],"about":[{"href":"https:\/\/maxradio923.com.ar\/index.php\/wp-json\/wp\/v2\/types\/post"}],"author":[{"embeddable":true,"href":"https:\/\/maxradio923.com.ar\/index.php\/wp-json\/wp\/v2\/users\/2"}],"replies":[{"embeddable":true,"href":"https:\/\/maxradio923.com.ar\/index.php\/wp-json\/wp\/v2\/comments?post=545"}],"version-history":[{"count":0,"href":"https:\/\/maxradio923.com.ar\/index.php\/wp-json\/wp\/v2\/posts\/545\/revisions"}],"wp:attachment":[{"href":"https:\/\/maxradio923.com.ar\/index.php\/wp-json\/wp\/v2\/media?parent=545"}],"wp:term":[{"taxonomy":"category","embeddable":true,"href":"https:\/\/maxradio923.com.ar\/index.php\/wp-json\/wp\/v2\/categories?post=545"},{"taxonomy":"post_tag","embeddable":true,"href":"https:\/\/maxradio923.com.ar\/index.php\/wp-json\/wp\/v2\/tags?post=545"}],"curies":[{"name":"wp","href":"https:\/\/api.w.org\/{rel}","templated":true}]}}