{"id":54215,"date":"2025-10-24T10:56:13","date_gmt":"2025-10-24T13:56:13","guid":{"rendered":"https:\/\/maxradio923.com.ar\/index.php\/2025\/10\/24\/termino-haciendo-lo-que-habia-prometido-la-dura-acusacion-de-izquierdoz-contra-el-arbitro-daronco-por-el-polemico-final-entre-u-de-chile-y-lanus\/"},"modified":"2025-10-24T10:56:13","modified_gmt":"2025-10-24T13:56:13","slug":"termino-haciendo-lo-que-habia-prometido-la-dura-acusacion-de-izquierdoz-contra-el-arbitro-daronco-por-el-polemico-final-entre-u-de-chile-y-lanus","status":"publish","type":"post","link":"https:\/\/maxradio923.com.ar\/index.php\/2025\/10\/24\/termino-haciendo-lo-que-habia-prometido-la-dura-acusacion-de-izquierdoz-contra-el-arbitro-daronco-por-el-polemico-final-entre-u-de-chile-y-lanus\/","title":{"rendered":"\u201cTermin\u00f3 haciendo lo que hab\u00eda prometido\u201d: la dura acusaci\u00f3n de Izquierdoz contra el \u00e1rbitro Daronco por el pol\u00e9mico final entre U de Chile y Lan\u00fas"},"content":{"rendered":"<p><\/p>\n<div>\n<p class=\"paragraph\">El final del partido de ida de las semifinales de la Copa Sudamericana protagoniz\u00f3 una fuerte controversia tras el empate 2-2 entre Lan\u00fas y la Universidad de Chile en Santiago. En tiempo a\u00f1adido, el \u00e1rbitro brasile\u00f1o Anderson Daronco sancion\u00f3 un penal contra los argentinos, decisi\u00f3n que intensific\u00f3 los reclamos de los jugadores y provoc\u00f3 fuertes declaraciones por parte del capit\u00e1n <b>Carlos Izquierdoz<\/b>.<\/p>\n<p class=\"paragraph\">Seg\u00fan expres\u00f3 el Cali en declaraciones a <i>ESPN<\/i>, el malestar del plantel granate no se limit\u00f3 a la sanci\u00f3n en s\u00ed, sino tambi\u00e9n a una supuesta advertencia que Daronco le habr\u00eda hecho durante buena parte del segundo tiempo: \u201c<b>El \u00e1rbitro no s\u00e9 qu\u00e9 ve. Tiene tiempo y mil c\u00e1maras para corroborar lo que vemos. Fue clar\u00edsimo.<\/b> Con los dos brazos lo apoya encima. Pega en el brazo por la carga del jugador de ellos. <b>Me parece lamentable<\/b>. <b>Encima, desde que inici\u00f3 el segundo tiempo, me ven\u00eda diciendo \u2018le voy a cobrar penal al 30\u2019. En todas las jugadas me dec\u00eda lo mismo. Termin\u00f3 haciendo lo que me hab\u00eda prometido\u201d<\/b>. El n\u00famero 30 de Lan\u00fas, Agust\u00edn Cardozo, fue el futbolista sancionado con la infracci\u00f3n que permiti\u00f3 el empate del equipo chileno en los minutos finales.<\/p>\n<p class=\"paragraph\">La acci\u00f3n del penal ocurri\u00f3 junto a una jugada previa que los futbolistas visitantes calificaron como \u201crara\u201d y protestaron por una falta anterior en el salto. El partido hab\u00eda mostrado un desarrollo favorable al Granate que lleg\u00f3 a estar 2-0 arriba, aunque el local descont\u00f3 en el complemento y, sobre la hora, consigui\u00f3 igualar las cifras con una pena m\u00e1xima. \u201cLa bronca es esa. Nos hab\u00edamos puesto en ventaja, con un 2-0 que era muy bueno. Ellos juegan bien. Planteamos el partido de esa forma, por ah\u00ed terminamos m\u00e1s atr\u00e1s de lo que quer\u00edamos. <b>Nos quedamos con la bronca que nos empataron, con la \u00faltima jugada medio rara<\/b>\u201d, repas\u00f3 el defensor.<\/p>\n<p class=\"paragraph\">Durante las entrevistas pospartido el defensor recalc\u00f3 varias veces la frase que habr\u00eda escuchado del \u00e1rbitro. <b>\u201cMe lo dijo 3 o 4 veces. Preg\u00fantenle a \u00e9l sino\u201d<\/b>, insisti\u00f3 el ex Boca Juniors al referirse a la advertencia por la que anticip\u00f3 la sanci\u00f3n del penal.<\/p>\n<div class=\"jwplayer-ctn\" itemscope=\"\" itemtype=\"https:\/\/schema.org\/VideoObject\"><meta itemprop=\"contentUrl\" content=\"https:\/\/cdn.jwplayer.com\/videos\/3ZZPyg9S-B3B0AgVE.mp4\"\/><meta itemprop=\"description\" content=\"Incidentes en la previa de U de Chile vs Lan\u00fas\"\/><meta itemprop=\"duration\" content=\"P0Y0M0DT0H0M86S\"\/><meta itemprop=\"name\" content=\"Incidentes en la previa de U de Chile vs Lan\u00fas\"\/><meta itemprop=\"thumbnailUrl\" content=\"https:\/\/cdn.jwplayer.com\/v2\/media\/3ZZPyg9S\/poster.jpg?width=720\"\/><meta itemprop=\"uploadDate\" content=\"2025-10-23T22:11:12.000Z\"\/><figcaption class=\"jwplayer-figcaption\">Incidentes en la previa de U de Chile vs Lan\u00fas<\/figcaption><\/div>\n<p class=\"paragraph\">El cruce entre Lan\u00fas y Universidad de Chile se disput\u00f3 en un estadio Nacional colmado, con un clima tenso tanto dentro como fuera del campo. El empate, que deja la serie abierta para la revancha en Buenos Aires, no fue el \u00fanico tema que caus\u00f3 preocupaci\u00f3n en el equipo argentino. Los incidentes se registraron incluso antes de que rodara el bal\u00f3n: el \u00f3mnibus que transportaba a la delegaci\u00f3n recibi\u00f3 piedrazos a pocos metros de su llegada al estadio. Uno de ellos rompi\u00f3 un vidrio del micro y la situaci\u00f3n puso en riesgo la integridad de los futbolistas, seg\u00fan lo denunciado por el propio club m\u00e1s tarde.<\/p>\n<p class=\"paragraph\">Al respecto, Izquierdoz relat\u00f3: \u201cHoy vivimos una situaci\u00f3n similar entrando al estadio. <b>Nos reventaron un vidrio de un piedrazo, que pas\u00f3 a cent\u00edmetros de Gonzalo P\u00e9rez. No entiende la gente esta que hay que comportarse bien, lo \u00fanico que hacen es perjudicar a su equipo<\/b>\u201d. Vale recordar que la U cuenta con una dura sanci\u00f3n producto de los incidentes durante su llave ante Independiente en Avellaneda.<\/p>\n<div class=\"jwplayer-ctn\" itemscope=\"\" itemtype=\"https:\/\/schema.org\/VideoObject\"><meta itemprop=\"contentUrl\" content=\"https:\/\/cdn.jwplayer.com\/videos\/3NPxX8BI-B3B0AgVE.mp4\"\/><meta itemprop=\"description\" content=\"A horas de jugar la semifinal de la Copa Sudamericana ante la U de Chile, una piedra impact\u00f3 en el vidrio de la unidad que transportaba al plantel granate rumbo al estadio&#10;&#10;&#10;\"\/><meta itemprop=\"duration\" content=\"P0Y0M0DT0H0M39S\"\/><meta itemprop=\"name\" content=\"Atacaron A Piedrazos Al Micro De Lanu\u0301s\"\/><meta itemprop=\"thumbnailUrl\" content=\"https:\/\/cdn.jwplayer.com\/v2\/media\/3NPxX8BI\/poster.jpg?width=720\"\/><meta itemprop=\"uploadDate\" content=\"2025-10-23T21:34:21.000Z\"\/><figcaption class=\"jwplayer-figcaption\">A horas de jugar la semifinal de la Copa Sudamericana ante la U de Chile, una piedra impact\u00f3 en el vidrio de la unidad que transportaba al plantel granate rumbo al estadio<\/p>\n<\/figcaption><\/div>\n<p class=\"paragraph\">El plantel de Lan\u00fas buscar\u00e1 encarar la revancha con optimismo y concentraci\u00f3n. \u201cEn casa hay que proponer, ser protagonistas. Ellos son un rival muy bueno, pero en casa tenemos que jugar el partido que queremos nosotros\u201d, afirm\u00f3 el zaguero.<\/p>\n<p class=\"paragraph\">En la rueda de prensa tambi\u00e9n se le consult\u00f3 si sospechaban alguna preferencia arbitral dada la antecedentes de Daronco con la Universidad de Chile en otras fases de la copa. Izquierdoz neg\u00f3 sospechas previas: <b>\u201cSab\u00edamos que hab\u00eda dirigido a ellos en esta Copa, pero nosotros no sospechamos. Vinimos a jugar al f\u00fatbol y punto\u201d.<\/b><\/p>\n<div class=\"visual__image\"><picture><source srcset=\"https:\/\/www.infobae.com\/resizer\/v2\/IPNLYKKITFHSXH2TO5D4T7VPO4.jpg?auth=f144010184689e62595cf729917e529b0dbb0f5eda2c30fb13fa556573208fbb&amp;smart=true&amp;width=992&amp;height=558&amp;quality=85\" media=\"(min-width: 1000px)\"\/><source srcset=\"https:\/\/www.infobae.com\/resizer\/v2\/IPNLYKKITFHSXH2TO5D4T7VPO4.jpg?auth=f144010184689e62595cf729917e529b0dbb0f5eda2c30fb13fa556573208fbb&amp;smart=true&amp;width=768&amp;height=432&amp;quality=85\" media=\"(min-width: 768px)\"\/><source srcset=\"https:\/\/www.infobae.com\/resizer\/v2\/IPNLYKKITFHSXH2TO5D4T7VPO4.jpg?auth=f144010184689e62595cf729917e529b0dbb0f5eda2c30fb13fa556573208fbb&amp;smart=true&amp;width=577&amp;height=325&amp;quality=85\" media=\"(min-width: 580px)\"\/><source srcset=\"https:\/\/www.infobae.com\/resizer\/v2\/IPNLYKKITFHSXH2TO5D4T7VPO4.jpg?auth=f144010184689e62595cf729917e529b0dbb0f5eda2c30fb13fa556573208fbb&amp;smart=true&amp;width=420&amp;height=236&amp;quality=85\" media=\"(min-width: 350px)\"\/><source srcset=\"https:\/\/www.infobae.com\/resizer\/v2\/IPNLYKKITFHSXH2TO5D4T7VPO4.jpg?auth=f144010184689e62595cf729917e529b0dbb0f5eda2c30fb13fa556573208fbb&amp;smart=true&amp;width=350&amp;height=197&amp;quality=85\" media=\"(min-width: 80px)\"\/><img alt=\"Carlos Izquierdoz apunt\u00f3 contra Daroco\" class=\"global-image\" decoding=\"async\" fetchpriority=\"low\" height=\"1080\" loading=\"lazy\" src=\"https:\/\/www.infobae.com\/resizer\/v2\/IPNLYKKITFHSXH2TO5D4T7VPO4.jpg?auth=f144010184689e62595cf729917e529b0dbb0f5eda2c30fb13fa556573208fbb&amp;smart=true&amp;width=350&amp;height=197&amp;quality=85\" width=\"1920\"\/><\/picture><figcaption class=\"article-figcaption-img\">Carlos Izquierdoz apunt\u00f3 contra Daroco (AP Photo\/Esteban Felix)<\/figcaption><\/div>\n<p class=\"paragraph\">Mauricio Pellegrino, director t\u00e9cnico de Lan\u00fas, tambi\u00e9n se mostr\u00f3 en una l\u00ednea similar a la de Izquierdoz a la hora de hablar del juez del encuentro: <b>\u201cLa imagen es elocuente. Las jugadas, si las vas pasando despacio es una jugada muy clara, elocuente. Por eso nos queda un poco de bronca\u201d.<\/b><\/p>\n<p class=\"paragraph\">La revancha ser\u00e1 el pr\u00f3ximo jueves, desde las 19, en el estadio Ciudad de Lan\u00fas N\u00e9stor D\u00edaz P\u00e9rez. Por el otro lado del cuadro, Independiente del Valle igual\u00f3 1-1 contra Atl\u00e9tico Mineiro en Ecuador y el martes se definir\u00e1 todo en Belo Horizonte. <\/p>\n<\/div>\n<p><script defer=\"\">try{!function(f,b,e,v,n,t,s) {if(f.fbq)return;n=f.fbq=function(){n.callMethod? n.callMethod.apply(n,arguments):n.queue.push(arguments)}; if(!f._fbq)f._fbq=n;n.push=n;n.loaded=!0;n.version='2.0'; n.queue=[];t=b.createElement(e);t.async=!0; t.src=v;s=b.getElementsByTagName(e)[0]; s.parentNode.insertBefore(t,s)}(window, document,'script', ' fbq('init', '336383993555320'); fbq('track', 'PageView'); fbq('track', 'ViewContent');}catch(error){console.log(\"Error al inicializar facebookPixelRawCodeScript:\",error);}<\/script><\/p>\n","protected":false},"excerpt":{"rendered":"<p>El final del partido de ida de las semifinales de la Copa Sudamericana protagoniz\u00f3 una fuerte controversia tras el empate 2-2 entre Lan\u00fas y la Universidad de Chile en Santiago. En tiempo a\u00f1adido, el \u00e1rbitro brasile\u00f1o Anderson Daronco sancion\u00f3 un penal contra los argentinos, decisi\u00f3n que intensific\u00f3 los reclamos de los jugadores y provoc\u00f3 fuertes [&hellip;]<\/p>\n","protected":false},"author":2,"featured_media":54216,"comment_status":"","ping_status":"","sticky":false,"template":"","format":"standard","meta":{"footnotes":""},"categories":[2],"tags":[],"_links":{"self":[{"href":"https:\/\/maxradio923.com.ar\/index.php\/wp-json\/wp\/v2\/posts\/54215"}],"collection":[{"href":"https:\/\/maxradio923.com.ar\/index.php\/wp-json\/wp\/v2\/posts"}],"about":[{"href":"https:\/\/maxradio923.com.ar\/index.php\/wp-json\/wp\/v2\/types\/post"}],"author":[{"embeddable":true,"href":"https:\/\/maxradio923.com.ar\/index.php\/wp-json\/wp\/v2\/users\/2"}],"replies":[{"embeddable":true,"href":"https:\/\/maxradio923.com.ar\/index.php\/wp-json\/wp\/v2\/comments?post=54215"}],"version-history":[{"count":0,"href":"https:\/\/maxradio923.com.ar\/index.php\/wp-json\/wp\/v2\/posts\/54215\/revisions"}],"wp:featuredmedia":[{"embeddable":true,"href":"https:\/\/maxradio923.com.ar\/index.php\/wp-json\/wp\/v2\/media\/54216"}],"wp:attachment":[{"href":"https:\/\/maxradio923.com.ar\/index.php\/wp-json\/wp\/v2\/media?parent=54215"}],"wp:term":[{"taxonomy":"category","embeddable":true,"href":"https:\/\/maxradio923.com.ar\/index.php\/wp-json\/wp\/v2\/categories?post=54215"},{"taxonomy":"post_tag","embeddable":true,"href":"https:\/\/maxradio923.com.ar\/index.php\/wp-json\/wp\/v2\/tags?post=54215"}],"curies":[{"name":"wp","href":"https:\/\/api.w.org\/{rel}","templated":true}]}}