{"id":54209,"date":"2025-10-24T10:26:08","date_gmt":"2025-10-24T13:26:08","guid":{"rendered":"https:\/\/maxradio923.com.ar\/index.php\/2025\/10\/24\/la-transformacion-de-lourdes-fernandez-en-lowrdez-su-vida-antes-de-bandana-y-la-reinvencion-como-icono-pop\/"},"modified":"2025-10-24T10:26:08","modified_gmt":"2025-10-24T13:26:08","slug":"la-transformacion-de-lourdes-fernandez-en-lowrdez-su-vida-antes-de-bandana-y-la-reinvencion-como-icono-pop","status":"publish","type":"post","link":"https:\/\/maxradio923.com.ar\/index.php\/2025\/10\/24\/la-transformacion-de-lourdes-fernandez-en-lowrdez-su-vida-antes-de-bandana-y-la-reinvencion-como-icono-pop\/","title":{"rendered":"La transformaci\u00f3n de Lourdes Fern\u00e1ndez en Lowrdez: su vida antes de Bandana y la reinvenci\u00f3n como \u00edcono pop"},"content":{"rendered":"<p><\/p>\n<h2 class=\"article-subheadline text_align_left\">La artista supo adaptarse a los cambios de la industria y mantener su vigencia m\u00e1s all\u00e1 del grupo que la lanz\u00f3 a la fama. Sus comienzos en la m\u00fasica, sus logros profesionales y la llave para volver a sanar<\/h2>\n<p><\/p>\n<p class=\"paragraph\"><b>Cecilia Lourdes Fern\u00e1ndez<\/b>, nacida el 2 de abril de 1981 en <b>Hurlingham<\/b>, provincia de Buenos Aires, es conocida art\u00edsticamente como <b>Lowrdez<\/b>. Su nombre est\u00e1 estrechamente vinculado a <i><b>Bandana<\/b><\/i>, el grupo pop que marc\u00f3 una \u00e9poca en la m\u00fasica argentina y latinoamericana, aunque su carrera abarca mucho m\u00e1s: cantante, compositora, conductora, bailarina y actriz, Lowrdez ha desarrollado una trayectoria multifac\u00e9tica y en constante transformaci\u00f3n.<\/p>\n<p><\/p>\n<p class=\"paragraph\">En 2001, Fern\u00e1ndez se present\u00f3 al reality show <i><b>Popstars<\/b><\/i> y fue seleccionada entre m\u00e1s de 3.500 aspirantes para integrar un nuevo grupo pop femenino. As\u00ed naci\u00f3<i><b> Bandana<\/b><\/i>, junto a <b>Valeria Gastaldi<\/b>, <b>Virginia da Cunha<\/b>, <b>Lissa Vera<\/b> e <b>Ivonne Guzm\u00e1n<\/b>. El impacto fue inmediato: el \u00e1lbum debut,<b> <\/b><i><b>Bandana<\/b><\/i>, incluy\u00f3 \u00e9xitos como \u201cGuapas\u201d, <i>\u201cC\u00f3mo puede ser\u201d y \u201cMaldita noche\u201d<\/i>, que escalaron r\u00e1pidamente en los rankings no solo de Argentina. El fen\u00f3meno se traslad\u00f3 a otros pa\u00edses y continu\u00f3 con el segundo disco, <i>Noche (2002), que sum\u00f3 temas como \u201cLlega la noche\u201d, \u201cUn demonio\u201d, \u201cNecesito tu amor\u201d y \u201cNadie como yo\u201d. <\/i><\/p>\n<p><\/p>\n<p class=\"paragraph\">En 2003, lanzaron <i><b>Vivir intentando<\/b><\/i>, que acompa\u00f1\u00f3 el estreno de la pel\u00edcula hom\u00f3nima donde Fern\u00e1ndez debut\u00f3 como actriz. En 2004, tras la separaci\u00f3n del grupo, se edit\u00f3 el CD\/DVD de despedida \u201cHasta siempre\u201d, cerrando una etapa que dej\u00f3 huella en la cultura pop regional.<\/p>\n<p><\/p>\n<p class=\"paragraph\">Ese mismo a\u00f1o, Fern\u00e1ndez inici\u00f3 su carrera solista con el \u00e1lbum <i><b>Televisivamente<\/b><\/i>, editado por EMI. El disco incluy\u00f3 sencillos como \u201cTelevisivamente\u201d, \u201cTengo que volver\u201d y \u201cHi hi hit (Cenizas en el mar)\u201d, acompa\u00f1ados de videoclips y una gira promocional. Este trabajo le vali\u00f3 nominaciones a los <b>Premios Gardel<\/b>, <b>Clar\u00edn<\/b> y <b>MTV<\/b>. En 2007, lanz\u00f3 \u201cDe otro mundo\u201d, tambi\u00e9n bajo EMI, con sencillos como el hom\u00f3nimo y \u201cYo te hac\u00eda bien\u201d, y nuevamente fue candidata a los Premios Gardel.<\/p>\n<p><\/p>\n<p class=\"paragraph\">En 2010, Fern\u00e1ndez inaugur\u00f3 el bar <b>Cultura Urbana<\/b> en Ramos Mej\u00eda, sumando el emprendimiento gastron\u00f3mico a su lista de proyectos. Un a\u00f1o despu\u00e9s, tras desvincularse de EMI y <b>optar por la independencia, present\u00f3 el \u00e1lbum <\/b><i><b>El orden del kaos<\/b><\/i><b> y adopt\u00f3 el nombre art\u00edstico Lowrdez. <\/b><\/p>\n<p><\/p>\n<p class=\"paragraph\">En una entrevista, explic\u00f3 que la decisi\u00f3n respondi\u00f3 a la necesidad de diferenciarse y facilitar su b\u00fasqueda en internet, ya que su nombre original la relegaba en los resultados digitales. El sencillo <i>\u201cAire\u201d <\/i>marc\u00f3 el inicio de esta etapa, acompa\u00f1ado de una gira por la costa argentina y Rosario, y colaboraciones como el videoclip <i>\u201cEspiral (\u00c1rboles suicidas)\u201d<\/i> junto a <b>Leo Garc\u00eda<\/b>.<\/p>\n","protected":false},"excerpt":{"rendered":"<p>La artista supo adaptarse a los cambios de la industria y mantener su vigencia m\u00e1s all\u00e1 del grupo que la lanz\u00f3 a la fama. Sus comienzos en la m\u00fasica, sus logros profesionales y la llave para volver a sanar Cecilia Lourdes Fern\u00e1ndez, nacida el 2 de abril de 1981 en Hurlingham, provincia de Buenos Aires, [&hellip;]<\/p>\n","protected":false},"author":2,"featured_media":54210,"comment_status":"","ping_status":"","sticky":false,"template":"","format":"standard","meta":{"footnotes":""},"categories":[12],"tags":[],"_links":{"self":[{"href":"https:\/\/maxradio923.com.ar\/index.php\/wp-json\/wp\/v2\/posts\/54209"}],"collection":[{"href":"https:\/\/maxradio923.com.ar\/index.php\/wp-json\/wp\/v2\/posts"}],"about":[{"href":"https:\/\/maxradio923.com.ar\/index.php\/wp-json\/wp\/v2\/types\/post"}],"author":[{"embeddable":true,"href":"https:\/\/maxradio923.com.ar\/index.php\/wp-json\/wp\/v2\/users\/2"}],"replies":[{"embeddable":true,"href":"https:\/\/maxradio923.com.ar\/index.php\/wp-json\/wp\/v2\/comments?post=54209"}],"version-history":[{"count":0,"href":"https:\/\/maxradio923.com.ar\/index.php\/wp-json\/wp\/v2\/posts\/54209\/revisions"}],"wp:featuredmedia":[{"embeddable":true,"href":"https:\/\/maxradio923.com.ar\/index.php\/wp-json\/wp\/v2\/media\/54210"}],"wp:attachment":[{"href":"https:\/\/maxradio923.com.ar\/index.php\/wp-json\/wp\/v2\/media?parent=54209"}],"wp:term":[{"taxonomy":"category","embeddable":true,"href":"https:\/\/maxradio923.com.ar\/index.php\/wp-json\/wp\/v2\/categories?post=54209"},{"taxonomy":"post_tag","embeddable":true,"href":"https:\/\/maxradio923.com.ar\/index.php\/wp-json\/wp\/v2\/tags?post=54209"}],"curies":[{"name":"wp","href":"https:\/\/api.w.org\/{rel}","templated":true}]}}