{"id":54203,"date":"2025-10-24T09:50:10","date_gmt":"2025-10-24T12:50:10","guid":{"rendered":"https:\/\/maxradio923.com.ar\/index.php\/2025\/10\/24\/la-seleccion-argentina-arranca-su-camino-al-mundial-2027-en-la-liga-de-naciones-femenina-agenda-y-todo-lo-que-hay-que-saber\/"},"modified":"2025-10-24T09:50:10","modified_gmt":"2025-10-24T12:50:10","slug":"la-seleccion-argentina-arranca-su-camino-al-mundial-2027-en-la-liga-de-naciones-femenina-agenda-y-todo-lo-que-hay-que-saber","status":"publish","type":"post","link":"https:\/\/maxradio923.com.ar\/index.php\/2025\/10\/24\/la-seleccion-argentina-arranca-su-camino-al-mundial-2027-en-la-liga-de-naciones-femenina-agenda-y-todo-lo-que-hay-que-saber\/","title":{"rendered":"La selecci\u00f3n argentina arranca su camino al Mundial 2027 en la Liga de Naciones Femenina: agenda y todo lo que hay que saber"},"content":{"rendered":"<p><\/p>\n<div>\n<div class=\"visual__image image-initial-width\"><picture><source srcset=\"https:\/\/www.infobae.com\/resizer\/v2\/JLB7SBI7BFHHFJMDHUHL5TRMDM.jpg?auth=20df88a5a23b78af9a4f5867c6accdfd5bafbf81bbc528674a617f0e8ff0c1a9&amp;smart=true&amp;width=992&amp;height=661&amp;quality=85\" media=\"(min-width: 1000px)\"\/><source srcset=\"https:\/\/www.infobae.com\/resizer\/v2\/JLB7SBI7BFHHFJMDHUHL5TRMDM.jpg?auth=20df88a5a23b78af9a4f5867c6accdfd5bafbf81bbc528674a617f0e8ff0c1a9&amp;smart=true&amp;width=768&amp;height=512&amp;quality=85\" media=\"(min-width: 768px)\"\/><source srcset=\"https:\/\/www.infobae.com\/resizer\/v2\/JLB7SBI7BFHHFJMDHUHL5TRMDM.jpg?auth=20df88a5a23b78af9a4f5867c6accdfd5bafbf81bbc528674a617f0e8ff0c1a9&amp;smart=true&amp;width=577&amp;height=385&amp;quality=85\" media=\"(min-width: 580px)\"\/><source srcset=\"https:\/\/www.infobae.com\/resizer\/v2\/JLB7SBI7BFHHFJMDHUHL5TRMDM.jpg?auth=20df88a5a23b78af9a4f5867c6accdfd5bafbf81bbc528674a617f0e8ff0c1a9&amp;smart=true&amp;width=420&amp;height=280&amp;quality=85\" media=\"(min-width: 350px)\"\/><source srcset=\"https:\/\/www.infobae.com\/resizer\/v2\/JLB7SBI7BFHHFJMDHUHL5TRMDM.jpg?auth=20df88a5a23b78af9a4f5867c6accdfd5bafbf81bbc528674a617f0e8ff0c1a9&amp;smart=true&amp;width=350&amp;height=233&amp;quality=85\" media=\"(min-width: 80px)\"\/><img alt=\"La selecci\u00f3n argentina de f\u00fatbol\" class=\"global-image\" decoding=\"async\" fetchpriority=\"high\" height=\"2731\" loading=\"eager\" src=\"https:\/\/www.infobae.com\/resizer\/v2\/JLB7SBI7BFHHFJMDHUHL5TRMDM.jpg?auth=20df88a5a23b78af9a4f5867c6accdfd5bafbf81bbc528674a617f0e8ff0c1a9&amp;smart=true&amp;width=350&amp;height=233&amp;quality=85\" width=\"4096\"\/><\/picture><figcaption class=\"article-figcaption-img\">La selecci\u00f3n argentina de f\u00fatbol debutar\u00e1 ante Paraguay en la Liga de Naciones de Conmebol (@Argentina)<\/figcaption><\/div>\n<p class=\"paragraph\">Se pone en marcha la primera edici\u00f3n de la <b>Liga de Naciones Femenina (LNF)<\/b>, el torneo de selecciones que organiza la<b> Confederaci\u00f3n Sudamericana de F\u00fatbol<\/b> (Conmebol) para determinar a los dos equipos que obtendr\u00e1n la plaza directa a la <b>Copa Mundial de la FIFA <\/b>que se disputar\u00e1 en <b>Brasil <\/b>en 2027.<\/p>\n<p class=\"paragraph\">Luego del sorteo que se llev\u00f3 a cabo el pasado 31 de julio, esta noche debutar\u00e1 la <b>Argentina <\/b>frente a <b>Paraguay <\/b>en el estadio <i>Diego Armando Maradona<\/i> de Argentinos Juniors, a partir de las <b>20.00 <\/b>y transmisi\u00f3n de manera libre y gratuita por el canal oficial de streaming <i><b>AFA Estudio<\/b><\/i>. <\/p>\n<p class=\"paragraph\">Las entradas, que est\u00e1n a la venta en la plataforma digital <i>Deportick<\/i>, se pueden conseguir desde 10.000 pesos la popular y $20.000 la platea. El equipo que dirige <b>Germ\u00e1n Portanova<\/b> volver\u00e1 a presentarse el <b>martes 28 de octubre<\/b> en el estadio <i>Centenario<\/i> de <b>Montevideo<\/b> ante <b>Uruguay <\/b>por la segunda fecha de la LNF. <\/p>\n<p class=\"paragraph\">En cuanto al resto de la primera jornada, <b>Colombia <\/b>recibir\u00e1 a <b>Per\u00fa <\/b>en Medell\u00edn; <b>Bolivia <\/b>har\u00e1 lo propio en El Alto frente a <b>Ecuador <\/b>y <b>Venezuela <\/b>recibir\u00e1 a <b>Chile<\/b> en Cabudare. Cabe destacar que <b>Uruguay <\/b>tendr\u00e1 fecha libre dado que <b>Brasil <\/b>no participa de la <b>Liga de Naciones<\/b> al estar clasificado al pr\u00f3ximo Mundial por ser anfitri\u00f3n. <\/p>\n<p class=\"paragraph\">La selecci\u00f3n <i>albiceleste <\/i>tendr\u00e1 jornada libre en la tercera fecha y volver\u00e1 a presentarse el <b>2 de diciembre<\/b> como local ante <b>Bolivia<\/b> en el \u00faltimo partido del a\u00f1o. Ya en 2026, <b>Argentina<\/b> tendr\u00e1 una agenda cargada en abril: visitar\u00e1 a <b>Chile <\/b>(10\/4) y <b>Venezuela<\/b> (14\/4) y recibir\u00e1 a <b>Colombia <\/b>(18\/4). En la ventana de junio ser\u00e1 local ante <b>Per\u00fa <\/b>(5\/6) y visitante de <b>Ecuador <\/b>(9\/6), en Quito. <\/p>\n<div class=\"visual__image\"><picture><source srcset=\"https:\/\/www.infobae.com\/resizer\/v2\/SABYS5CJ5VEM5MXZLUNNLL3WS4.jpg?auth=6d594c1e9d8d08bfd812183eab76a6b01777071dd241764ecc137a39ece8b5d6&amp;smart=true&amp;width=992&amp;height=661&amp;quality=85\" media=\"(min-width: 1000px)\"\/><source srcset=\"https:\/\/www.infobae.com\/resizer\/v2\/SABYS5CJ5VEM5MXZLUNNLL3WS4.jpg?auth=6d594c1e9d8d08bfd812183eab76a6b01777071dd241764ecc137a39ece8b5d6&amp;smart=true&amp;width=768&amp;height=512&amp;quality=85\" media=\"(min-width: 768px)\"\/><source srcset=\"https:\/\/www.infobae.com\/resizer\/v2\/SABYS5CJ5VEM5MXZLUNNLL3WS4.jpg?auth=6d594c1e9d8d08bfd812183eab76a6b01777071dd241764ecc137a39ece8b5d6&amp;smart=true&amp;width=577&amp;height=385&amp;quality=85\" media=\"(min-width: 580px)\"\/><source srcset=\"https:\/\/www.infobae.com\/resizer\/v2\/SABYS5CJ5VEM5MXZLUNNLL3WS4.jpg?auth=6d594c1e9d8d08bfd812183eab76a6b01777071dd241764ecc137a39ece8b5d6&amp;smart=true&amp;width=420&amp;height=280&amp;quality=85\" media=\"(min-width: 350px)\"\/><source srcset=\"https:\/\/www.infobae.com\/resizer\/v2\/SABYS5CJ5VEM5MXZLUNNLL3WS4.jpg?auth=6d594c1e9d8d08bfd812183eab76a6b01777071dd241764ecc137a39ece8b5d6&amp;smart=true&amp;width=350&amp;height=233&amp;quality=85\" media=\"(min-width: 80px)\"\/><img alt=\"Yamila Rodriguez de Argentina celebra\" class=\"global-image\" decoding=\"async\" fetchpriority=\"low\" height=\"3484\" loading=\"lazy\" src=\"https:\/\/www.infobae.com\/resizer\/v2\/SABYS5CJ5VEM5MXZLUNNLL3WS4.jpg?auth=6d594c1e9d8d08bfd812183eab76a6b01777071dd241764ecc137a39ece8b5d6&amp;smart=true&amp;width=350&amp;height=233&amp;quality=85\" width=\"5226\"\/><\/picture><figcaption class=\"article-figcaption-img\">Yamila Rodriguez de Argentina celebra despu\u00e9s de marcar el gol de su selecci\u00f3n frente a Per\u00fa durante el partido de la Copa Am\u00e9rica Femenina 2025, en Quito, Ecuador. (AP Foto\/Dolores Ochoa)<\/figcaption><\/div>\n<p class=\"paragraph\">En cuanto a las \u00faltimas actuaciones de la Selecci\u00f3n est\u00e1 como antecedente la destacada participaci\u00f3n en la <b>Copa Am\u00e9rica de Ecuador 2025<\/b>, donde <b>Argentina termin\u00f3 tercera<\/b>, perdiendo en semifinales ante <b>Colombia <\/b>en los penales tras el empate 0-0 en el tiempo regular. En el partido por el podio, venci\u00f3 por la misma v\u00eda a <b>Uruguay <\/b>luego de la igualdad 2-2. En fase de grupos, las argentinas terminaron con puntaje perfecto tras vencer a las <i>Celestes<\/i>, Chile, Ecuador y Per\u00fa. <\/p>\n<p class=\"paragraph\"><b>El formato de la Liga de Naciones Femenina<\/b><\/p>\n<p class=\"paragraph\">La <b>Conmebol Liga de Naciones Femenina<\/b> contempla una <b>fase \u00fanica<\/b>, en la que los equipos se enfrentar\u00e1n todos contra todos en partidos de ida, sumando un total de <b>nueve jornadas<\/b>. En cada fecha, <b>ocho selecciones<\/b> disputar\u00e1n sus encuentros mientras una quedar\u00e1 libre, garantizando que cada equipo descanse en una de las jornadas. El calendario preliminar, elaborado y aprobado por la Conmebol en la reuni\u00f3n de su Consejo del 7 de abril de 2025, prev\u00e9 la realizaci\u00f3n de <b>36 partidos<\/b> a lo largo del torneo.<\/p>\n<p class=\"paragraph\">La organizaci\u00f3n del certamen se ajustar\u00e1 estrictamente al calendario internacional femenino de la <b>FIFA<\/b> para los periodos 2023-2025 y 2026-2029, de modo que los partidos se disputar\u00e1n durante las ventanas oficiales establecidas por el organismo rector del f\u00fatbol mundial. En los periodos Tipo I, que comprenden nueve d\u00edas (de lunes a martes), se permitir\u00e1 la realizaci\u00f3n de hasta dos partidos por equipo: el primero se jugar\u00e1 el viernes y el segundo el martes, \u00faltimo d\u00eda del periodo. En los periodos Tipo II, de doce d\u00edas (de martes a s\u00e1bado), se podr\u00e1n disputar hasta tres partidos: el primero el viernes, el segundo el martes y el tercero el s\u00e1bado, siempre con un m\u00ednimo de <b>tres d\u00edas completos de descanso<\/b> entre cada encuentro.<\/p>\n<p class=\"paragraph\">La relevancia de la <b>LNF<\/b> radica en su funci\u00f3n como plataforma de <b>preparaci\u00f3n <\/b>y <b>desarrollo para las selecciones nacionales<\/b>, al ofrecer una competencia oficial y regular que fomenta la acumulaci\u00f3n de experiencia y minutos internacionales. Seg\u00fan la informaci\u00f3n difundida por la Conmebol, el torneo busca impulsar la competitividad y el crecimiento del f\u00fatbol femenino en Sudam\u00e9rica, en un contexto en el que la profesionalizaci\u00f3n y la visibilidad de la disciplina se han convertido en prioridades para las federaciones.<\/p>\n<p class=\"paragraph\">En cuanto a la clasificaci\u00f3n para la <b>Copa Mundial Femenina de la FIFA 2027<\/b>, el sistema establece que los equipos que finalicen en las <b>dos primeras posiciones de la tabla <\/b>acceder\u00e1n de<b> manera directa <\/b>al torneo ecum\u00e9nico, mientras que quienes ocupen el <b>tercer <\/b>y <b>cuarto <\/b>lugar tendr\u00e1n la oportunidad de disputar el <b>repechaje intercontinental<\/b>. De este modo, la <b>LNF<\/b> se convierte en un escenario clave para las aspiraciones de las selecciones sudamericanas de cara al m\u00e1ximo evento del f\u00fatbol femenino.<\/p>\n<div class=\"visual__image\"><picture><source srcset=\"https:\/\/www.infobae.com\/resizer\/v2\/W4SG7VCLH36UNEHNZ7XHV4DGAU.jpg?auth=94f33157ee03e48f4565a74d918e491c72d88c68c021a04effbcd8e8a10830d6&amp;smart=true&amp;width=992&amp;height=689&amp;quality=85\" media=\"(min-width: 1000px)\"\/><source srcset=\"https:\/\/www.infobae.com\/resizer\/v2\/W4SG7VCLH36UNEHNZ7XHV4DGAU.jpg?auth=94f33157ee03e48f4565a74d918e491c72d88c68c021a04effbcd8e8a10830d6&amp;smart=true&amp;width=768&amp;height=533&amp;quality=85\" media=\"(min-width: 768px)\"\/><source srcset=\"https:\/\/www.infobae.com\/resizer\/v2\/W4SG7VCLH36UNEHNZ7XHV4DGAU.jpg?auth=94f33157ee03e48f4565a74d918e491c72d88c68c021a04effbcd8e8a10830d6&amp;smart=true&amp;width=577&amp;height=401&amp;quality=85\" media=\"(min-width: 580px)\"\/><source srcset=\"https:\/\/www.infobae.com\/resizer\/v2\/W4SG7VCLH36UNEHNZ7XHV4DGAU.jpg?auth=94f33157ee03e48f4565a74d918e491c72d88c68c021a04effbcd8e8a10830d6&amp;smart=true&amp;width=420&amp;height=292&amp;quality=85\" media=\"(min-width: 350px)\"\/><source srcset=\"https:\/\/www.infobae.com\/resizer\/v2\/W4SG7VCLH36UNEHNZ7XHV4DGAU.jpg?auth=94f33157ee03e48f4565a74d918e491c72d88c68c021a04effbcd8e8a10830d6&amp;smart=true&amp;width=350&amp;height=243&amp;quality=85\" media=\"(min-width: 80px)\"\/><img alt=\"Germ\u00e1n Portanova es el entrenador\" class=\"global-image\" decoding=\"async\" fetchpriority=\"low\" height=\"2281\" loading=\"lazy\" src=\"https:\/\/www.infobae.com\/resizer\/v2\/W4SG7VCLH36UNEHNZ7XHV4DGAU.jpg?auth=94f33157ee03e48f4565a74d918e491c72d88c68c021a04effbcd8e8a10830d6&amp;smart=true&amp;width=350&amp;height=243&amp;quality=85\" width=\"3285\"\/><\/picture><figcaption class=\"article-figcaption-img\">Germ\u00e1n Portanova es el entrenador de la selecci\u00f3n argentina de f\u00fatbol femenino (REUTERS\/David Rowland)<\/figcaption><\/div>\n<p class=\"paragraph\"><b>LAS CONVOCADAS DE LA SELECCI\u00d3N ARGENTINA PARA LA FECHA DE LIGA DE NACIONES CONMEBOL<\/b>:<\/p>\n<p class=\"paragraph\"><b>Arqueras:<\/b><\/p>\n<ul data-icon=\"\u2b24\" class=\"list\">\n<li data-icon=\"\u2b24\"><span>Milagros Vargas &#8211; Belgrano<\/span><\/li>\n<li data-icon=\"\u2b24\"><span>Agostina Holzheier &#8211; Racing<\/span><\/li>\n<li data-icon=\"\u2b24\"><span>Solana Pereyra &#8211; San Lorenzo<\/span><\/li>\n<\/ul>\n<p class=\"paragraph\"><b>Defensoras:<\/b><\/p>\n<ul data-icon=\"\u2b24\" class=\"list\">\n<li data-icon=\"\u2b24\"><span>Aldana Cometti &#8211; FC Fleury 91<\/span><\/li>\n<li data-icon=\"\u2b24\"><span>Florencia Bonsegundo &#8211; Sporting CP Lisboa<\/span><\/li>\n<li data-icon=\"\u2b24\"><span>Eliana Stabile &#8211; Boca Juniors<\/span><\/li>\n<li data-icon=\"\u2b24\"><span>Vanina Preininger &#8211; San Lorenzo<\/span><\/li>\n<li data-icon=\"\u2b24\"><span>Daiana Falf\u00e1n &#8211; Dux Logro\u00f1o<\/span><\/li>\n<li data-icon=\"\u2b24\"><span>Lara Esponda &#8211; River Plate<\/span><\/li>\n<li data-icon=\"\u2b24\"><span>Sophia Braun &#8211; Spokane Zephyr FC<\/span><\/li>\n<li data-icon=\"\u2b24\"><span>Kishi N\u00fa\u00f1ez &#8211; Boca Juniors<\/span><\/li>\n<li data-icon=\"\u2b24\"><span>Paulina Gramaglia &#8211; CD Tenerife<\/span><\/li>\n<li data-icon=\"\u2b24\"><span>Margarita Gim\u00e9nez &#8211; FC Badalona<\/span><\/li>\n<li data-icon=\"\u2b24\"><span>Virginia G\u00f3mez &#8211; San Lorenzo<\/span><\/li>\n<li data-icon=\"\u2b24\"><span>Carolina Ceniza &#8211; River Plate<\/span><\/li>\n<\/ul>\n<p class=\"paragraph\"><b>Mediocampistas:<\/b><\/p>\n<ul data-icon=\"\u2b24\" class=\"list\">\n<li data-icon=\"\u2b24\"><span>Yamila Rodr\u00edguez &#8211; Gremio<\/span><\/li>\n<li data-icon=\"\u2b24\"><span>Adriana Sachs &#8211; Racing<\/span><\/li>\n<li data-icon=\"\u2b24\"><span>Juana Fonseca &#8211; San Lorenzo<\/span><\/li>\n<li data-icon=\"\u2b24\"><span>Abril Reche &#8211; Racing<\/span><\/li>\n<li data-icon=\"\u2b24\"><span>Agustina Vargas &#8211; Newell\u2019s Old Boys<\/span><\/li>\n<li data-icon=\"\u2b24\"><span>Annika Paz &#8211; River Plate<\/span><\/li>\n<li data-icon=\"\u2b24\"><span>Priscila Siben &#8211; Boca Juniors<\/span><\/li>\n<li data-icon=\"\u2b24\"><span>Dalma Mancilla &#8211; Belgrano<\/span><\/li>\n<li data-icon=\"\u2b24\"><span>Crisely Pav\u00f3n &#8211; Belgrano<\/span><\/li>\n<\/ul>\n<p class=\"paragraph\"><b>Delanteras:<\/b><\/p>\n<ul data-icon=\"\u2b24\" class=\"list\">\n<li data-icon=\"\u2b24\"><span>Milagros Martin &#8211; CD Tenerife<\/span><\/li>\n<li data-icon=\"\u2b24\"><span>Sof\u00eda Dom\u00ednguez &#8211; FC Basel<\/span><\/li>\n<\/ul>\n<\/div>\n<p><script defer=\"\">try{!function(f,b,e,v,n,t,s) {if(f.fbq)return;n=f.fbq=function(){n.callMethod? n.callMethod.apply(n,arguments):n.queue.push(arguments)}; if(!f._fbq)f._fbq=n;n.push=n;n.loaded=!0;n.version='2.0'; n.queue=[];t=b.createElement(e);t.async=!0; t.src=v;s=b.getElementsByTagName(e)[0]; s.parentNode.insertBefore(t,s)}(window, document,'script', ' fbq('init', '336383993555320'); fbq('track', 'PageView'); fbq('track', 'ViewContent');}catch(error){console.log(\"Error al inicializar facebookPixelRawCodeScript:\",error);}<\/script><\/p>\n","protected":false},"excerpt":{"rendered":"<p>La selecci\u00f3n argentina de f\u00fatbol debutar\u00e1 ante Paraguay en la Liga de Naciones de Conmebol (@Argentina) Se pone en marcha la primera edici\u00f3n de la Liga de Naciones Femenina (LNF), el torneo de selecciones que organiza la Confederaci\u00f3n Sudamericana de F\u00fatbol (Conmebol) para determinar a los dos equipos que obtendr\u00e1n la plaza directa a la [&hellip;]<\/p>\n","protected":false},"author":2,"featured_media":54204,"comment_status":"","ping_status":"","sticky":false,"template":"","format":"standard","meta":{"footnotes":""},"categories":[2],"tags":[],"_links":{"self":[{"href":"https:\/\/maxradio923.com.ar\/index.php\/wp-json\/wp\/v2\/posts\/54203"}],"collection":[{"href":"https:\/\/maxradio923.com.ar\/index.php\/wp-json\/wp\/v2\/posts"}],"about":[{"href":"https:\/\/maxradio923.com.ar\/index.php\/wp-json\/wp\/v2\/types\/post"}],"author":[{"embeddable":true,"href":"https:\/\/maxradio923.com.ar\/index.php\/wp-json\/wp\/v2\/users\/2"}],"replies":[{"embeddable":true,"href":"https:\/\/maxradio923.com.ar\/index.php\/wp-json\/wp\/v2\/comments?post=54203"}],"version-history":[{"count":0,"href":"https:\/\/maxradio923.com.ar\/index.php\/wp-json\/wp\/v2\/posts\/54203\/revisions"}],"wp:featuredmedia":[{"embeddable":true,"href":"https:\/\/maxradio923.com.ar\/index.php\/wp-json\/wp\/v2\/media\/54204"}],"wp:attachment":[{"href":"https:\/\/maxradio923.com.ar\/index.php\/wp-json\/wp\/v2\/media?parent=54203"}],"wp:term":[{"taxonomy":"category","embeddable":true,"href":"https:\/\/maxradio923.com.ar\/index.php\/wp-json\/wp\/v2\/categories?post=54203"},{"taxonomy":"post_tag","embeddable":true,"href":"https:\/\/maxradio923.com.ar\/index.php\/wp-json\/wp\/v2\/tags?post=54203"}],"curies":[{"name":"wp","href":"https:\/\/api.w.org\/{rel}","templated":true}]}}