{"id":54199,"date":"2025-10-24T09:38:09","date_gmt":"2025-10-24T12:38:09","guid":{"rendered":"https:\/\/maxradio923.com.ar\/index.php\/2025\/10\/24\/1220jones-huala-volvio-a-iniciar-una-huelga-de-hambre-porque-le-justicia-revirtio-el-permiso-para-que-lo-trasladen-a-una-carcel-de-seguridad-media\/"},"modified":"2025-10-24T09:38:09","modified_gmt":"2025-10-24T12:38:09","slug":"1220jones-huala-volvio-a-iniciar-una-huelga-de-hambre-porque-le-justicia-revirtio-el-permiso-para-que-lo-trasladen-a-una-carcel-de-seguridad-media","status":"publish","type":"post","link":"https:\/\/maxradio923.com.ar\/index.php\/2025\/10\/24\/1220jones-huala-volvio-a-iniciar-una-huelga-de-hambre-porque-le-justicia-revirtio-el-permiso-para-que-lo-trasladen-a-una-carcel-de-seguridad-media\/","title":{"rendered":"12:20Jones Huala volvi\u00f3 a iniciar una huelga de hambre porque le Justicia revirti\u00f3 el permiso para que lo trasladen a una c\u00e1rcel de seguridad media"},"content":{"rendered":"<p><\/p>\n<h2 class=\"article-subheadline text_align_left\">La Justicia Federal hab\u00eda admitido el pedido para que el mapuche fuera reubicado en otra unidad carcelaria, pero modific\u00f3 la decisi\u00f3n luego de que el Ministerio de Seguridad de la Naci\u00f3n se opusiera a la medida <\/h2>\n<p><\/p>\n<p class=\"paragraph\">La <b>Justicia Federal retrotrajo la autorizaci\u00f3n<\/b> que le hab\u00eda otorgado al l\u00edder de la Resistencia Ancestral Mapuche (RAM) <b>Facundo Jones Huala<\/b> a una <b>c\u00e1rcel de seguridad media<\/b> y ahora le neg\u00f3 el traslado, a partir de la oposici\u00f3n que plante\u00f3 el Ministerio de Seguridad de la Naci\u00f3n a la derivaci\u00f3n.<\/p>\n<p><\/p>\n<p class=\"paragraph\">La manda gener\u00f3 la suspensi\u00f3n, por parte del convicto, de abandonar la huelga de hambre l\u00edquida que hab\u00eda iniciado como m\u00e9todo de reclamo para obtener su traslado.<\/p>\n<p><\/p>\n<p class=\"paragraph\">Sin embargo <b>el Ministerio de Seguridad de la Naci\u00f3n, a trav\u00e9s de la Direcci\u00f3n Correccional, se opuso al traslado<\/b>, argumentando que la dependencia de Esquel no cuenta con las medidas de seguridad necesarias para alojar al l\u00edder de la RAM, a quien <b>consideran un detenido \u201cpeligroso\u201d<\/b>.<\/p>\n<p><\/p>\n<p class=\"paragraph\">Esa sugerencia oficial alter\u00f3 la decisi\u00f3n del <b>juez Gustavo Zapata<\/b>, quien cambi\u00f3 de opini\u00f3n y rechaz\u00f3 el traslado, afirmando que la opini\u00f3n del Consejo Correccional \u2013 que eval\u00faa la conducta de los internos &#8211; es prioritaria.<\/p>\n<p><\/p>\n<p class=\"paragraph\">A partir del cambio, <b>Jones Huala retom\u00f3 la huelga de hambre <\/b>(s\u00f3lo ingiere l\u00edquidos) y a trav\u00e9s de su defensa asegur\u00f3 que la va a <b>sostener por tiempo indefinido<\/b>, hasta obtener la autorizaci\u00f3n a su traslado.<\/p>\n<p><\/p>\n<p class=\"paragraph\">El mapuche est\u00e1 <b>detenido de forma preventiva desde junio pasado<\/b>, luego de ser denunciado por supuesta Asociaci\u00f3n il\u00edcita calificada, luego de justificar el uso de m\u00e9todos violentos para la defensa de la causa mapuche, durante la presentaci\u00f3n de su libro \u201cEntre Rejas Antipoes\u00eda incendiaria\u201d.<\/p>\n","protected":false},"excerpt":{"rendered":"<p>La Justicia Federal hab\u00eda admitido el pedido para que el mapuche fuera reubicado en otra unidad carcelaria, pero modific\u00f3 la decisi\u00f3n luego de que el Ministerio de Seguridad de la Naci\u00f3n se opusiera a la medida La Justicia Federal retrotrajo la autorizaci\u00f3n que le hab\u00eda otorgado al l\u00edder de la Resistencia Ancestral Mapuche (RAM) Facundo [&hellip;]<\/p>\n","protected":false},"author":2,"featured_media":54200,"comment_status":"","ping_status":"","sticky":false,"template":"","format":"standard","meta":{"footnotes":""},"categories":[12],"tags":[],"_links":{"self":[{"href":"https:\/\/maxradio923.com.ar\/index.php\/wp-json\/wp\/v2\/posts\/54199"}],"collection":[{"href":"https:\/\/maxradio923.com.ar\/index.php\/wp-json\/wp\/v2\/posts"}],"about":[{"href":"https:\/\/maxradio923.com.ar\/index.php\/wp-json\/wp\/v2\/types\/post"}],"author":[{"embeddable":true,"href":"https:\/\/maxradio923.com.ar\/index.php\/wp-json\/wp\/v2\/users\/2"}],"replies":[{"embeddable":true,"href":"https:\/\/maxradio923.com.ar\/index.php\/wp-json\/wp\/v2\/comments?post=54199"}],"version-history":[{"count":0,"href":"https:\/\/maxradio923.com.ar\/index.php\/wp-json\/wp\/v2\/posts\/54199\/revisions"}],"wp:featuredmedia":[{"embeddable":true,"href":"https:\/\/maxradio923.com.ar\/index.php\/wp-json\/wp\/v2\/media\/54200"}],"wp:attachment":[{"href":"https:\/\/maxradio923.com.ar\/index.php\/wp-json\/wp\/v2\/media?parent=54199"}],"wp:term":[{"taxonomy":"category","embeddable":true,"href":"https:\/\/maxradio923.com.ar\/index.php\/wp-json\/wp\/v2\/categories?post=54199"},{"taxonomy":"post_tag","embeddable":true,"href":"https:\/\/maxradio923.com.ar\/index.php\/wp-json\/wp\/v2\/tags?post=54199"}],"curies":[{"name":"wp","href":"https:\/\/api.w.org\/{rel}","templated":true}]}}